{"id":254856,"date":"2025-11-25T10:38:10","date_gmt":"2025-11-25T10:38:10","guid":{"rendered":"https:\/\/www.europesays.com\/es\/254856\/"},"modified":"2025-11-25T10:38:10","modified_gmt":"2025-11-25T10:38:10","slug":"que-se-rodee-de-gente-que-le-ayude-de-verdad","status":"publish","type":"post","link":"https:\/\/www.europesays.com\/es\/254856\/","title":{"rendered":"Que se rodee de gente que le ayude de verdad"},"content":{"rendered":"<p class=\"c-paragraph\">Poco m\u00e1s de un a\u00f1o ha pasado desde que <a href=\"https:\/\/www.20minutos.es\/tags\/deportes\/rafa-nadal.html\" title=\"Rafa Nadal\" rel=\"nofollow noopener\" target=\"_blank\">Rafa Nada<\/a>l dejase el tenis profesional despu\u00e9s de que Espa\u00f1a quedara eliminada de la Copa Davis ante Pa\u00edses Bajos. El extenista, que ha cosechado numerosos \u00e9xitos a lo largo de su carrera deportiva y tambi\u00e9n ha atravesado momentos complicados ha querido dar un consejo,<b> desde su experiencia, al jugador del <a href=\"https:\/\/www.20minutos.es\/tags\/deportes\/fc-barcelona.html\" title=\"FC Barcelona\" rel=\"nofollow noopener\" target=\"_blank\">FC Barcelona<\/a>, <a href=\"https:\/\/www.20minutos.es\/tags\/deportes\/lamine-yamal.html\" title=\"Lamine Yamal\" rel=\"nofollow noopener\" target=\"_blank\">Lamine Yamal.\u00a0<\/a><\/b><\/p>\n<p class=\"c-paragraph\">Jorge Valdano ha preguntado a Nadal, quien sabe c\u00f3mo gestionar la fama desde muy joven, en su programa en Movistar+ emitido este lunes, sobre qu\u00e9 consejo le dar\u00eda al joven futbolista del Bar\u00e7a.<b>\u00a0\u00abQue se rodee de gente que le ayude de verdad, gente que quiera lo mejor para \u00e9l. <\/b>Espero que \u00e9l sea lo suficientemente inteligente para escuchar las cosas que a veces los personajes de \u00e9xito no queremos escuchar.\u00a0A veces no es f\u00e1cil escuchar cuando eres un personaje de much\u00edsimo \u00e9xito, pero tienes que encontrar tu vuelta a la vida real. Esto es algo importante para alguien como \u00e9l, que es tan joven\u00bb, indic\u00f3.\u00a0<\/p>\n<p class=\"c-paragraph\">\u00abHay muchas formas de llegar al \u00e9xito, y la manera en la que lo toleras y convives con \u00e9l te puede hacer una persona equilibrada y<b> feliz o te puede terminar haciendo una persona infeliz\u00bb, prosigui\u00f3.\u00a0<\/b><\/p>\n<p class=\"c-paragraph\">A sus tan solo 18 a\u00f1os, <b>Lamine Yamal es la estrella del Bar\u00e7a y de la selecci\u00f3n,<\/b> as\u00ed como uno de los mejores jugadores actuales del mundo, habi\u00e9ndose quedado a las puertas de ganar el <a href=\"https:\/\/www.20minutos.es\/tags\/deportes\/balon-de-oro.html\" title=\"Bal\u00f3n de oro\" rel=\"nofollow noopener\" target=\"_blank\">Bal\u00f3n de Oro <\/a>el curso pasado. No obstante, tambi\u00e9n un jugador que est\u00e1 constantemente en el foco medi\u00e1tico, por sus pol\u00e9micas tanto deportivas como extradeportivas, algo que puede llegar a jugar en su contra.\u00a0<\/p>\n<p class=\"c-paragraph\">En la entrevista, Nadal tambi\u00e9n analiz\u00f3 la situaci\u00f3n entre Xabi Alonso y Vin\u00edcius en el Real Madrid: \u00abCreo que se arregla hablando, desde el entendimiento. <b>Vini tiene que entender qui\u00e9n es la autoridad y respetarla,<\/b> y tambi\u00e9n al club, por lo que representa ser jugador del Real Madrid. \u00c9l lo hace en el sentido de esforzarse al m\u00e1ximo, y esas cosas que salen de \u00e9l, que a veces no gustan, se pueden corregir desde el di\u00e1logo y desde una concienciaci\u00f3n de que las cosas se pueden mejorar\u00bb, apunt\u00f3.<\/p>\n<p class=\"c-paragraph\">El ganador de 22 Grand Slam adem\u00e1s ha desvelado c\u00f3mo fue el momento de su retirada. \u00abEstaba preparado porque apur\u00e9 mis opciones hasta el final. El hecho de haber apurado hasta el final todas las opciones reales que ten\u00eda, de seguir compitiendo al nivel que a m\u00ed me habr\u00eda gustado, me dio el convencimiento y la tranquilidad de terminar en paz,\u00a0<b><b>y convencido de que era la decisi\u00f3n que ten\u00eda que tomar porque no hab\u00eda m\u00e1s.<\/b><\/b>\u00a0El tanque estaba ya sin nada\u00bb, ha explicado.\u00a0<\/p>\n","protected":false},"excerpt":{"rendered":"Poco m\u00e1s de un a\u00f1o ha pasado desde que Rafa Nadal dejase el tenis profesional despu\u00e9s de que&hellip;\n","protected":false},"author":2,"featured_media":254857,"comment_status":"","ping_status":"","sticky":false,"template":"","format":"standard","meta":{"footnotes":""},"categories":[274],"tags":[1576,168,25,24,11680,3489,12830,23,167,327,326,14780],"class_list":{"0":"post-254856","1":"post","2":"type-post","3":"status-publish","4":"format-standard","5":"has-post-thumbnail","7":"category-tenis","8":"tag-consejo","9":"tag-deportes","10":"tag-es","11":"tag-espana","12":"tag-lamine","13":"tag-nadal","14":"tag-rafa","15":"tag-spain","16":"tag-sports","17":"tag-tenis","18":"tag-tennis","19":"tag-yamal"},"share_on_mastodon":{"url":"https:\/\/pubeurope.com\/@es\/115609908360800580","error":""},"_links":{"self":[{"href":"https:\/\/www.europesays.com\/es\/wp-json\/wp\/v2\/posts\/254856","targetHints":{"allow":["GET"]}}],"collection":[{"href":"https:\/\/www.europesays.com\/es\/wp-json\/wp\/v2\/posts"}],"about":[{"href":"https:\/\/www.europesays.com\/es\/wp-json\/wp\/v2\/types\/post"}],"author":[{"embeddable":true,"href":"https:\/\/www.europesays.com\/es\/wp-json\/wp\/v2\/users\/2"}],"replies":[{"embeddable":true,"href":"https:\/\/www.europesays.com\/es\/wp-json\/wp\/v2\/comments?post=254856"}],"version-history":[{"count":0,"href":"https:\/\/www.europesays.com\/es\/wp-json\/wp\/v2\/posts\/254856\/revisions"}],"wp:featuredmedia":[{"embeddable":true,"href":"https:\/\/www.europesays.com\/es\/wp-json\/wp\/v2\/media\/254857"}],"wp:attachment":[{"href":"https:\/\/www.europesays.com\/es\/wp-json\/wp\/v2\/media?parent=254856"}],"wp:term":[{"taxonomy":"category","embeddable":true,"href":"https:\/\/www.europesays.com\/es\/wp-json\/wp\/v2\/categories?post=254856"},{"taxonomy":"post_tag","embeddable":true,"href":"https:\/\/www.europesays.com\/es\/wp-json\/wp\/v2\/tags?post=254856"}],"curies":[{"name":"wp","href":"https:\/\/api.w.org\/{rel}","templated":true}]}}