{"id":254858,"date":"2025-11-25T10:39:09","date_gmt":"2025-11-25T10:39:09","guid":{"rendered":"https:\/\/www.europesays.com\/es\/254858\/"},"modified":"2025-11-25T10:39:09","modified_gmt":"2025-11-25T10:39:09","slug":"fernando-gaviria-correra-en-caja-rural-seguros-rga-team-caja-rural","status":"publish","type":"post","link":"https:\/\/www.europesays.com\/es\/254858\/","title":{"rendered":"Fernando Gaviria correr\u00e1 en Caja Rural-Seguros RGA &#8211; Team Caja Rural"},"content":{"rendered":"<p class=\"encabezado\">Uno de los velocistas m\u00e1s laureados del panorama mundial formar\u00e1 parte la pr\u00f3xima temporada del conjunto Caja Rural-Seguros RGA. El colombiano Fernando Gaviria (La Ceja, 1994) llega a la formaci\u00f3n espa\u00f1ola despu\u00e9s de coleccionar m\u00e1s de cincuenta victorias como profesional y de brillar y triunfar en las pruebas por etapas m\u00e1s importantes del calendario.<\/p>\n<p>Toda una d\u00e9cada formando parte de varios de los equipos WT m\u00e1s relevantes del pelot\u00f3n con los que lleg\u00f3 a ganar dos etapas del <strong>Tour de Francia<\/strong> y cinco del <strong>Giro de Italia<\/strong>, donde ademas se enfund\u00f3 una maglia ciclamino.<\/p>\n<p>Gaviria se convierte as\u00ed en una pieza importante dentro de la formaci\u00f3n verde, donde partir\u00e1 con los galones de velocista junto al portugu\u00e9s<strong> I\u00fari Leit\u00e3o<\/strong>. Juntos se encargar\u00e1n de dar presencia al equipo en las numerosas llegadas masivas que salpican las diferentes pruebas que componen el calendario de <strong>Caja Rural-Seguros RGA<\/strong>, buscando sumar victorias a la par que conseguir el mayor n\u00famero de puntos UCI posible, objetivo fundamental para mantenerse entre las escuadras con opciones para participar cada a\u00f1o en las grandes vueltas.<\/p>\n<p>Del mismo modo, el sprinter sudamericano aportar\u00e1 toda la <strong>experiencia<\/strong> adquirida a lo largo de su carrera dentro de un bloque donde m\u00e1s de la mitad de la plantilla a\u00fan no ha cumplido los 25 a\u00f1os. Con mucho ciclismo a\u00fan por delante, a pesar de venir de una temporada dif\u00edcil, Gaviria conf\u00eda en cumplir con sus objetivos y los de Caja Rural-Seguros RGA en <strong>un 2026 plagado de retos ilusionantes<\/strong>.<\/p>\n<p><strong>Fernando Gaviria<\/strong>: \u201cLo que m\u00e1s me motiv\u00f3 a unirme a Caja Rural\u2013Seguros RGA fue la conversaci\u00f3n que mantuve con ellos, en la que percib\u00ed una gran ilusi\u00f3n por mi incorporaci\u00f3n. Me pareci\u00f3 una oportunidad muy interesante y conf\u00edo en dar lo mejor de m\u00ed.<\/p>\n<p>De cara a la pr\u00f3xima temporada, mi objetivo es trabajar bien, ayudar al equipo en todo lo que pueda e intentar lograr victorias. Disputar una gran vuelta ser\u00eda especial y en el caso de La Vuelta a Espa\u00f1a, poder luchar por conseguir el triplete de victorias en grandes vueltas ser\u00eda realmente emocionante\u201d.<\/p>\n","protected":false},"excerpt":{"rendered":"Uno de los velocistas m\u00e1s laureados del panorama mundial formar\u00e1 parte la pr\u00f3xima temporada del conjunto Caja Rural-Seguros&hellip;\n","protected":false},"author":2,"featured_media":254859,"comment_status":"","ping_status":"","sticky":false,"template":"","format":"standard","meta":{"footnotes":""},"categories":[273],"tags":[313,312,168,25,24,23,167],"class_list":{"0":"post-254858","1":"post","2":"type-post","3":"status-publish","4":"format-standard","5":"has-post-thumbnail","7":"category-ciclismo","8":"tag-ciclismo","9":"tag-cycling","10":"tag-deportes","11":"tag-es","12":"tag-espana","13":"tag-spain","14":"tag-sports"},"share_on_mastodon":{"url":"https:\/\/pubeurope.com\/@es\/115609912140991213","error":""},"_links":{"self":[{"href":"https:\/\/www.europesays.com\/es\/wp-json\/wp\/v2\/posts\/254858","targetHints":{"allow":["GET"]}}],"collection":[{"href":"https:\/\/www.europesays.com\/es\/wp-json\/wp\/v2\/posts"}],"about":[{"href":"https:\/\/www.europesays.com\/es\/wp-json\/wp\/v2\/types\/post"}],"author":[{"embeddable":true,"href":"https:\/\/www.europesays.com\/es\/wp-json\/wp\/v2\/users\/2"}],"replies":[{"embeddable":true,"href":"https:\/\/www.europesays.com\/es\/wp-json\/wp\/v2\/comments?post=254858"}],"version-history":[{"count":0,"href":"https:\/\/www.europesays.com\/es\/wp-json\/wp\/v2\/posts\/254858\/revisions"}],"wp:featuredmedia":[{"embeddable":true,"href":"https:\/\/www.europesays.com\/es\/wp-json\/wp\/v2\/media\/254859"}],"wp:attachment":[{"href":"https:\/\/www.europesays.com\/es\/wp-json\/wp\/v2\/media?parent=254858"}],"wp:term":[{"taxonomy":"category","embeddable":true,"href":"https:\/\/www.europesays.com\/es\/wp-json\/wp\/v2\/categories?post=254858"},{"taxonomy":"post_tag","embeddable":true,"href":"https:\/\/www.europesays.com\/es\/wp-json\/wp\/v2\/tags?post=254858"}],"curies":[{"name":"wp","href":"https:\/\/api.w.org\/{rel}","templated":true}]}}