{"id":254860,"date":"2025-11-25T10:41:16","date_gmt":"2025-11-25T10:41:16","guid":{"rendered":"https:\/\/www.europesays.com\/es\/254860\/"},"modified":"2025-11-25T10:41:16","modified_gmt":"2025-11-25T10:41:16","slug":"real-madrid-y-unicaja-campeones-del-xvi-torneo-fundacion-leucemia-y-linfoma","status":"publish","type":"post","link":"https:\/\/www.europesays.com\/es\/254860\/","title":{"rendered":"Real Madrid y Unicaja, campeones del XVI Torneo Fundaci\u00f3n Leucemia y Linfoma"},"content":{"rendered":"<p>Los blancos conquistaron el torneo masculino con una clara victoria sobre el<br \/>Unicaja; en la final femenina, las malague\u00f1as pudieron con el Jansen BT<\/p>\n<p>Es una de las grandes citas del baloncesto de cantera madrile\u00f1o y nacional. El Torneo Fundaci\u00f3n Leucemia y Linfoma para equipos cadetes de primer a\u00f1o celebr\u00f3 su XVI edici\u00f3n los d\u00edas 21, 22 y 23 de noviembre en el CDM Tri\u00e1ngulo de Oro. Un torneo que cuenta con la colaboraci\u00f3n de la Federaci\u00f3n de Baloncesto de Madrid y por el que han pasado estrellas como Domantas Sabonis, Luka Doncic, Usman Garuba o Hugo Gonz\u00e1lez.<\/p>\n<p>El Real Madrid volvi\u00f3 a dejar su sello de calidad. Los blancos ya han conquistado doce de las quince ediciones en pista (la de 2020, en plena pandemia, se celebr\u00f3 en formato de e-sports). Bajo la direcci\u00f3n de Andr\u00e9s Rico, que ya jug\u00f3 (y gan\u00f3) el torneo en 2011, y con jugadores de enorme proyecci\u00f3n como Abdelkerim Souleymane (MVP de la final), el lituano Jonas Birzinis o Airam Alonso, el Madrid super\u00f3 en la final al Unicaja por un claro 113-55. Antes, los blancos vencieron en la fase de grupos al Baloncesto Alcobendas (88-61) y el Joventut (61-101).<\/p>\n<p>Tras Real Madrid y Unicaja, termin\u00f3 el Baloncesto Alcobendas, que en el emocionante duelo por el bronce pudo con una notable selecci\u00f3n infantil de Madrid por 73-72. El cuadro masculino se complet\u00f3 con el Joventut de Badalona y la Laso Academy.<\/p>\n<p>Si el Real Madrid prolong\u00f3 su dominio en el Torneo FLL masculino, el femenino tiene un nuevo campe\u00f3n. El Unicaja sucedi\u00f3 en el palmar\u00e9s al Movistar Estudiantes (campe\u00f3n en las cuatro primeras ediciones) gracias a su victoria en la final sobre el Jansen BT por 69-58. En las seminales del s\u00e1bado, el Unicaja pudo con la selecci\u00f3n infantil de Madrid y el Jansen BT con el Baloncesto Alcobendas.<\/p>\n<p>Resultados aparte, el Torneo FLL volvi\u00f3 a cumplir sus objetivos solidarios. Los equipos participantes recibieron charlas informativas del Equipo M\u00e9dula del Centro de Transfusi\u00f3n de la Comunidad de Madrid sobre el trasplante de m\u00e9dula \u00f3sea, un sencillo gesto que puede salvar vidas, y todo lo recaudado en las rifas y sorteos ir\u00e1 destinado a la labor de la Fundaci\u00f3n Leucemia y Linfoma en su labor de apoyo a pacientes y familiares.<\/p>\n<p>\t\t\t\t\t\t<a href=\"https:\/\/www.gigantes.com\/tienda\/\" target=\"_blank\" rel=\"noopener nofollow\"><br \/>\n\t\t\t\t\t\t\t<img decoding=\"async\" src=\"https:\/\/www.europesays.com\/es\/wp-content\/uploads\/2025\/11\/cropped-40.jpg\" alt=\"cropped-40.jpg\"\/><br \/>\n\t\t\t\t\t\t<\/a><\/p>\n<p class=\"magazine-description\">Testigos del baloncesto. Cumplimos 40 a\u00f1os. Una edici\u00f3n diferente, llena de curiosidades, opiniones, gui\u00f1os, historia y cari\u00f1o. Cuatro d\u00e9cadas fusionando basket y papel.<\/p>\n<p>\t\t\t\t\t<a href=\"https:\/\/www.gigantes.com\/tienda\/\" class=\"btn-primary\" target=\"_blank\" rel=\"noopener nofollow\">Comprar<\/a><\/p>\n","protected":false},"excerpt":{"rendered":"Los blancos conquistaron el torneo masculino con una clara victoria sobre elUnicaja; en la final femenina, las malague\u00f1as&hellip;\n","protected":false},"author":2,"featured_media":254861,"comment_status":"","ping_status":"","sticky":false,"template":"","format":"standard","meta":{"footnotes":""},"categories":[269],"tags":[299,298,168,25,24,23,167],"class_list":{"0":"post-254860","1":"post","2":"type-post","3":"status-publish","4":"format-standard","5":"has-post-thumbnail","7":"category-baloncesto","8":"tag-baloncesto","9":"tag-basketball","10":"tag-deportes","11":"tag-es","12":"tag-espana","13":"tag-spain","14":"tag-sports"},"share_on_mastodon":{"url":"https:\/\/pubeurope.com\/@es\/115609920454444496","error":""},"_links":{"self":[{"href":"https:\/\/www.europesays.com\/es\/wp-json\/wp\/v2\/posts\/254860","targetHints":{"allow":["GET"]}}],"collection":[{"href":"https:\/\/www.europesays.com\/es\/wp-json\/wp\/v2\/posts"}],"about":[{"href":"https:\/\/www.europesays.com\/es\/wp-json\/wp\/v2\/types\/post"}],"author":[{"embeddable":true,"href":"https:\/\/www.europesays.com\/es\/wp-json\/wp\/v2\/users\/2"}],"replies":[{"embeddable":true,"href":"https:\/\/www.europesays.com\/es\/wp-json\/wp\/v2\/comments?post=254860"}],"version-history":[{"count":0,"href":"https:\/\/www.europesays.com\/es\/wp-json\/wp\/v2\/posts\/254860\/revisions"}],"wp:featuredmedia":[{"embeddable":true,"href":"https:\/\/www.europesays.com\/es\/wp-json\/wp\/v2\/media\/254861"}],"wp:attachment":[{"href":"https:\/\/www.europesays.com\/es\/wp-json\/wp\/v2\/media?parent=254860"}],"wp:term":[{"taxonomy":"category","embeddable":true,"href":"https:\/\/www.europesays.com\/es\/wp-json\/wp\/v2\/categories?post=254860"},{"taxonomy":"post_tag","embeddable":true,"href":"https:\/\/www.europesays.com\/es\/wp-json\/wp\/v2\/tags?post=254860"}],"curies":[{"name":"wp","href":"https:\/\/api.w.org\/{rel}","templated":true}]}}