{"id":254888,"date":"2025-11-25T11:01:10","date_gmt":"2025-11-25T11:01:10","guid":{"rendered":"https:\/\/www.europesays.com\/es\/254888\/"},"modified":"2025-11-25T11:01:10","modified_gmt":"2025-11-25T11:01:10","slug":"la-reflexion-de-david-ferrer-tras-la-derrota-de-espana-en-la-copa-davis-tendremos-otra-oportunidad","status":"publish","type":"post","link":"https:\/\/www.europesays.com\/es\/254888\/","title":{"rendered":"La reflexi\u00f3n de David Ferrer tras la derrota de Espa\u00f1a en la Copa Davis: \u00abTendremos otra oportunidad&#8230;\u00bb"},"content":{"rendered":"<p class=\"L6-news-detail__text\">Espa\u00f1a se qued\u00f3 a las puertas de otro t\u00edtulo de la <b>Copa Davis<\/b>, que en este caso nadie esperaba. Porque sin <b><a title=\"Carlos Alcaraz\" href=\"https:\/\/www.lasexta.com\/noticias\/deportes\/tenis\/legendario-entrenador-desvela-que-esta-pasando-mismo-alcaraz-sinner-que-paso-nadal-federer_20251124692454f1df41134465e74d01.html\" target=\"_blank\" rel=\"nofollow noopener\">Carlos Alcaraz<\/a><\/b> parec\u00eda imposible, pero Espa\u00f1a se plant\u00f3 en las finales despu\u00e9s de dos eliminatorias incre\u00edbles y all\u00ed compiti\u00f3 contra Italia, la gran favorita desde el inicio.<\/p>\n<p class=\"L6-news-detail__text\">Por eso <b>David Ferrer<\/b>, en &#8216;AS&#8217;, se ha mostrado muy orgulloso: <b>\u00abEl orgullo pesa m\u00e1s que la pena, sin duda alguna.<\/b> Hay que estar muy orgullosos de lo que han hecho los chicos\u00bb.<\/p>\n<p class=\"L6-news-detail__text\">\u00abPor supuesto que <b>estamos tristes, porque era una oportunidad muy bonita para ganar la Davis<\/b>. Pero as\u00ed es el deporte, hemos dado todo lo que ten\u00edamos e Italia ha sido superior. Yo me quedo con que han luchado hasta el final. Es para estar muy orgulloso de este equipo\u00bb, indica el capit\u00e1n del equipo espa\u00f1ol.<\/p>\n<p class=\"L6-news-detail__text\">Est\u00e1 convencido de que la oportunidad volver\u00e1. Y lo har\u00e1 pronto. \u00abEl equipo tendr\u00e1 otra vez la oportunidad, y al final esto quiere decir que hay que seguir construyendo, seguir insistiendo.<b> Intentaremos estar aqu\u00ed en Bolonia, clasificar y estar aqu\u00ed para volver a gana<\/b>r la Copa Davis. Es dif\u00edcil, no lo s\u00e9. Ya se ver\u00e1, no pueden pasar muchas cosas\u00bb.<\/p>\n<p class=\"L6-news-detail__text\">\u00abSiempre, siempre hay que mejorar y siempre hay que evolucionar, siempre hay que ver la manera para que vengan los mejores jugadores. Buscar\u00e9 otra manera diferente para tener a los mejores\u00bb, explica el extenista espa\u00f1ol.<\/p>\n<p class=\"L6-news-detail__text\">Por \u00faltimo, se acuerda de Carlos Alcaraz y de su dolorosa ausencia por lesi\u00f3n: \u00abEste a\u00f1o cont\u00e1bamos con Carlos y al final pas\u00f3 esto. <b>Quiz\u00e1 con Carlos te sube el nivel del equipo\u00bb.<\/b><\/p>\n<p class=\"L6-support-news-video__title\">F\u00f3rmula 1 <\/p>\n<p>            <a href=\"https:\/\/www.lasexta.com\/noticias\/deportes\/motor\/formula1\/simulador-jugones-alguersuari-vuelta-circuito-vegas-williams-carlos-sainz_2025112169208f0edf41134465e3ebd3.html\" class=\"L6-news__link\" rel=\"nofollow noopener\" target=\"_blank\"><br \/>\n                Simulador Jugones: Alguersuari da una vuelta al circuito de Las Vegas con el Williams de Carlos Sainz <\/p>\n<p class=\"recirculation-video-desc\">El expiloto de F\u00f3rmula 1 ha analizado el trazado de la pen\u00faltima fecha de la temporada, un Gran Premio que trae buenos recuerdos a nuestro representante madrile\u00f1o en el &#8216;Gran Circo&#8217;.<\/p>\n<p>            <\/a><\/p>\n","protected":false},"excerpt":{"rendered":"Espa\u00f1a se qued\u00f3 a las puertas de otro t\u00edtulo de la Copa Davis, que en este caso nadie&hellip;\n","protected":false},"author":2,"featured_media":254889,"comment_status":"","ping_status":"","sticky":false,"template":"","format":"standard","meta":{"footnotes":""},"categories":[274],"tags":[168,25,24,23,167,327,326],"class_list":{"0":"post-254888","1":"post","2":"type-post","3":"status-publish","4":"format-standard","5":"has-post-thumbnail","7":"category-tenis","8":"tag-deportes","9":"tag-es","10":"tag-espana","11":"tag-spain","12":"tag-sports","13":"tag-tenis","14":"tag-tennis"},"share_on_mastodon":{"url":"https:\/\/pubeurope.com\/@es\/115609998826156264","error":""},"_links":{"self":[{"href":"https:\/\/www.europesays.com\/es\/wp-json\/wp\/v2\/posts\/254888","targetHints":{"allow":["GET"]}}],"collection":[{"href":"https:\/\/www.europesays.com\/es\/wp-json\/wp\/v2\/posts"}],"about":[{"href":"https:\/\/www.europesays.com\/es\/wp-json\/wp\/v2\/types\/post"}],"author":[{"embeddable":true,"href":"https:\/\/www.europesays.com\/es\/wp-json\/wp\/v2\/users\/2"}],"replies":[{"embeddable":true,"href":"https:\/\/www.europesays.com\/es\/wp-json\/wp\/v2\/comments?post=254888"}],"version-history":[{"count":0,"href":"https:\/\/www.europesays.com\/es\/wp-json\/wp\/v2\/posts\/254888\/revisions"}],"wp:featuredmedia":[{"embeddable":true,"href":"https:\/\/www.europesays.com\/es\/wp-json\/wp\/v2\/media\/254889"}],"wp:attachment":[{"href":"https:\/\/www.europesays.com\/es\/wp-json\/wp\/v2\/media?parent=254888"}],"wp:term":[{"taxonomy":"category","embeddable":true,"href":"https:\/\/www.europesays.com\/es\/wp-json\/wp\/v2\/categories?post=254888"},{"taxonomy":"post_tag","embeddable":true,"href":"https:\/\/www.europesays.com\/es\/wp-json\/wp\/v2\/tags?post=254888"}],"curies":[{"name":"wp","href":"https:\/\/api.w.org\/{rel}","templated":true}]}}