{"id":254905,"date":"2025-11-25T11:13:09","date_gmt":"2025-11-25T11:13:09","guid":{"rendered":"https:\/\/www.europesays.com\/es\/254905\/"},"modified":"2025-11-25T11:13:09","modified_gmt":"2025-11-25T11:13:09","slug":"un-analisis-sobre-millones-de-personas-confirma-que-la-vacuna-del-papiloma-previene-el-cancer","status":"publish","type":"post","link":"https:\/\/www.europesays.com\/es\/254905\/","title":{"rendered":"Un an\u00e1lisis sobre millones de personas confirma que la vacuna del papiloma previene el c\u00e1ncer"},"content":{"rendered":"<p style=\"\">Dos metaan\u00e1lisis de la <a href=\"https:\/\/www.cochrane.org\/es\/evidence\" target=\"_self\" data-voc-vtm-id=\"in-text-traffic\" title=\"Colaboraci\u00f3n Cochrane\" data-mrf-link=\"www.cochrane.org\" rel=\"nofollow noopener\">Colaboraci\u00f3n Cochrane<\/a>, que re\u00fanen datos de 60 ensayos cl\u00ednicos y 225 estudios observacionales con m\u00e1s de 132 millones de personas, ratifican que la vacunaci\u00f3n frente al virus del papiloma humano (VPH) es segura y altamente efectiva para prevenir el c\u00e1ncer  &#8230; de cuello del \u00fatero. Las conclusiones refuerzan las recomendaciones internacionales de vacunar tanto a ni\u00f1as como a ni\u00f1os antes de los 16 a\u00f1os.<\/p>\n<p class=\"voc-p\" style=\"\">Las nuevas revisiones, respaldadas por el <a href=\"https:\/\/www.nihr.ac.uk\/\" target=\"_self\" data-voc-vtm-id=\"in-text-traffic\" title=\"National Institute for Health and Care Research\" data-mrf-link=\"www.nihr.ac.uk\" rel=\"nofollow noopener\">National Institute for Health and Care Research<\/a> (NIHR) del Reino Unido, demuestran que las ni\u00f1as vacunadas antes de los 16 a\u00f1os presentan un 80% menos de riesgo de desarrollar c\u00e1ncer de cuello del \u00fatero en comparaci\u00f3n con las no vacunadas. Tambi\u00e9n se constata una reducci\u00f3n significativa de lesiones precancerosas (CIN2+ y CIN3+) y de verrugas anogenitales.<\/p>\n<p class=\"voc-p\" style=\"\">Los ensayos cl\u00ednicos incluidos, 157.414 participantes, muestran que vacunas como <strong>Cervarix, Gardasil y Gardasil-9 previenen eficazmente infecciones por tipos de VPH<\/strong> asociados al c\u00e1ncer y reducen la necesidad de tratamientos posteriores. Los efectos secundarios graves fueron infrecuentes y aparecieron en proporciones similares entre los grupos vacunados y los de control, predominando molestias leves como dolor en el lugar de la inyecci\u00f3n.<\/p>\n<p class=\"voc-p\" style=\"\">\u00abLas vacunas del VPH son muy efectivas para prevenir las infecciones que producen c\u00e1ncer, sin signos de problemas graves de seguridad\u00bb, afirma Hanna Bergman, coautora principal de la revisi\u00f3n cl\u00ednica.<\/p>\n<p class=\"voc-p\" style=\"\">La segunda revisi\u00f3n analiza datos del mundo real procedentes de m\u00e1s de 132 millones de personas en m\u00faltiples pa\u00edses. La vacunaci\u00f3n masiva se asocia con una reducci\u00f3n clara del c\u00e1ncer de cuello del \u00fatero y de sus lesiones precursoras, siendo el impacto m\u00e1s marcado entre quienes recibieron la vacuna antes de los 16 a\u00f1os.<\/p>\n<p class=\"voc-p\" style=\"\">La inmun\u00f3loga<strong> \u00c1frica Gonz\u00e1lez-Fern\u00e1ndez<\/strong>, catedr\u00e1tica de la <a href=\"https:\/\/www.uvigo.gal\/es\" target=\"_self\" data-voc-vtm-id=\"in-text-traffic\" title=\"Universidad de Vigo\" data-mrf-link=\"www.uvigo.gal\" rel=\"nofollow noopener\">Universidad de Vigo<\/a>, destaca que los resultados son \u00ababsolutamente claros e incontestables\u00bb.<\/p>\n<p class=\"voc-p\" style=\"\">En declaraciones a SMC sostiene que \u00abla vacuna frente al papiloma previene el desarrollo de c\u00e1ncer de \u00fatero y genitales. Es muy segura y lleva a\u00f1os administr\u00e1ndose con muy pocos efectos secundarios. Los bulos que surgieron en torno a ella no est\u00e1n avalados cient\u00edficamente\u00bb.<\/p>\n<p class=\"voc-p\" style=\"\">La experta recuerda que el descubrimiento del v\u00ednculo entre VPH y c\u00e1ncer, realizado por Harald zur Hausen, Premio Nobel en 2008, sent\u00f3 las bases para estas vacunas, que hoy son uno de los mayores logros en prevenci\u00f3n del c\u00e1ncer, junto con la vacuna frente al virus de la hepatitis B.<\/p>\n<p class=\"voc-p\" style=\"\">El an\u00e1lisis tambi\u00e9n descarta una relaci\u00f3n entre la vacunaci\u00f3n y eventos adversos graves, a menudo objeto de desinformaci\u00f3n en redes sociales. \u00abNo hay evidencia de una conexi\u00f3n real con la vacunaci\u00f3n\u00bb, destaca Nicholas Henschke, coautor del metaan\u00e1lisis.<\/p>\n<p class=\"voc-p\" style=\"\">Las <strong>revisiones Cochrane<\/strong> representan la evaluaci\u00f3n m\u00e1s completa hasta la fecha sobre la vacunaci\u00f3n frente al VPH y confirman su papel como herramienta de salud p\u00fablica esencial. Los expertos coinciden en que vacunar a ni\u00f1os y ni\u00f1as ampl\u00eda la protecci\u00f3n comunitaria y puede prevenir hasta cientos de miles de casos de c\u00e1ncer cada a\u00f1o.<\/p>\n<p class=\"voc-p\" style=\"\">No obstante, los autores advierten de la falta de estudios procedentes de pa\u00edses de ingresos medios y bajos, donde el c\u00e1ncer de cuello del \u00fatero es m\u00e1s prevalente y donde la vacunaci\u00f3n podr\u00eda tener un impacto a\u00fan mayor.<\/p>\n<p class=\"voc-p\" style=\"\">\u00ab<strong>Vacunar en la adolescencia temprana puede salvar vidas<\/strong>\u00bb, subraya Jo Morrison, investigadora en oncolog\u00eda ginecol\u00f3gica. \u00abCon el tiempo veremos tambi\u00e9n su repercusi\u00f3n en otros c\u00e1nceres relacionados con el VPH, incluidos los que afectan a los hombres\u00bb.<\/p>\n","protected":false},"excerpt":{"rendered":"Dos metaan\u00e1lisis de la Colaboraci\u00f3n Cochrane, que re\u00fanen datos de 60 ensayos cl\u00ednicos y 225 estudios observacionales con&hellip;\n","protected":false},"author":2,"featured_media":254906,"comment_status":"","ping_status":"","sticky":false,"template":"","format":"standard","meta":{"footnotes":""},"categories":[92],"tags":[1705,1066,1779,25,24,165,4724,4295,3477,8179,166,57,23,8177],"class_list":{"0":"post-254905","1":"post","2":"type-post","3":"status-publish","4":"format-standard","5":"has-post-thumbnail","7":"category-salud","8":"tag-analisis","9":"tag-cancer","10":"tag-confirma","11":"tag-es","12":"tag-espana","13":"tag-health","14":"tag-millones","15":"tag-papiloma","16":"tag-personas","17":"tag-previene","18":"tag-salud","19":"tag-sobre","20":"tag-spain","21":"tag-vacuna"},"share_on_mastodon":{"url":"https:\/\/pubeurope.com\/@es\/115610045948265887","error":""},"_links":{"self":[{"href":"https:\/\/www.europesays.com\/es\/wp-json\/wp\/v2\/posts\/254905","targetHints":{"allow":["GET"]}}],"collection":[{"href":"https:\/\/www.europesays.com\/es\/wp-json\/wp\/v2\/posts"}],"about":[{"href":"https:\/\/www.europesays.com\/es\/wp-json\/wp\/v2\/types\/post"}],"author":[{"embeddable":true,"href":"https:\/\/www.europesays.com\/es\/wp-json\/wp\/v2\/users\/2"}],"replies":[{"embeddable":true,"href":"https:\/\/www.europesays.com\/es\/wp-json\/wp\/v2\/comments?post=254905"}],"version-history":[{"count":0,"href":"https:\/\/www.europesays.com\/es\/wp-json\/wp\/v2\/posts\/254905\/revisions"}],"wp:featuredmedia":[{"embeddable":true,"href":"https:\/\/www.europesays.com\/es\/wp-json\/wp\/v2\/media\/254906"}],"wp:attachment":[{"href":"https:\/\/www.europesays.com\/es\/wp-json\/wp\/v2\/media?parent=254905"}],"wp:term":[{"taxonomy":"category","embeddable":true,"href":"https:\/\/www.europesays.com\/es\/wp-json\/wp\/v2\/categories?post=254905"},{"taxonomy":"post_tag","embeddable":true,"href":"https:\/\/www.europesays.com\/es\/wp-json\/wp\/v2\/tags?post=254905"}],"curies":[{"name":"wp","href":"https:\/\/api.w.org\/{rel}","templated":true}]}}