{"id":254912,"date":"2025-11-25T11:17:08","date_gmt":"2025-11-25T11:17:08","guid":{"rendered":"https:\/\/www.europesays.com\/es\/254912\/"},"modified":"2025-11-25T11:17:08","modified_gmt":"2025-11-25T11:17:08","slug":"maduro-dice-que-no-van-a-poder-con-venezuela-y-evita-hablar-sobre-el-cartel-de-los-soles","status":"publish","type":"post","link":"https:\/\/www.europesays.com\/es\/254912\/","title":{"rendered":"Maduro dice que \u00abno van a poder con Venezuela\u00bb y evita hablar sobre el C\u00e1rtel de los Soles"},"content":{"rendered":"<p class=\"L6-news-detail__text\">Nicol\u00e1s Maduro asegura que <b>\u00abno van a poder con Venezuela\u00bb<\/b>. Unas palabras que llegan en plena tensi\u00f3n por el <b><a title=\"despliegue militar que Estados Unidos\" href=\"https:\/\/www.lasexta.com\/noticias\/internacional\/trump-revela-que-tomado-decision-venezuela-mientras-sube-tension-caribe-puedo-decir-que_2025111569182dfd360d0840bce10f72.html\" target=\"_blank\" rel=\"nofollow noopener\">despliegue militar que Estados Unidos<\/a><\/b> mantiene en el Caribe y despu\u00e9s de que la Administraci\u00f3n Trump haya designado al <b><a title=\"C\u00e1rtel de los Soles\" href=\"https:\/\/www.lasexta.com\/noticias\/internacional\/estados-unidos-declara-cartel-soles-como-grupo-terrorista-liderado-maduro_202511246923fc556c137a69877a2f8e.html\" target=\"_blank\" rel=\"nofollow noopener\">C\u00e1rtel de los Soles<\/a><\/b> como organizaci\u00f3n terrorista extranjera. Un grupo que, seg\u00fan Washington, lidera el propio Maduro junto a altos mandos del Ej\u00e9rcito y el Gobierno venezolanos, extremo que Caracas tacha de \u00abinvento\u00bb del pa\u00eds norteamericano.<\/p>\n<p class=\"L6-news-detail__text\">El l\u00edder chavista <b>ha evitado pronunciarse sobre el C\u00e1rtel de los Soles<\/b>, pero ha aseverado que \u00abhagan lo que hagan, c\u00f3mo lo hagan, d\u00f3nde lo hagan, no van a poder con Venezuela\u00bb. \u00ab<b>Somos invencibles. No han podido ni podr\u00e1n jam\u00e1s con nuestra patria<\/b>\u00ab, ha insistido el mandatario venezolano en su programa semanal &#8216;Con Maduro+&#8217;, retransmitido por el canal estatal, al destacar el apoyo que, asegura, se ha levantado \u00aben todas partes\u00bb hacia su pa\u00eds \u00abfrente a estas asechanzas, guerras psicol\u00f3gicas, pol\u00edticas, diplom\u00e1ticas\u00bb.<\/p>\n<p class=\"L6-news-detail__text\">El lunes, el Departamento de Estado de EEUU confirm\u00f3 la designaci\u00f3n oficial del <b><a title=\"C\u00e1rtel de los Soles\" href=\"https:\/\/www.lasexta.com\/noticias\/internacional\/eeuu-senala-nicolas-maduro-como-lider-cartel-soles-ficha-fugitivo-organizacion-leyenda_2025090368b88e4d436dd03dd148abdf.html\" target=\"_blank\" rel=\"nofollow noopener\">C\u00e1rtel de los Soles<\/a><\/b> como grupo terrorista extranjero, lo que da m\u00e1s herramientas a la Administraci\u00f3n Trump para <b><a title=\"aumentar la presi\u00f3n\" href=\"https:\/\/www.lasexta.com\/programas\/lasexta-clave\/trump-tiene-tres-caminos-venezuela-presionar-maduro-intentar-negociar-dejar-todo-igual-proteger-negocios_202511246924be6edf41134465e7d27f.html\" target=\"_blank\" rel=\"nofollow noopener\">aumentar la presi\u00f3n<\/a><\/b> sobre el Gobierno de Maduro.<\/p>\n<p class=\"L6-news-detail__text\">Las autoridades estadounidenses aseguran que el C\u00e1rtel de los Soles -nombre que supuestamente procede de las insignias que lucen los generales- es un grupo integrado principalmente por militares venezolanos desde los 90, las averiguaciones de la Administraci\u00f3n de Control de Drogas (DEA) no se oficializaron hasta marzo de 2020, durante el primer mandato de Trump. El Departamento de Justicia reconoci\u00f3 entonces formalmente la existencia de este grupo que, asegura, encabezan Maduro y el ministro Diosdado Cabello.<\/p>\n<p class=\"L6-news-detail__text\">El Gobierno de Venezuela ha rechazado la decisi\u00f3n de designar como grupo terrorista a una organizaci\u00f3n que considera \u00abinexistente\u00bb. Caracas acusa a la Administraci\u00f3n de Trump de reeditar una <b>\u00abvil mentira\u00bb<\/b> para justificar as\u00ed una intervenci\u00f3n.<\/p>\n<p class=\"L6-news-detail__text\"><b><a title=\"*Sigue a laSexta en Google. Toda la actualidad y el mejor contenido aqu\u00ed.\" href=\"https:\/\/profile.google.com\/cp\/CgkvbS8wZG5xejA\" target=\"_blank\" rel=\"nofollow noopener\">*Sigue a laSexta en Google. Toda la actualidad y el mejor contenido aqu\u00ed.<\/a><\/b><\/p>\n<p class=\"L6-support-news-video__title\">ESTADOS UNIDOS<\/p>\n<p>            <a href=\"https:\/\/www.lasexta.com\/noticias\/internacional\/comprar-devolver-formar-largas-colas-boicot-estadounidenses-comercios-que-permiten-entrada-ice_202511246924d3fedf41134465e7e7af.html\" class=\"L6-news__link\" rel=\"nofollow noopener\" target=\"_blank\"><br \/>\n                Comprar, devolver y formar largas colas: el boicot de los estadounidenses a los comercios que permiten la entrada del ICE<\/p>\n<p class=\"recirculation-video-desc\">\u00bfPor qu\u00e9 es importante? Los manifestantes buscan que las empresas protejan a sus trabajadores migrantes. Si es preciso, no dejando entrar a los agentes.<\/p>\n<p>            <\/a><\/p>\n","protected":false},"excerpt":{"rendered":"Nicol\u00e1s Maduro asegura que \u00abno van a poder con Venezuela\u00bb. Unas palabras que llegan en plena tensi\u00f3n por&hellip;\n","protected":false},"author":2,"featured_media":254913,"comment_status":"","ping_status":"","sticky":false,"template":"","format":"standard","meta":{"footnotes":""},"categories":[42],"tags":[17,18,13,14,11,61,62,63,64,19,20,9,10,15,16,12,21,22,65,66,67],"class_list":{"0":"post-254912","1":"post","2":"type-post","3":"status-publish","4":"format-standard","5":"has-post-thumbnail","7":"category-internacional","8":"tag-breaking-news","9":"tag-breakingnews","10":"tag-featured-news","11":"tag-featurednews","12":"tag-headlines","13":"tag-internacional","14":"tag-international","15":"tag-international-news","16":"tag-internationalnews","17":"tag-latest-news","18":"tag-latestnews","19":"tag-news","20":"tag-noticias","21":"tag-noticias-destacadas","22":"tag-noticiasdestacadas","23":"tag-titulares","24":"tag-ultimas-noticias","25":"tag-ultimasnoticias","26":"tag-world","27":"tag-world-news","28":"tag-worldnews"},"share_on_mastodon":{"url":"https:\/\/pubeurope.com\/@es\/115610061792304757","error":""},"_links":{"self":[{"href":"https:\/\/www.europesays.com\/es\/wp-json\/wp\/v2\/posts\/254912","targetHints":{"allow":["GET"]}}],"collection":[{"href":"https:\/\/www.europesays.com\/es\/wp-json\/wp\/v2\/posts"}],"about":[{"href":"https:\/\/www.europesays.com\/es\/wp-json\/wp\/v2\/types\/post"}],"author":[{"embeddable":true,"href":"https:\/\/www.europesays.com\/es\/wp-json\/wp\/v2\/users\/2"}],"replies":[{"embeddable":true,"href":"https:\/\/www.europesays.com\/es\/wp-json\/wp\/v2\/comments?post=254912"}],"version-history":[{"count":0,"href":"https:\/\/www.europesays.com\/es\/wp-json\/wp\/v2\/posts\/254912\/revisions"}],"wp:featuredmedia":[{"embeddable":true,"href":"https:\/\/www.europesays.com\/es\/wp-json\/wp\/v2\/media\/254913"}],"wp:attachment":[{"href":"https:\/\/www.europesays.com\/es\/wp-json\/wp\/v2\/media?parent=254912"}],"wp:term":[{"taxonomy":"category","embeddable":true,"href":"https:\/\/www.europesays.com\/es\/wp-json\/wp\/v2\/categories?post=254912"},{"taxonomy":"post_tag","embeddable":true,"href":"https:\/\/www.europesays.com\/es\/wp-json\/wp\/v2\/tags?post=254912"}],"curies":[{"name":"wp","href":"https:\/\/api.w.org\/{rel}","templated":true}]}}