{"id":254916,"date":"2025-11-25T11:19:11","date_gmt":"2025-11-25T11:19:11","guid":{"rendered":"https:\/\/www.europesays.com\/es\/254916\/"},"modified":"2025-11-25T11:19:11","modified_gmt":"2025-11-25T11:19:11","slug":"zaragoza-rinde-homenaje-a-las-38-victimas-de-violencia-machista-y-llama-a-la-implicacion-de-toda-la-sociedad-en-la-lucha-contra-esta-lacra","status":"publish","type":"post","link":"https:\/\/www.europesays.com\/es\/254916\/","title":{"rendered":"Zaragoza rinde homenaje a las 38 v\u00edctimas de violencia machista y llama a la implicaci\u00f3n de toda la sociedad en la lucha contra esta lacra"},"content":{"rendered":"<p>      Cuerpo de la noticia<\/p>\n<p>La ciudad de Zaragoza ha rendido un sentido homenaje a las 38 mujeres v\u00edctimas que, en el \u00faltimo a\u00f1o, han sido asesinadas por sus parejas o exparejas y a los 5 menores v\u00edctimas de violencia vicaria, con un gran lazo decorado con flores violeta, en un acto institucional celebrado en el Ayuntamiento.<\/p>\n<p>El Consistorio se suma as\u00ed al D\u00eda Internacional de la Erradicaci\u00f3n de la Violencia contra la Mujer que se conmemora cada 25 de noviembre. Momentos antes, la alcaldesa de Zaragoza, Natalia Chueca, acompa\u00f1ada por concejales de la Corporaci\u00f3n, ha participado en la colocaci\u00f3n de la pancarta conmemorativa del 25-N en el principal balc\u00f3n de la Casa Consistorial. Adem\u00e1s, las principales fuentes de la ciudad se iluminar\u00e1n esta noche de color violeta.<\/p>\n<p>El Ayuntamiento de Zaragoza se suma as\u00ed a la conmemoraci\u00f3n de un d\u00eda se\u00f1alado para visibilizar esta lacra que, desde el pasado 25 de noviembre, ha arrebatado la vida a 38 mujeres, asesinadas por sus parejas o exparejas, y a 5 menores v\u00edctimas mortales de violencia vicaria. Autoridades civiles y militares, as\u00ed como representantes de la Universidad de Zaragoza, del \u00e1mbito judicial y social han participado en este acto institucional que ha abierto la consejera de Pol\u00edticas Sociales, Marian Or\u00f3s.<\/p>\n<p><img decoding=\"async\" alt=\"\" class=\"img-responsive\" src=\"https:\/\/www.europesays.com\/es\/wp-content\/uploads\/2025\/11\/PANCARTA2.jpeg\" style=\"width: 800px; height: 533px;\"\/><\/p>\n<p>En su intervenci\u00f3n, Or\u00f3s ha tenido un recuerdo especial para Eugenia, asesinada el pasado 4 de noviembre, quien \u00abhoy descansa en paz en su lugar de origen, en Nicaragua\u00bb.<\/p>\n<p>\u00abEugenia es el ejemplo m\u00e1s cercano que nos recuerda a la instituciones y a la sociedad entera que la violencia machista tiene muchas aristas, pero tambi\u00e9n que, en ese sentido, tenemos que seguir trabajando todos juntos porque esta lacra no cesa\u00bb, ha comentado. Y ha recordado que como Ayuntamiento la atenci\u00f3n es una prioridad, pero tambi\u00e9n lo es la prevenci\u00f3n para detallar a continuaci\u00f3n la campa\u00f1a municipal &#8216;El amor no duele&#8217;.<\/p>\n<p>Tras las palabras de la consejera, el p\u00fablico asistente, entre los que se encontraban la directora del Instituto Aragon\u00e9s de la Mujer (IAM), Mar\u00eda Anto\u00f1anzas, el presidente de la FAMCP, Carmelo P\u00e9rez, el general Jefe de la zona de la Guardia Civil, Antonio Jes\u00fas Orantos o el magistrado Juez Decano de Zaragoza, Roberto Esteban, as\u00ed como los integrantes del Consejo sectorial de Igualdad, han colocado 38 macetas de flores, una por cada mujer asesinada, en un gran lazo violeta que ha presidido el sal\u00f3n. Este s\u00edmbolo se mostrar\u00e1 a las puertas del Ayuntamiento durante todo el d\u00eda como homenaje a las v\u00edctimas y las flores ser\u00e1n trasplantadas despu\u00e9s en el Parque de las Mujeres .<\/p>\n<p>Al mismo tiempo, en la pantalla se ha proyectado el nombre y la edad de las mujeres asesinadas a manos de sus parejas o exparejas, mientras los sonaba la melod\u00eda del violoncelo interpretada por profesionales de la Escuela municipal de M\u00fasica y Danza.<\/p>\n<p>A continuaci\u00f3n, dos alumnas de las Escuela Municipal de Teatro han le\u00eddo el poema de Rosal\u00eda de Castro &#8216;A la mujer&#8217;. \u00abEl Ayuntamiento no descansar\u00e1 mientras haya una sola mujer que viva con miedo\u00bb La alcaldesa de Zaragoza, Natalia Chueca, ha cerrado el acto, en un d\u00eda que, seg\u00fan sus palabras, \u00abduele\u00bb.<\/p>\n<p><img decoding=\"async\" alt=\"\" class=\"img-responsive\" src=\"https:\/\/www.europesays.com\/es\/wp-content\/uploads\/2025\/11\/25N.jpeg\" style=\"width: 800px; height: 533px;\"\/><\/p>\n<p>\u00abPorque 38 mujeres y 5 menores han sido asesinadas en lo que va de a\u00f1o en Espa\u00f1a. No son cifras: son nombres, son historias, son vidas arrancadas de forma brutal\u00bb, ha indicado la alcaldesa, quien ha tenido un especial recuerdo para Eugenia, la \u00faltima mujer asesinada por su pareja en Zaragoza. \u00abSu familia encontr\u00f3 en este Ayuntamiento una mano tendida, con la que hemos acompa\u00f1ado los tr\u00e1mites y la repatriaci\u00f3n de su cuerpo a su pa\u00eds natal. Ojal\u00e1 pudi\u00e9ramos acompa\u00f1ar tambi\u00e9n la ausencia, pero esa herida ninguna administraci\u00f3n puede cerrarla\u00bb, ha manifestado.<\/p>\n<p>Con el compromiso de que Zaragoza no se va a resignar, Chueca ha destacado el paso dado ayer con la firma de adhesi\u00f3n al sistema Viog\u00e9n, un \u00abhito para nuestra ciudad, porque reforzar\u00e1 la protecci\u00f3n policial de las mujeres\u00bb, as\u00ed como los recursos municipales para la atenci\u00f3n y prevenci\u00f3n integral a las v\u00edctimas, \u00abuno de los m\u00e1s completos de Arag\u00f3n\u00bb.<\/p>\n<p>A ello se suma el incremento de un 8 % del presupuesto de Igualdad hasta alcanzar 1,4 millones de euros, la Casa de Acogida y los alojamientos para las v\u00edctimas, las ayudas a la vivienda para fomentar su autonom\u00eda o los convenios con las entidades sociales, ha se\u00f1alado Chueca, quien ha recordado tambi\u00e9n toda la pol\u00edtica de prevenci\u00f3n y educaci\u00f3n que se lleva a cabo con los centros educativos. En 2024 han participado 10.873 escolares en los talleres educativos del Servicio de Igualdad.<\/p>\n<p>\u00abCon seguridad jur\u00eddica, con recursos p\u00fablicos, con educaci\u00f3n, con acompa\u00f1amiento, con coordinaci\u00f3n institucional, podremos avanzar. Hoy, en este sal\u00f3n que representa lo m\u00e1s noble de nuestra ciudad, quiero reafirmar el compromiso de Zaragoza\u00bb, ha afirmado, al tiempo que ha precisado que el Ayuntamiento no descansar\u00e1 mientras, \u00abhaya una sola mujer que viva con miedo\u00bb. Y ha concluido diciendo que Zaragoza estar\u00e1 donde tiene que estar. \u00abDel lado de las v\u00edctimas, del lado de la libertad y del lado de la vida\u00bb.<\/p>\n","protected":false},"excerpt":{"rendered":"Cuerpo de la noticia La ciudad de Zaragoza ha rendido un sentido homenaje a las 38 mujeres v\u00edctimas&hellip;\n","protected":false},"author":2,"featured_media":254917,"comment_status":"","ping_status":"","sticky":false,"template":"","format":"standard","meta":{"footnotes":""},"categories":[5],"tags":[17,18,25,24,13,14,11,19,20,9,10,15,16,23,12,21,22],"class_list":{"0":"post-254916","1":"post","2":"type-post","3":"status-publish","4":"format-standard","5":"has-post-thumbnail","7":"category-titulares","8":"tag-breaking-news","9":"tag-breakingnews","10":"tag-es","11":"tag-espana","12":"tag-featured-news","13":"tag-featurednews","14":"tag-headlines","15":"tag-latest-news","16":"tag-latestnews","17":"tag-news","18":"tag-noticias","19":"tag-noticias-destacadas","20":"tag-noticiasdestacadas","21":"tag-spain","22":"tag-titulares","23":"tag-ultimas-noticias","24":"tag-ultimasnoticias"},"share_on_mastodon":{"url":"https:\/\/pubeurope.com\/@es\/115610069776726913","error":""},"_links":{"self":[{"href":"https:\/\/www.europesays.com\/es\/wp-json\/wp\/v2\/posts\/254916","targetHints":{"allow":["GET"]}}],"collection":[{"href":"https:\/\/www.europesays.com\/es\/wp-json\/wp\/v2\/posts"}],"about":[{"href":"https:\/\/www.europesays.com\/es\/wp-json\/wp\/v2\/types\/post"}],"author":[{"embeddable":true,"href":"https:\/\/www.europesays.com\/es\/wp-json\/wp\/v2\/users\/2"}],"replies":[{"embeddable":true,"href":"https:\/\/www.europesays.com\/es\/wp-json\/wp\/v2\/comments?post=254916"}],"version-history":[{"count":0,"href":"https:\/\/www.europesays.com\/es\/wp-json\/wp\/v2\/posts\/254916\/revisions"}],"wp:featuredmedia":[{"embeddable":true,"href":"https:\/\/www.europesays.com\/es\/wp-json\/wp\/v2\/media\/254917"}],"wp:attachment":[{"href":"https:\/\/www.europesays.com\/es\/wp-json\/wp\/v2\/media?parent=254916"}],"wp:term":[{"taxonomy":"category","embeddable":true,"href":"https:\/\/www.europesays.com\/es\/wp-json\/wp\/v2\/categories?post=254916"},{"taxonomy":"post_tag","embeddable":true,"href":"https:\/\/www.europesays.com\/es\/wp-json\/wp\/v2\/tags?post=254916"}],"curies":[{"name":"wp","href":"https:\/\/api.w.org\/{rel}","templated":true}]}}