{"id":254924,"date":"2025-11-25T11:28:10","date_gmt":"2025-11-25T11:28:10","guid":{"rendered":"https:\/\/www.europesays.com\/es\/254924\/"},"modified":"2025-11-25T11:28:10","modified_gmt":"2025-11-25T11:28:10","slug":"el-real-madrid-es-el-tercer-equipo-que-menos-corre-de-la-liga","status":"publish","type":"post","link":"https:\/\/www.europesays.com\/es\/254924\/","title":{"rendered":"El Real Madrid es el tercer equipo que menos corre de la Liga"},"content":{"rendered":"<p><strong>El <a href=\"https:\/\/okdiario.com\/diariomadridista\/real-madrid\/inda-real-madrid-preocupan-experimentos-xabi-alonso-581982\" rel=\"nofollow noopener\" target=\"_blank\">Real Madrid<\/a> es el tercer equipo que <a href=\"https:\/\/okdiario.com\/diariomadridista\/real-madrid\/xabi-alonso-equipo-no-caido-pero-juego-mejorable-581589\" rel=\"nofollow noopener\" target=\"_blank\">menos kil\u00f3metros<\/a> corre en la Liga espa\u00f1ola.<\/strong> Pese a liderar la <a href=\"https:\/\/okdiario.com\/diariomadridista\/real-madrid\/inda-si-madrid-pierde-grecia-xabi-tiene-complicada-continuidad-582020\" rel=\"nofollow noopener\" target=\"_blank\">competici\u00f3n<\/a>, el equipo dirigido por <a href=\"https:\/\/okdiario.com\/diariomadridista\/real-madrid\/inda-xabi-alonso-perdido-favor-plantilla-582041\" rel=\"nofollow noopener\" target=\"_blank\">Xabi Alonso<\/a> aparece en posiciones muy bajas en cuanto al despliegue f\u00edsico como demuestra el hecho de que <strong>s\u00f3lo Valencia y Athletic hayan recorrido menos distancia<\/strong> que los blancos a estas alturas de la temporada.<\/p>\n<p>\u201cHay otra cosa que preocupa en la entidad que son los datos. Los hay demoledores contra <a href=\"https:\/\/okdiario.com\/diariomadridista\/real-madrid\/xabi-alonso-llena-dudas-581843\" rel=\"nofollow noopener\" target=\"_blank\">Xabi Alonso<\/a>. <strong>Se sacan de la plataforma que tiene la Liga. El Real Madrid es el tercer equipo con menos kil\u00f3metros recorridos de la Liga.<\/strong> S\u00f3lo supera al Athletic y al Valencia. Fue el equipo con menos balones recuperados de esta jornada. \u00bfSabe cu\u00e1ntos balones recuper\u00f3 el Bar\u00e7a? 33, el Madrid solamente siete\u00bb, asever\u00f3 Eduardo Inda en su secci\u00f3n semanal en El Chiringuito de Jugones.<\/p>\n<p>El conjunto blanco <strong>no ha conseguido correr m\u00e1s que ning\u00fan rival esta temporada<\/strong> agravando todav\u00eda m\u00e1s este dato. Ni el d\u00eda del <a href=\"https:\/\/okdiario.com\/diariomadridista\/real-madrid\/courtois-agradece-lamine-sus-palabras-antes-del-clasico-necesitabamos-ese-fuego-580860\" rel=\"nofollow noopener\" target=\"_blank\">Cl\u00e1sico<\/a>, cuando el Real Madrid alcanz\u00f3 su m\u00e1ximo de la temporada en kil\u00f3metros recorridos con 117,6, <strong>los chicos de Xabi Alonso fueron superados por el despliegue f\u00edsico azulgrana con 119,5 kil\u00f3metros.<\/strong><\/p>\n<p>En los \u00faltimos dos encuentros, donde el Real Madrid ha cosechado sendos empates ante <strong>Elche y Rayo Vallecano<\/strong>, el equipo blanco se qued\u00f3 muy lejos de poder igualar la fortaleza f\u00edsica de sus rivales. Los ilicitanos recorrieron<strong> 3,8 kil\u00f3metros m\u00e1s<\/strong> en su duelo contra el l\u00edder, mientras que los de Vallecas ganaron a los blancos por <strong>3,4 kil\u00f3metros.<\/strong><\/p>\n<p>Los datos f\u00edsicos del Real Madrid quedan todav\u00eda m\u00e1s en entredicho al analizar el partido que les <strong>midi\u00f3 al Valencia hace tres jornadas.<\/strong> Los che, que son peores en el global que los blancos en despliegue f\u00edsico, ganaron la partida aquel d\u00eda haciendo<strong> 110,9 kil\u00f3metros por los 108,9 madridistas.<\/strong><\/p>\n<p>En la <strong>Champions League<\/strong>, el semblante tampoco ha cambiado demasiado. Contra el Liverpool, en la \u00fanica derrota europea de la temporada, <strong>el Real Madrid hizo 106,5 kil\u00f3metros en Anfield Road por los 110,2<\/strong> que realizaron los reds. Es evidente que el equipo dirigido por Xabi Alonso tiene que mejorar su n\u00fameros porque todav\u00eda no ha habido un campe\u00f3n en la historia que vaya caminando.<\/p>\n","protected":false},"excerpt":{"rendered":"El Real Madrid es el tercer equipo que menos kil\u00f3metros corre en la Liga espa\u00f1ola. Pese a liderar&hellip;\n","protected":false},"author":2,"featured_media":254925,"comment_status":"","ping_status":"","sticky":false,"template":"","format":"standard","meta":{"footnotes":""},"categories":[268],"tags":[168,25,24,280,282,281,23,167],"class_list":{"0":"post-254924","1":"post","2":"type-post","3":"status-publish","4":"format-standard","5":"has-post-thumbnail","7":"category-futbol","8":"tag-deportes","9":"tag-es","10":"tag-espana","11":"tag-football","12":"tag-futbol","13":"tag-soccer","14":"tag-spain","15":"tag-sports"},"share_on_mastodon":{"url":"https:\/\/pubeurope.com\/@es\/115610104817716479","error":""},"_links":{"self":[{"href":"https:\/\/www.europesays.com\/es\/wp-json\/wp\/v2\/posts\/254924","targetHints":{"allow":["GET"]}}],"collection":[{"href":"https:\/\/www.europesays.com\/es\/wp-json\/wp\/v2\/posts"}],"about":[{"href":"https:\/\/www.europesays.com\/es\/wp-json\/wp\/v2\/types\/post"}],"author":[{"embeddable":true,"href":"https:\/\/www.europesays.com\/es\/wp-json\/wp\/v2\/users\/2"}],"replies":[{"embeddable":true,"href":"https:\/\/www.europesays.com\/es\/wp-json\/wp\/v2\/comments?post=254924"}],"version-history":[{"count":0,"href":"https:\/\/www.europesays.com\/es\/wp-json\/wp\/v2\/posts\/254924\/revisions"}],"wp:featuredmedia":[{"embeddable":true,"href":"https:\/\/www.europesays.com\/es\/wp-json\/wp\/v2\/media\/254925"}],"wp:attachment":[{"href":"https:\/\/www.europesays.com\/es\/wp-json\/wp\/v2\/media?parent=254924"}],"wp:term":[{"taxonomy":"category","embeddable":true,"href":"https:\/\/www.europesays.com\/es\/wp-json\/wp\/v2\/categories?post=254924"},{"taxonomy":"post_tag","embeddable":true,"href":"https:\/\/www.europesays.com\/es\/wp-json\/wp\/v2\/tags?post=254924"}],"curies":[{"name":"wp","href":"https:\/\/api.w.org\/{rel}","templated":true}]}}