{"id":254926,"date":"2025-11-25T11:29:09","date_gmt":"2025-11-25T11:29:09","guid":{"rendered":"https:\/\/www.europesays.com\/es\/254926\/"},"modified":"2025-11-25T11:29:09","modified_gmt":"2025-11-25T11:29:09","slug":"scarlett-johansson-sera-la-gran-estrella-de-la-pelicula-que-revivira-una-de-las-obras-maestras-del-cine-de-terror","status":"publish","type":"post","link":"https:\/\/www.europesays.com\/es\/254926\/","title":{"rendered":"Scarlett Johansson ser\u00e1 la gran estrella de la pel\u00edcula que revivir\u00e1 una de las obras maestras del cine de terror"},"content":{"rendered":"<p class=\"\">Blumhouse y Atomic Monster llevan un tiempo trabajando en un proyecto que podr\u00eda revivir una saga de terror que nunca termin\u00f3 de despegar del todo, y por fin han encontrado a la actriz indicada para liderar el proyecto. Seg\u00fan informan desde <a href=\"https:\/\/deadline.com\/2025\/11\/scarlett-johansson-exorcist-movie-blumhouse-1236627536\/\" target=\"_blank\" rel=\"noreferrer nofollow noopener\" title=\"https:\/\/deadline.com\/2025\/11\/scarlett-johansson-exorcist-movie-blumhouse-1236627536\/\">Deadline<\/a>, <a href=\"https:\/\/as.com\/meristation\/cine\/scarlett-johansson-se-convierte-en-la-actriz-mas-taquillera-de-todos-los-tiempos-tras-el-exito-de-jurassic-world-el-renacer-n\/\" target=\"_blank\" rel=\"noreferrer nofollow noopener\" title=\"https:\/\/as.com\/meristation\/cine\/scarlett-johansson-se-convierte-en-la-actriz-mas-taquillera-de-todos-los-tiempos-tras-el-exito-de-jurassic-world-el-renacer-n\/\"><b>Scarlett Johansson<\/b><\/a><b> ser\u00e1 la protagonista absoluta de la nueva pel\u00edcula de \u2018El exorcista\u2019<\/b>, la cual estar\u00e1 <b>dirigida y guionizada por Mike Flanagan<\/b> (\u2019La maldici\u00f3n de Hill House\u2019, \u2018Doctor Sue\u00f1o\u2019).<\/p>\n<p class=\"\">\u201c<b>Scarlett es una actriz brillante<\/b> cuyas interpretaciones, siempre tan cautivadoras, se sienten naturales y aut\u00e9nticas, tanto en pel\u00edculas de g\u00e9nero como en los grandes estrenos veraniegos, y <b>no podr\u00eda estar m\u00e1s feliz por tenerla a bordo en esta pel\u00edcula de \u2018El exorcista\u2019<\/b>\u201d, coment\u00f3 un emocionado Flanagan. De esta forma, el cineasta cuenta con toda una superestrella de Hollywood, nominada en dos ocasiones al Oscar, para reinventar una saga que debut\u00f3 en 1973 con una de las obras maestras del cine de terror.<\/p>\n<p><img decoding=\"async\" src=\"https:\/\/www.europesays.com\/es\/wp-content\/uploads\/2025\/11\/HAW4DZ3QERDWDHBYY6M5GPMLKQ.jpg\" alt=\"Scarlett Johansson ser\u00e1 la gran estrella de la pel\u00edcula que revivir\u00e1 una de las obras maestras del cine de terror \" height=\"720\" width=\"1280\"   loading=\"lazy\"\/><\/p>\n<p class=\"\">El fichaje de Johansson tambi\u00e9n muestra la gran ambici\u00f3n de Blumhouse a la hora de producir este proyecto. Claramente se quiere dejar atr\u00e1s el batacazo comercial que supuso \u2018El exorcista: creyente\u2019 en 2023. Adem\u00e1s cabe se\u00f1alar que la pel\u00edcula <b>no ser\u00e1 un remake ni una secuela<\/b>, sino que <b>contar\u00e1 una historia completamente original <\/b>que simplemente estar\u00e1 ambientada en este universo.<\/p>\n<p class=\"\">Por su parte, Scarlett Johansson se suma a esta producci\u00f3n despu\u00e9s de haber participado en \u2018<a href=\"https:\/\/as.com\/meristation\/cine\/critica-de-jurassic-world-el-renacer-la-saga-se-reencuentra-a-si-misma-r\/\" target=\"_blank\" rel=\"noreferrer nofollow noopener\" title=\"https:\/\/as.com\/meristation\/cine\/critica-de-jurassic-world-el-renacer-la-saga-se-reencuentra-a-si-misma-r\/\">Jurassic World: el renacer<\/a>\u2019, un filme que recaud\u00f3 869 millones de d\u00f3lares en taquilla y que se encarg\u00f3 de reavivar la franquicia \u2018Jurassic Park\u2019 creada por Spielberg hace tantos a\u00f1os. Ya tiene experiencia insuflando nueva vida a sagas que parec\u00edan estar estancadas, \u00bfPodr\u00e1 hacer lo mismo con \u2018El exorcista\u2019?<\/p>\n<p class=\"\">Pues eso es lo que descubriremos pr\u00f3ximamente. La nueva cinta de \u2018El exorcista\u2019 ten\u00eda previsto estrenarse en marzo de 2026, pero teniendo en cuenta que<b> el rodaje todav\u00eda no ha comenzado<\/b>, no se la espera hasta dentro de bastante tiempo. Adem\u00e1s, esta ser\u00e1 la primera vez que Scarlett Johansson asumir\u00e1 un rol centrado en el terror m\u00e1s all\u00e1 de \u2018Arac Attack\u2019, \u00bfQu\u00e9 tal se le dar\u00e1?<\/p>\n<p>Noticias relacionadas<\/p>\n<p class=\"\">Suscr\u00edbete al <a href=\"https:\/\/www.youtube.com\/@meristation\" target=\"_self\" rel=\"nofollow noopener\" title=\"https:\/\/www.youtube.com\/@meristation\">canal de MeriStation en YouTube<\/a>, tu web de videojuegos y entretenimiento para conocer todas las noticias y novedades sobre el mundo del videojuego, cine, series, manga y anime. An\u00e1lisis, entrevistas, tr\u00e1ileres, gameplays, p\u00f3dcast y mucho m\u00e1s. Tambi\u00e9n te animamos a seguir <a href=\"https:\/\/www.tiktok.com\/@meristation\" rel=\"nofollow noopener\" title=\"https:\/\/www.tiktok.com\/@meristation\" target=\"_blank\">nuestra cuenta de TikTok<\/a>. <\/p>\n<p class=\"\">\u00a1S\u00edguenos en ambas y, si est\u00e1s interesado en licenciar este contenido, pincha <a href=\"https:\/\/profesional.elpais.com\/soluciones-sindicacion?utm_medium=interno&amp;utm_source=crosslinking&amp;utm_campaign=sindicacion_as_pie_articulos\" target=\"_blank\" rel=\"nofollow noopener\" title=\"https:\/\/profesional.elpais.com\/soluciones-sindicacion?utm_medium=interno&amp;utm_source=crosslinking&amp;utm_campaign=sindicacion_as_pie_articulos\">aqu\u00ed<\/a>!<\/p>\n<p><script async src=\"\/\/www.tiktok.com\/embed.js\"><\/script><\/p>\n","protected":false},"excerpt":{"rendered":"Blumhouse y Atomic Monster llevan un tiempo trabajando en un proyecto que podr\u00eda revivir una saga de terror&hellip;\n","protected":false},"author":2,"featured_media":254927,"comment_status":"","ping_status":"","sticky":false,"template":"","format":"standard","meta":{"footnotes":""},"categories":[174],"tags":[255,146,147,25,24,256,23],"class_list":{"0":"post-254926","1":"post","2":"type-post","3":"status-publish","4":"format-standard","5":"has-post-thumbnail","7":"category-famosos","8":"tag-celebrities","9":"tag-entertainment","10":"tag-entretenimiento","11":"tag-es","12":"tag-espana","13":"tag-famosos","14":"tag-spain"},"share_on_mastodon":{"url":"","error":""},"_links":{"self":[{"href":"https:\/\/www.europesays.com\/es\/wp-json\/wp\/v2\/posts\/254926","targetHints":{"allow":["GET"]}}],"collection":[{"href":"https:\/\/www.europesays.com\/es\/wp-json\/wp\/v2\/posts"}],"about":[{"href":"https:\/\/www.europesays.com\/es\/wp-json\/wp\/v2\/types\/post"}],"author":[{"embeddable":true,"href":"https:\/\/www.europesays.com\/es\/wp-json\/wp\/v2\/users\/2"}],"replies":[{"embeddable":true,"href":"https:\/\/www.europesays.com\/es\/wp-json\/wp\/v2\/comments?post=254926"}],"version-history":[{"count":0,"href":"https:\/\/www.europesays.com\/es\/wp-json\/wp\/v2\/posts\/254926\/revisions"}],"wp:featuredmedia":[{"embeddable":true,"href":"https:\/\/www.europesays.com\/es\/wp-json\/wp\/v2\/media\/254927"}],"wp:attachment":[{"href":"https:\/\/www.europesays.com\/es\/wp-json\/wp\/v2\/media?parent=254926"}],"wp:term":[{"taxonomy":"category","embeddable":true,"href":"https:\/\/www.europesays.com\/es\/wp-json\/wp\/v2\/categories?post=254926"},{"taxonomy":"post_tag","embeddable":true,"href":"https:\/\/www.europesays.com\/es\/wp-json\/wp\/v2\/tags?post=254926"}],"curies":[{"name":"wp","href":"https:\/\/api.w.org\/{rel}","templated":true}]}}