{"id":254951,"date":"2025-11-25T11:52:10","date_gmt":"2025-11-25T11:52:10","guid":{"rendered":"https:\/\/www.europesays.com\/es\/254951\/"},"modified":"2025-11-25T11:52:10","modified_gmt":"2025-11-25T11:52:10","slug":"club-baloncesto-breogan-acusa-las-lesiones-y-gana-un-28-menos-en-2024-2025","status":"publish","type":"post","link":"https:\/\/www.europesays.com\/es\/254951\/","title":{"rendered":"Club Baloncesto Breog\u00e1n acusa las lesiones y gana un 28% menos en 2024-2025"},"content":{"rendered":"<p>CB Breog\u00e1n mantiene la rentabilidad. El conjunto gallego de la Asociaci\u00f3n de Clubes de Baloncesto (ACB) ha <strong>recortado un 28% su beneficio en 2024-2025<\/strong>, al pasar de 605.540 euros hace dos a\u00f1os a los 431.361 euros de la pasada temporada, seg\u00fan se desprende de los estados financieros a los que ha tenido acceso Palco23.<\/p>\n<p>\u00a0<\/p>\n<p>El retroceso a doble d\u00edgito de su resultado neto se ha dado pese a <strong>mantener estables sus ingresos en algo m\u00e1s de 4,45 millones de euros<\/strong>, mientras que en 2023-2024 el negocio se qued\u00f3 en 4,28 millones de euros. \u00bfCu\u00e1l es el motivo detr\u00e1s de la bajada de rentabilidad? \u201cLos gastos de la plantilla de jugadores se incrementaron debido a la necesidad de <strong>incorporar sustitutos por lesiones de larga duraci\u00f3n<\/strong>\u201d, explica el club.<\/p>\n<p>\u00a0<\/p>\n<p>En concreto, <strong>el \u00e1rea de personal ha requerido un desembolso de 2,74 millones de euros <\/strong>en 2024-2025, lo que equivale a un incremento del 10% respecto a los 2,49 millones de euros del a\u00f1o anterior. Este aumento \u201cresponde tanto al mayor esfuerzo econ\u00f3mico inicialmente previsto para la confecci\u00f3n de la plantilla como a los incrementos extraordinarios derivados de las circunstancias deportivas sobrevenidas\u201d.\u00a0<\/p>\n<p>\u00a0<\/p>\n<p>\u00a0<\/p>\n<p class=\"news_featured_text\">CB Breog\u00e1n ha destinado un 10% m\u00e1s al \u00e1rea de personal\u00a0<\/p>\n<p>\u00a0<\/p>\n<p>\u00a0<\/p>\n<p>Tambi\u00e9n ha crecido el ep\u00edgrafe otros gastos de explotaci\u00f3n, superando la barrera del mill\u00f3n de euros. Los datos anteriores, junto a unos aprovisionamientos de 143.206 euros (negativos); amortizaci\u00f3n de inmovilizado de 135.899 euros (negativos); la imputaci\u00f3n de subvenciones por casi 130.000 euros y el ep\u00edgrafe otros resultados, con 53.610 euros, deriva en <strong>un resultado bruto de explotaci\u00f3n (ebitda) que ha rozado el medio mill\u00f3n de euros<\/strong>, lejos de los 697.883 euros de 2023-2024.<\/p>\n<p>\u00a0<\/p>\n<p>En cuanto al endeudamiento, CB Breog\u00e1n ten\u00eda contabilizada \u2013a 30 de junio de 2025\u2013 <strong>725.490 euros de deudas a largo plazo y 557.340 euros a corto plazo<\/strong>, siendo las principales partidas un pr\u00e9stamo de 400.000 euros concedido por Abanca destinado a financiar parte del pr\u00e9stamo otorgado por los accionistas para 2021-2022, as\u00ed como otros dos de 238.000 euros y 400.000 euros \u2013tambi\u00e9n de Abanca\u2013 para el anticipo del patrocinio de la Diputaci\u00f3n de Lugo correspondiente al a\u00f1o 2024 y al anticipo otorgado en mayo de 2025 del patrocinio de la Diputaci\u00f3n 2025, respectivamente.<\/p>\n<p>\u00a0<\/p>\n<p>Se suma <strong>una p\u00f3liza de cr\u00e9dito de Banc Sabadell <\/strong>con un l\u00edmite m\u00e1ximo de 300.000 euros y dispuesta a 30 de junio de 2025 por un total de 245.000 euros. \u201cAunque su vencimiento est\u00e1 fijado para el 30\/04\/2026, la intenci\u00f3n tanto del club como de la entidad financiera es renovarla en condiciones de mercado llegado el momento\u201d, se lee en los estados financieros.<\/p>\n<p>\u00a0<\/p>\n<p>\u00a0<\/p>\n<p class=\"news_featured_text\">El club gallego de la ACB tiene 725.490 euros de deudas a largo plazo y 557.340 euros a corto\u00a0<\/p>\n<p>\u00a0<\/p>\n<p>\u00a0<\/p>\n<p>Por lo que respecta al activo y el pasivo, CB Breog\u00e1n ha cerrado la temporada 2024-2025 con\u00a0<strong>un activo total de 6,47 millones de euros<\/strong>, de los cuales 5,68 millones son a largo plazo y 788.540 euros a corto. Por su parte, el pasivo fue de 2,69 millones de euros, de los cuales 1,56 millones eran a largo plazo y 1,13 millones de euros a corto.<\/p>\n<p>\u00a0<\/p>\n<p><strong>CB Breog\u00e1n fue fundado en 1966 en Lugo (Galicia)<\/strong>. Disputa sus encuentros como local en el Pazo Provincial Dos Deportes, con capacidad para 5.310 espectadores. En sus vitrinas destacan tres copas de campe\u00f3n de la Liga Espa\u00f1ola de Baloncesto, tres Copa Princesa de Asturias y catorce Copas Galicia.<\/p>\n","protected":false},"excerpt":{"rendered":"CB Breog\u00e1n mantiene la rentabilidad. El conjunto gallego de la Asociaci\u00f3n de Clubes de Baloncesto (ACB) ha recortado&hellip;\n","protected":false},"author":2,"featured_media":254952,"comment_status":"","ping_status":"","sticky":false,"template":"","format":"standard","meta":{"footnotes":""},"categories":[269],"tags":[299,298,168,25,24,23,167],"class_list":{"0":"post-254951","1":"post","2":"type-post","3":"status-publish","4":"format-standard","5":"has-post-thumbnail","7":"category-baloncesto","8":"tag-baloncesto","9":"tag-basketball","10":"tag-deportes","11":"tag-es","12":"tag-espana","13":"tag-spain","14":"tag-sports"},"share_on_mastodon":{"url":"https:\/\/pubeurope.com\/@es\/115610199388367630","error":""},"_links":{"self":[{"href":"https:\/\/www.europesays.com\/es\/wp-json\/wp\/v2\/posts\/254951","targetHints":{"allow":["GET"]}}],"collection":[{"href":"https:\/\/www.europesays.com\/es\/wp-json\/wp\/v2\/posts"}],"about":[{"href":"https:\/\/www.europesays.com\/es\/wp-json\/wp\/v2\/types\/post"}],"author":[{"embeddable":true,"href":"https:\/\/www.europesays.com\/es\/wp-json\/wp\/v2\/users\/2"}],"replies":[{"embeddable":true,"href":"https:\/\/www.europesays.com\/es\/wp-json\/wp\/v2\/comments?post=254951"}],"version-history":[{"count":0,"href":"https:\/\/www.europesays.com\/es\/wp-json\/wp\/v2\/posts\/254951\/revisions"}],"wp:featuredmedia":[{"embeddable":true,"href":"https:\/\/www.europesays.com\/es\/wp-json\/wp\/v2\/media\/254952"}],"wp:attachment":[{"href":"https:\/\/www.europesays.com\/es\/wp-json\/wp\/v2\/media?parent=254951"}],"wp:term":[{"taxonomy":"category","embeddable":true,"href":"https:\/\/www.europesays.com\/es\/wp-json\/wp\/v2\/categories?post=254951"},{"taxonomy":"post_tag","embeddable":true,"href":"https:\/\/www.europesays.com\/es\/wp-json\/wp\/v2\/tags?post=254951"}],"curies":[{"name":"wp","href":"https:\/\/api.w.org\/{rel}","templated":true}]}}