{"id":254957,"date":"2025-11-25T11:55:16","date_gmt":"2025-11-25T11:55:16","guid":{"rendered":"https:\/\/www.europesays.com\/es\/254957\/"},"modified":"2025-11-25T11:55:16","modified_gmt":"2025-11-25T11:55:16","slug":"el-colegio-de-arquitectos-propone-dedicar-una-calle-de-la-ciudad-al-arquitecto-javier-solano-nuevaalcarria","status":"publish","type":"post","link":"https:\/\/www.europesays.com\/es\/254957\/","title":{"rendered":"El Colegio de Arquitectos propone dedicar una calle de la ciudad al arquitecto Javier Solano | NuevaAlcarria"},"content":{"rendered":"<p data-end=\"514\" data-start=\"118\">El desarrollo urban\u00edstico del sector SUE-24 de Guadalajara, conocido como Torres Hercesa, podr\u00eda incorporar un reconocimiento al arquitecto y escritor Javier Solano. El Colegio de Arquitectos de Castilla-La Mancha ha planteado formalmente que el nuevo viario de esta zona reciba su nombre, en homenaje a su trayectoria profesional y a su contribuci\u00f3n al desarrollo urbano y cultural de la ciudad.<\/p>\n<p data-end=\"848\" data-start=\"516\">La propuesta fue anunciada por la decana del Colegio de Arquitectos, Elena Guijarro, durante la presentaci\u00f3n p\u00fablica del proyecto, celebrada el jueves con la asistencia de la alcaldesa, Ana Guarinos, y del CEO de Hercesa, Juan Jos\u00e9 Cercadillo, entre otras autoridades y representantes del tejido social y empresarial de Guadalajara.<\/p>\n<p data-end=\"1295\" data-start=\"850\">El sector SUE-24 ocupa una antigua \u00e1rea industrial de 75.649,79 metros cuadrados, delimitada por las calles Zaragoza, Glorieta de Badajoz, C\u00e1ceres, avenida de Burgos y avenida del Atance, de los que 52.263,47 metros se destinan a urbanizaci\u00f3n. El planeamiento prev\u00e9 su transformaci\u00f3n en un barrio residencial con m\u00e1s de 350 viviendas \u2014incluida vivienda protegida\u2014, zonas terciarias y comerciales y alrededor de 240 nuevas plazas de aparcamiento.<\/p>\n<p data-end=\"1617\" data-start=\"1297\">El proyecto incluye un parque lineal perimetral con paseos peatonales, carril bici, \u00e1reas de biodiversidad, un parque infantil inclusivo, zona de calistenia y espacios de convivencia. Tambi\u00e9n integra el hist\u00f3rico Parque de las Cuatro Estaciones y el parque Rufo, conect\u00e1ndolos mediante itinerarios peatonales accesibles.<\/p>\n<p data-end=\"1955\" data-start=\"1619\">Seg\u00fan explic\u00f3 Cercadillo, la actuaci\u00f3n busca combinar eficiencia urbana, sostenibilidad ambiental, accesibilidad y dotaciones p\u00fablicas, en coordinaci\u00f3n con el Ayuntamiento de Guadalajara. Guarinos destac\u00f3 que Torres Hercesa \u201cpermitir\u00e1 coser la ciudad, integrar nuevos espacios y ofrecer m\u00e1s oportunidades de vivienda y calidad de vida\u201d.<\/p>\n<p data-end=\"2206\" data-start=\"1957\">La decisi\u00f3n sobre la denominaci\u00f3n definitiva del viario corresponder\u00e1 al Ayuntamiento, pero la iniciativa abre la puerta a que el nombre de Javier Solano quede vinculado de forma permanente a la ciudad.<\/p>\n","protected":false},"excerpt":{"rendered":"El desarrollo urban\u00edstico del sector SUE-24 de Guadalajara, conocido como Torres Hercesa, podr\u00eda incorporar un reconocimiento al arquitecto&hellip;\n","protected":false},"author":2,"featured_media":254958,"comment_status":"","ping_status":"","sticky":false,"template":"","format":"standard","meta":{"footnotes":""},"categories":[173],"tags":[442,229,233,231,230,10872,232,234,146,147,25,24,439,64223,441,64224,443,440,23],"class_list":{"0":"post-254957","1":"post","2":"type-post","3":"status-publish","4":"format-standard","5":"has-post-thumbnail","7":"category-arte-y-diseno","8":"tag-actualidad-guadalajara","9":"tag-arte","10":"tag-arte-y-diseno","11":"tag-arts","12":"tag-arts-and-design","13":"tag-calle","14":"tag-design","15":"tag-diseno","16":"tag-entertainment","17":"tag-entretenimiento","18":"tag-es","19":"tag-espana","20":"tag-guadalajara","21":"tag-hercesa","22":"tag-informacion-guadalajara","23":"tag-javier-solano","24":"tag-noticias-guadalajara","25":"tag-nueva-alcarria","26":"tag-spain"},"share_on_mastodon":{"url":"https:\/\/pubeurope.com\/@es\/115610210988919417","error":""},"_links":{"self":[{"href":"https:\/\/www.europesays.com\/es\/wp-json\/wp\/v2\/posts\/254957","targetHints":{"allow":["GET"]}}],"collection":[{"href":"https:\/\/www.europesays.com\/es\/wp-json\/wp\/v2\/posts"}],"about":[{"href":"https:\/\/www.europesays.com\/es\/wp-json\/wp\/v2\/types\/post"}],"author":[{"embeddable":true,"href":"https:\/\/www.europesays.com\/es\/wp-json\/wp\/v2\/users\/2"}],"replies":[{"embeddable":true,"href":"https:\/\/www.europesays.com\/es\/wp-json\/wp\/v2\/comments?post=254957"}],"version-history":[{"count":0,"href":"https:\/\/www.europesays.com\/es\/wp-json\/wp\/v2\/posts\/254957\/revisions"}],"wp:featuredmedia":[{"embeddable":true,"href":"https:\/\/www.europesays.com\/es\/wp-json\/wp\/v2\/media\/254958"}],"wp:attachment":[{"href":"https:\/\/www.europesays.com\/es\/wp-json\/wp\/v2\/media?parent=254957"}],"wp:term":[{"taxonomy":"category","embeddable":true,"href":"https:\/\/www.europesays.com\/es\/wp-json\/wp\/v2\/categories?post=254957"},{"taxonomy":"post_tag","embeddable":true,"href":"https:\/\/www.europesays.com\/es\/wp-json\/wp\/v2\/tags?post=254957"}],"curies":[{"name":"wp","href":"https:\/\/api.w.org\/{rel}","templated":true}]}}