{"id":254959,"date":"2025-11-25T11:57:09","date_gmt":"2025-11-25T11:57:09","guid":{"rendered":"https:\/\/www.europesays.com\/es\/254959\/"},"modified":"2025-11-25T11:57:09","modified_gmt":"2025-11-25T11:57:09","slug":"es-padre-de-seis-hijos","status":"publish","type":"post","link":"https:\/\/www.europesays.com\/es\/254959\/","title":{"rendered":"Es padre de seis hijos"},"content":{"rendered":"<p>Los Javis nos han ense\u00f1ado estas semanas que la amistad y el cari\u00f1o pueden prevalecer tras una ruptura, aunque no son los primeros examantes que mantienen una buena relaci\u00f3n pese a haber tomado caminos separados. Otros separados bien avenidos son Fabiola Mart\u00ednez y Bert\u00edn Osborne, que anunciaron su divorcio en enero de 2021, pero <b>desde entonces siguen unidos por el bien de sus dos hijos en com\u00fan<\/b>. Adem\u00e1s, ella tambi\u00e9n guarda un v\u00ednculo muy estrecho con las tres hijas del presentador y Sandra Domecq: Eugenia, Claudia y Alejandra.<\/p>\n<p>Por esto no extra\u00f1a que Fabiola, que siempre evita entrar en pol\u00e9micas -sobre todo cuando no le corresponden-, <b>haya dado un paso al frente en esta ocasi\u00f3n para defender a Bert\u00edn Osborne de los ataques de Gabriela Guill\u00e9n<\/b>. La paraguaya ha vuelto a se\u00f1alar al presentador por no interesarse en el hijo peque\u00f1o que tienen en com\u00fan, quej\u00e1ndose de que ni siquiera se preocupa de ir a verle.<\/p>\n<p>En este sentido, Fabiola ha recordado a Gabriela que su visi\u00f3n de Bert\u00edn como padre puede ser muy diferente a la que tiene ella. \u201c<b>Cada uno tiene su realidad que yo respeto, pero \u00e9l no es padre solo de uno, \u00e9l tiene seis hijos, \u00bfsabes? Y pues no s\u00e9, hay que hacer balance<\/b>. Yo no puedo opinar porque no he vivido su realidad, entonces no puedo opinar sobre ello, pero yo tengo otro concepto de \u00e9l como padre\u201d, ha comentado ante las c\u00e1maras de la agencia Europa Press, dejando claro que, bajo su punto de vista, su exmarido s\u00ed es un buen padre.<\/p>\n<p><img decoding=\"async\" loading=\"lazy\" src=\"https:\/\/www.europesays.com\/es\/wp-content\/uploads\/2025\/11\/1764071829_571_58.jpg\" alt=\"Fabiola Mart\u00ednez da la cara por Bert\u00edn Osborne como padre\" width=\"1920\" height=\"1440\"\/><b>Fabiola Mart\u00ednez da la cara por Bert\u00edn Osborne como padre<\/b>Europa Press<\/p>\n<p>Aun as\u00ed, Fabiola Mart\u00ednez ha reconocido que \u201ctodo es mejorable\u201d, bromeando con que es capaz de \u201csacar alguna que otra pega\u201d a Bert\u00edn si se pone \u201ca hacer una lista\u201d. Pese a todo, no escatima en palabras de cari\u00f1o hacia el padre de sus hijos: \u201c<b>Bert\u00edn y yo nos conocimos hace casi 25 a\u00f1os, y son muchas cosas vividas. Nos queremos de otra manera, pero ah\u00ed est\u00e1 el cari\u00f1o y el respeto<\/b>. El amor evoluciona, yo a \u00e9l lo veo ahora de muchas otras formas que quiz\u00e1s antes no lo ve\u00eda. Me he quitado mucha niebla del d\u00eda a d\u00eda y no puedo evitar sentir cari\u00f1o por \u00e9l, me ha dado lo m\u00e1s bonito de mi vida que son mis hijos, y a nivel profesional me ha dado una oportunidad que quiz\u00e1s de otra manera no lo hubiese tenido tan f\u00e1cil\u201d.<\/p>\n<p>Soltera feliz<\/p>\n<p>Sobre la posibilidad de volver a enamorarse, Fabiola reconoce que, en ocasiones, echa en falta la compa\u00f1\u00eda masculina, pero insiste en que en este momento vital esta m\u00e1s centrada en ella y en su propia estabilidad que en la b\u00fasqueda de un nuevo amor. \u201cEn cierta forma a veces siento tristeza porque me gustar\u00eda, por otro lado digo pues menos mal porque <b>ahora ser\u00eda una novia de caca porque no tengo tiempo, no tengo tiempo para nadie, solo para m\u00ed<\/b>, entonces si tienes a alguien hay que quererlo, hay que cuidarlo, hay que atender. Y yo ahora no estoy para eso. Mi objetivo es mi estabilidad econ\u00f3mica y sacar adelante mi empresa, emprender es dificil\u00edsimo y no se puede tener todo\u201d, lamenta.<\/p>\n","protected":false},"excerpt":{"rendered":"Los Javis nos han ense\u00f1ado estas semanas que la amistad y el cari\u00f1o pueden prevalecer tras una ruptura,&hellip;\n","protected":false},"author":2,"featured_media":254960,"comment_status":"","ping_status":"","sticky":false,"template":"","format":"standard","meta":{"footnotes":""},"categories":[171],"tags":[146,147,25,24,23,214],"class_list":{"0":"post-254959","1":"post","2":"type-post","3":"status-publish","4":"format-standard","5":"has-post-thumbnail","7":"category-tv","8":"tag-entertainment","9":"tag-entretenimiento","10":"tag-es","11":"tag-espana","12":"tag-spain","13":"tag-tv"},"share_on_mastodon":{"url":"https:\/\/pubeurope.com\/@es\/115610219239755009","error":""},"_links":{"self":[{"href":"https:\/\/www.europesays.com\/es\/wp-json\/wp\/v2\/posts\/254959","targetHints":{"allow":["GET"]}}],"collection":[{"href":"https:\/\/www.europesays.com\/es\/wp-json\/wp\/v2\/posts"}],"about":[{"href":"https:\/\/www.europesays.com\/es\/wp-json\/wp\/v2\/types\/post"}],"author":[{"embeddable":true,"href":"https:\/\/www.europesays.com\/es\/wp-json\/wp\/v2\/users\/2"}],"replies":[{"embeddable":true,"href":"https:\/\/www.europesays.com\/es\/wp-json\/wp\/v2\/comments?post=254959"}],"version-history":[{"count":0,"href":"https:\/\/www.europesays.com\/es\/wp-json\/wp\/v2\/posts\/254959\/revisions"}],"wp:featuredmedia":[{"embeddable":true,"href":"https:\/\/www.europesays.com\/es\/wp-json\/wp\/v2\/media\/254960"}],"wp:attachment":[{"href":"https:\/\/www.europesays.com\/es\/wp-json\/wp\/v2\/media?parent=254959"}],"wp:term":[{"taxonomy":"category","embeddable":true,"href":"https:\/\/www.europesays.com\/es\/wp-json\/wp\/v2\/categories?post=254959"},{"taxonomy":"post_tag","embeddable":true,"href":"https:\/\/www.europesays.com\/es\/wp-json\/wp\/v2\/tags?post=254959"}],"curies":[{"name":"wp","href":"https:\/\/api.w.org\/{rel}","templated":true}]}}