{"id":254961,"date":"2025-11-25T11:58:13","date_gmt":"2025-11-25T11:58:13","guid":{"rendered":"https:\/\/www.europesays.com\/es\/254961\/"},"modified":"2025-11-25T11:58:13","modified_gmt":"2025-11-25T11:58:13","slug":"dua-lipa-llega-a-peru-con-la-gira-mas-lucrativa-de-su-carrera","status":"publish","type":"post","link":"https:\/\/www.europesays.com\/es\/254961\/","title":{"rendered":"Dua Lipa llega a Per\u00fa con la gira m\u00e1s lucrativa de su carrera"},"content":{"rendered":"<p class=\"body-paragraph\">Dua Lipa ya se encuentra en Lima, Per\u00fa, donde el martes tiene previsto ofrecer una presentaci\u00f3n de su gira mundial \u201cRadical Optimism Tour\u201d, la m\u00e1s lucrativa de su carrera hasta la fecha. <b>El concierto del Estadio San Marcos ser\u00e1 el primero que la int\u00e9rprete ofrezca en el pa\u00eds.<\/b><\/p>\n<p class=\"body-paragraph\">La cantante arrib\u00f3 a la capital peruana el domingo y despert\u00f3 el frenes\u00ed entre sus seguidores, quienes se apostaron a las afueras de su hotel para intentar obtener alguna imagen de la brit\u00e1nica. <\/p>\n<p class=\"body-paragraph\"><b>Dua Lipa lleg\u00f3 el domingo procedente de Brasil en un jet privado valorado en US$25 millones<\/b>, de acuerdo con RPP Per\u00fa. <\/p>\n<p class=\"body-paragraph\">Su visita ha sido a todo lujo, pues adem\u00e1s de la exclusiva aeronave, el medio report\u00f3 que <b>la cantante se hosped\u00f3 en el exclusivo Belmond Miraflores Park Hotel, uno de los recintos de lujo de Lima.<\/b> En algunas cuentas peruanas de fan\u00e1ticos comenzaron a circular algunas im\u00e1genes con la cantante y videos donde la captan saludando a los fans que se han reunidos en las inmediaciones del hotel. <\/p>\n<p>La gira m\u00e1s lucrativa de Dua Lipa<\/p>\n<p class=\"body-paragraph\">El concierto de Dua Lipa forma parte del tramo latinoamericano de \u201cRadical Optimism Tour\u201d, que ya ha recorrido Asia, Ocean\u00eda y Europa, convirti\u00e9ndose en la gira con m\u00e1s ganancias en su carrera.<b> El tour ha recaudado US$112,3 millones a septiembre de 2025, seg\u00fan <\/b><b>Billboard Boxscore. <\/b><\/p>\n<p class=\"body-paragraph\"><b>Los m\u00e1s de 44 shows que ha ofrecido desde fines de 2024 han registrado ventas de m\u00e1s de 96.000 boletos<\/b> en las distintas localidades donde ha aterrizado. <\/p>\n<p class=\"body-paragraph\">Las ganancias reportadas no incluyen las cifras para Am\u00e9rica Latina, <b>donde la cantante ofreci\u00f3 shows en Argentina, Chile y Brasil. <\/b>Adem\u00e1s de Per\u00fa, quedan pendientes presentaciones en Bogot\u00e1, Colombia y Ciudad de M\u00e9xico. <\/p>\n<p class=\"body-paragraph\">A lo largo de las presentaciones, Dua Lipa ha cantado algunos temas en espa\u00f1ol como una especie de tributo a los pa\u00edses donde se presenta. <b>En Santiago, interpret\u00f3 \u201cTu falta de querer\u201d, de la chilena Mon Laferte y en Argentina, cant\u00f3 \u201cDe m\u00fasica ligera\u201d, de la legendaria banda Soda Stereo. <\/b><\/p>\n<p class=\"body-paragraph\">La int\u00e9rprete de \u201cLevitating\u201d ha compartido en sus redes sociales videos donde demuestra que est\u00e1 aprendiendo espa\u00f1ol y tambi\u00e9n es conocida por aprovechar sus giras para recorrer las ciudades que visita. <\/p>\n","protected":false},"excerpt":{"rendered":"Dua Lipa ya se encuentra en Lima, Per\u00fa, donde el martes tiene previsto ofrecer una presentaci\u00f3n de su&hellip;\n","protected":false},"author":2,"featured_media":254962,"comment_status":"","ping_status":"","sticky":false,"template":"","format":"standard","meta":{"footnotes":""},"categories":[170],"tags":[4425,4426,64225,4429,64226,55612,94,146,147,25,24,2746,15745,16093,4440,55613,40584,25707,87,184,185,4441,25705,25709,25706,23,17765,118,14542,4448,4449,1559,4450],"class_list":{"0":"post-254961","1":"post","2":"type-post","3":"status-publish","4":"format-standard","5":"has-post-thumbnail","7":"category-musica","8":"tag-american","9":"tag-americas","10":"tag-artificial-intelligence","11":"tag-business-news","12":"tag-computers","13":"tag-computing","14":"tag-economy","15":"tag-entertainment","16":"tag-entretenimiento","17":"tag-es","18":"tag-espana","19":"tag-finance","20":"tag-financial","21":"tag-hardware","22":"tag-industries","23":"tag-information-technology","24":"tag-investments","25":"tag-logo","26":"tag-macro-economics","27":"tag-music","28":"tag-musica","29":"tag-north-american","30":"tag-sign","31":"tag-signage","32":"tag-signs","33":"tag-spain","34":"tag-tech","35":"tag-technology","36":"tag-u-s","37":"tag-u-s-a","38":"tag-united-states-of-america","39":"tag-us","40":"tag-usa"},"share_on_mastodon":{"url":"https:\/\/pubeurope.com\/@es\/115610222835022873","error":""},"_links":{"self":[{"href":"https:\/\/www.europesays.com\/es\/wp-json\/wp\/v2\/posts\/254961","targetHints":{"allow":["GET"]}}],"collection":[{"href":"https:\/\/www.europesays.com\/es\/wp-json\/wp\/v2\/posts"}],"about":[{"href":"https:\/\/www.europesays.com\/es\/wp-json\/wp\/v2\/types\/post"}],"author":[{"embeddable":true,"href":"https:\/\/www.europesays.com\/es\/wp-json\/wp\/v2\/users\/2"}],"replies":[{"embeddable":true,"href":"https:\/\/www.europesays.com\/es\/wp-json\/wp\/v2\/comments?post=254961"}],"version-history":[{"count":0,"href":"https:\/\/www.europesays.com\/es\/wp-json\/wp\/v2\/posts\/254961\/revisions"}],"wp:featuredmedia":[{"embeddable":true,"href":"https:\/\/www.europesays.com\/es\/wp-json\/wp\/v2\/media\/254962"}],"wp:attachment":[{"href":"https:\/\/www.europesays.com\/es\/wp-json\/wp\/v2\/media?parent=254961"}],"wp:term":[{"taxonomy":"category","embeddable":true,"href":"https:\/\/www.europesays.com\/es\/wp-json\/wp\/v2\/categories?post=254961"},{"taxonomy":"post_tag","embeddable":true,"href":"https:\/\/www.europesays.com\/es\/wp-json\/wp\/v2\/tags?post=254961"}],"curies":[{"name":"wp","href":"https:\/\/api.w.org\/{rel}","templated":true}]}}