{"id":254973,"date":"2025-11-25T12:04:21","date_gmt":"2025-11-25T12:04:21","guid":{"rendered":"https:\/\/www.europesays.com\/es\/254973\/"},"modified":"2025-11-25T12:04:21","modified_gmt":"2025-11-25T12:04:21","slug":"trabajo-califica-de-indecente-el-ere-de-telefonica-y-se-desmarca-del-aval-del-gobierno","status":"publish","type":"post","link":"https:\/\/www.europesays.com\/es\/254973\/","title":{"rendered":"Trabajo califica de \u00abindecente\u00bb el ERE de Telef\u00f3nica y se desmarca del aval del Gobierno"},"content":{"rendered":"<p style=\"\">El <a href=\"https:\/\/www.abc.es\/economia\/telefonica-plantea-ere-5040-trabajadores-tres-filiales-20251124145752-nt.html\" target=\"_self\" data-voc-vtm-id=\"in-text-traffic\" title=\"ERE masivo de Telef\u00f3nica\" rel=\"nofollow noopener\">ERE masivo de Telef\u00f3nica<\/a> sobre m\u00e1s de 5.450 trabajadores no hab\u00eda despertado grandes cr\u00edticas en el Gobierno de Pedro S\u00e1nchez. Hasta ahora. El Ministerio de Trabajo se desmarca del resto del Ejecutivo y se\u00f1ala que el hecho de que <strong>\u00abuna empresa <\/strong> &#8230; <strong>con beneficios y participada p\u00fablicamente decida despedir a 5.000 personas es indecente\u00bb<\/strong>, seg\u00fan fuentes oficiales consultadas por ABC. <\/p>\n<p class=\"voc-p\" style=\"\">Telef\u00f3nica ha puesto sobre la mesa siete ERE en siete sociedades en Espa\u00f1a: Telef\u00f3nica de Espa\u00f1a, Telef\u00f3nica M\u00f3viles, Telef\u00f3nica Soluciones, Telef\u00f3nica S.A., Telef\u00f3nica Global Solutions, Telef\u00f3nica Innovaci\u00f3n Digital y Movistar+. Hasta la fecha, la compa\u00f1\u00eda ha transmitido a los sindicatos una afectaci\u00f3n de 5.459 trabajadores pero esa cantidad ser\u00e1 finalmente mayor ya que todav\u00eda quedan por desvelarse las cifras de despidos en dos de esas sociedades, con lo que el dato final podr\u00eda acabar rondando los 6.000 empleados. <\/p>\n<p class=\"voc-p\" style=\"\">La propuesta de la compa\u00f1\u00eda dirigida por Marc Murtra ha encendido a la vicepresidenta segunda y ministra de Trabajo, Yolanda D\u00edaz, que ya ha mostrado su rechazo rotundo a una medida como esta que supondr\u00eda al menos dar salida a un 21% de la plantilla de Telef\u00f3nica en nuestro pa\u00eds. A juicio del ministerio, no se puede aceptar que \u00abno pase nada\u00bb por un recorte de plantilla de estas caracter\u00edsticas. M\u00e1s a\u00fan cuando el Estado es accionista. <\/p>\n<p class=\"voc-p\" style=\"\">El Estado tiene un 10% de la operadora a trav\u00e9s de la <strong>SEPI<\/strong> despu\u00e9s de que el <a href=\"https:\/\/www.abc.es\/economia\/telefonica-recorta-dividendo-2026-mitad-murtra-tomara-20251104075849-nt.html\" target=\"_self\" data-voc-vtm-id=\"in-text-traffic\" title=\"Gobierno de Pedro S\u00e1nchez\" data-mrf-link=\"www.abc.es\" rel=\"nofollow noopener\">Gobierno de Pedro S\u00e1nchez<\/a> decidiera regresar al capital de Telef\u00f3nica tras el desembarco de los saud\u00edes de STC. El argumento que dieron entonces fue para proteger las capacidades estrat\u00e9gicas de la compa\u00f1\u00eda y la seguridad nacional. Posteriormente, La Moncloa forz\u00f3 la salida del presidente Jos\u00e9 Mar\u00eda \u00c1lvarez-Pallete para colocar a <strong>Marc Murtra<\/strong> como presidente y, asimismo, Carlos Oca\u00f1a es vicepresidente de la operadora en representaci\u00f3n p\u00fablica. <\/p>\n<p class=\"voc-p\" style=\"\">Ante esta situaci\u00f3n, Trabajo confirma que le ha remitido una carta a la SEPI para expresar su rechazo a una medida como esta en una empresa donde el Estado es uno de los principales accionistas junto a Criteria Caixa y STC, ambos tambi\u00e9n con alrededor de un 10% cada uno. <\/p>\n<p class=\"voc-p\" style=\"\">Hasta la fecha, en el ministerio de D\u00edaz hab\u00edan mantenido cierto perfil bajo sobre los esperados despidos en la operadora de bandera espa\u00f1ola. Otros ministros s\u00ed que se hab\u00edan pronunciado sobre la medida, pero en un tono m\u00e1s conciliador. El ministro de Transformaci\u00f3n Digital, \u00d3scar L\u00f3pez, se\u00f1al\u00f3 hace escasas semanas que  \u00abla posici\u00f3n del Gobierno va a ser muy clara, y es que ocurra siempre con acuerdo de los sindicatos\u00bb. Tambi\u00e9n el ministro de Econom\u00eda, Carlos Cuerpo, se pronunci\u00f3 ayer 24 de noviembre en un tono similar. <\/p>\n<p class=\"voc-p\" style=\"\">Cuerpo, en declaraciones a la prensa en Bruselas, se\u00f1al\u00f3 que vigilar\u00e1n el ERE para que se haga todo negociado con los sindicatos. \u00abLos sindicatos ya han dicho que van a analizar la oferta que ha puesto sobre la mesa Telef\u00f3nica\u00bb, dijo, para recordar que la voluntariedad es un elemento importante para los sindicatos, as\u00ed como mejorar las condiciones de los anteriores procedimientos de despido. \u00ab<strong>Vamos a estar, por supuesto, encima y pendientes<\/strong> de que, como he dicho, esta evoluci\u00f3n, estas condiciones, se den\u00ab, coment\u00f3 Cuerpo, quien recalc\u00f3 la necesidad de que el proceso \u00bbse lleve de la mano de los sindicatos\u00bb.<\/p>\n<p class=\"voc-p\" style=\"\">Los pronunciamientos de L\u00f3pez y Cuerpo iban en l\u00ednea con la posici\u00f3n interna dentro de la propia Telef\u00f3nica que hab\u00eda transmitido el Gobierno a trav\u00e9s de su consejero en la operadora, <strong>Carlos Oca\u00f1a<\/strong>. Este ERE masivo est\u00e1 recogido en el reciente plan estrat\u00e9gico presentado por la compa\u00f1\u00eda de telecomunicaciones y que, tal como se anunci\u00f3, tiene el respaldo de los principales accionistas. Es decir, que el Ejecutivo aval\u00f3, dentro del plan estrat\u00e9gico, la salida masiva de trabajadores. En 2030, entre todos los conceptos, la operadora espera lograr unos ahorros de costes de 3.000 millones de euros, de los cuales buena parte saldr\u00edan de los menores gastos de personal. <\/p>\n","protected":false},"excerpt":{"rendered":"El ERE masivo de Telef\u00f3nica sobre m\u00e1s de 5.450 trabajadores no hab\u00eda despertado grandes cr\u00edticas en el Gobierno&hellip;\n","protected":false},"author":2,"featured_media":254974,"comment_status":"","ping_status":"","sticky":false,"template":"","format":"standard","meta":{"footnotes":""},"categories":[80],"tags":[490,3726,82,50301,95,94,17205,25,24,582,20753,23,1826,2752],"class_list":{"0":"post-254973","1":"post","2":"type-post","3":"status-publish","4":"format-standard","5":"has-post-thumbnail","7":"category-economia","8":"tag-abre","9":"tag-brecha","10":"tag-business","11":"tag-califica","12":"tag-economia","13":"tag-economy","14":"tag-ere","15":"tag-es","16":"tag-espana","17":"tag-gobierno","18":"tag-indecente","19":"tag-spain","20":"tag-telefonica","21":"tag-trabajo"},"share_on_mastodon":{"url":"https:\/\/pubeurope.com\/@es\/115610246494026085","error":""},"_links":{"self":[{"href":"https:\/\/www.europesays.com\/es\/wp-json\/wp\/v2\/posts\/254973","targetHints":{"allow":["GET"]}}],"collection":[{"href":"https:\/\/www.europesays.com\/es\/wp-json\/wp\/v2\/posts"}],"about":[{"href":"https:\/\/www.europesays.com\/es\/wp-json\/wp\/v2\/types\/post"}],"author":[{"embeddable":true,"href":"https:\/\/www.europesays.com\/es\/wp-json\/wp\/v2\/users\/2"}],"replies":[{"embeddable":true,"href":"https:\/\/www.europesays.com\/es\/wp-json\/wp\/v2\/comments?post=254973"}],"version-history":[{"count":0,"href":"https:\/\/www.europesays.com\/es\/wp-json\/wp\/v2\/posts\/254973\/revisions"}],"wp:featuredmedia":[{"embeddable":true,"href":"https:\/\/www.europesays.com\/es\/wp-json\/wp\/v2\/media\/254974"}],"wp:attachment":[{"href":"https:\/\/www.europesays.com\/es\/wp-json\/wp\/v2\/media?parent=254973"}],"wp:term":[{"taxonomy":"category","embeddable":true,"href":"https:\/\/www.europesays.com\/es\/wp-json\/wp\/v2\/categories?post=254973"},{"taxonomy":"post_tag","embeddable":true,"href":"https:\/\/www.europesays.com\/es\/wp-json\/wp\/v2\/tags?post=254973"}],"curies":[{"name":"wp","href":"https:\/\/api.w.org\/{rel}","templated":true}]}}