{"id":254981,"date":"2025-11-25T12:12:16","date_gmt":"2025-11-25T12:12:16","guid":{"rendered":"https:\/\/www.europesays.com\/es\/254981\/"},"modified":"2025-11-25T12:12:16","modified_gmt":"2025-11-25T12:12:16","slug":"seria-incapaz-de-actuar-por-despecho","status":"publish","type":"post","link":"https:\/\/www.europesays.com\/es\/254981\/","title":{"rendered":"Ser\u00eda incapaz de actuar por despecho"},"content":{"rendered":"\n<ul class=\"bodyList bodyList--unordered\">\n<li class=\"bodyList__item\"><a href=\"https:\/\/www.elconfidencial.com\/deportes\/tenis\/2025-11-18\/por-que-davidovich-no-convocado-espana-copa-davis_4249992\/\" target=\"_self\" rel=\"nofollow noopener\">Por qu\u00e9 Davidovich, segundo espa\u00f1ol en el ranking ATP, no est\u00e1 en la Copa Davis<\/a><\/li>\n<li class=\"bodyList__item\"><a href=\"https:\/\/www.elconfidencial.com\/deportes\/tenis\/2025-11-24\/copa-david-espana-italia-david-ferrer-milagro-equipo_4253347\/\" target=\"_self\" rel=\"nofollow noopener\">Tres milagros, la decisi\u00f3n y un gran equipo: por qu\u00e9 Espa\u00f1a est\u00e1 en camino de ganar otra Copa Davis<\/a><\/li>\n<\/ul>\n<p> <strong>Espa\u00f1a <\/strong>se va con la<a href=\"https:\/\/www.elconfidencial.com\/deportes\/tenis\/2025-11-24\/copa-david-espana-italia-david-ferrer-milagro-equipo_4253347\/\" target=\"_self\" rel=\"nofollow noopener\"> cabeza muy alta de la final de la Copa Davis <\/a>a pesar de haber <a href=\"https:\/\/www.elconfidencial.com\/deportes\/tenis\/2025-11-23\/copa-davis-espana-italia-derrota_4252973\/\" target=\"_self\" rel=\"nofollow noopener\">perdido la final ante Italia <\/a><strong>por 2-0. <\/strong>La haza\u00f1a de &#8216;La Armada&#8217; ser\u00e1 recordada por <strong>haber ganado a <a href=\"https:\/\/www.elconfidencial.com\/deportes\/tenis\/2025-11-22\/espana-alemania-semifinales-copa-davis-epica-camilla-zverev_4251840\/\" target=\"_self\" rel=\"nofollow noopener\">Rep\u00fablica Checa<\/a> y <\/strong><a href=\"https:\/\/www.elconfidencial.com\/deportes\/tenis\/2025-11-22\/copa-davis-espana-alemania-carreno-zverev_4252672\/\" target=\"_self\" rel=\"nofollow noopener\">Alemania <\/a>y haber peleado ante los transalpinos sin tener a sus dos mejores jugadores en el ranking ATP en pista. <\/p>\n<p> <a href=\"https:\/\/www.elconfidencial.com\/deportes\/tenis\/2025-11-18\/carlos-alcaraz-baja-lesion-copa-davis-espana_4249451\/\" target=\"_self\" rel=\"nofollow noopener\">La baja de Carlos Alcaraz <\/a>es conocida por todos; el murciano lleg\u00f3 con molestias en los isquiotibiales tras la final de las ATP Finals, algo que le oblig\u00f3 a dejar la convocatoria a dos d\u00edas del estreno de Espa\u00f1a. <\/p>\n<p> La otra ausencia fue m\u00e1s gris en cuanto a la justificaci\u00f3n.<strong> Alejandro Davidovich, n\u00famero 14 del mundo<\/strong>, <a href=\"https:\/\/www.elconfidencial.com\/deportes\/tenis\/2025-11-18\/por-que-davidovich-no-convocado-espana-copa-davis_4249992\/\" target=\"_self\" rel=\"nofollow noopener\">no fue convocado por una decisi\u00f3n de David Ferrer.<\/a> Seg\u00fan el t\u00e9cnico valenciano, en las dos eliminatorias anteriores se borr\u00f3 del cartel alegando sendas lesiones y compitiendo d\u00edas posteriores. <\/p>\n<p> Es verdad que con el gran papel de Espa\u00f1a, muchos<strong> se olvidaron de que Davidovich no estuviese, <\/strong>pero fue un tema pol\u00e9mico a lo largo de la Copa Davis. Ahora que ha terminado, ha sido <strong><a href=\"https:\/\/www.elconfidencial.com\/deportes\/tenis\/2025-11-11\/toni-nadal-problema-tenis-actual-parece-competicion-quien-golpea-mas-fuerte_4245303\/\" target=\"_self\" rel=\"nofollow noopener\">Toni Nadal<\/a><\/strong> el que ha querido dar su opini\u00f3n al respecto en su \u00faltima columna en &#8216;El Pa\u00eds&#8217;, en la que defiende a Ferrer. <\/p>\n<p> \u00abHace unos d\u00edas, poco antes del inicio de esta final, le\u00ed un art\u00edculo period\u00edstico en el que el firmante<strong> atribu\u00eda a David Ferrer la responsabilidad de haber dejado al equipo espa\u00f1ol sin capacidad de lucha<\/strong> y, menos a\u00fan, con opci\u00f3n alguna a la victoria. <strong>Atribu\u00eda a su ego el hecho de no haber contado para esta fase final con nuestro segundo jugador, Alejandro Davidovich,<\/strong> despu\u00e9s de que este declinara a \u00faltima hora participar en las dos \u00faltimas eliminatorias. Acababa el art\u00edculo diciendo que deber\u00edan ser vetados ambos, el t\u00e9cnico y el jugador, para defender los colores de Espa\u00f1a por haber actuado por inter\u00e9s propio\u00bb, comienza su pieza el <a href=\"https:\/\/www.elconfidencial.com\/deportes\/tenis\/2025-07-20\/toni-nadal-exentrenador-rafa-nadal-obsesion-preparar-sobrino-dificultad_4176626\/\" target=\"_self\" rel=\"nofollow noopener\">exentrenador de Rafa. <\/a> <\/p>\n<p>              <img decoding=\"async\" class=\"inTextNews__img\" alt=\"Foto: toni-nadal-exentrenador-de-rafa-nadal-nunca-seria-duro-alguien-no-sienta-aprecio\" src=\"https:\/\/www.europesays.com\/es\/wp-content\/uploads\/2025\/11\/f.elconfidencial.com\/original\/d58\/bb2\/f89\/d58bb2f895b5f4a3114d0d815b35087c.jpg\"  \/>     <\/p>\n<p>TE PUEDE INTERESAR<\/p>\n<p>      <a class=\"inTextNews__title\" href=\"https:\/\/www.elconfidencial.com\/deportes\/tenis\/2025-07-28\/toni-nadal-exentrenador-de-rafa-nadal-nunca-seria-duro-alguien-no-sienta-aprecio_4181749\/\" onclick=\"window.ECCO.emit(&#039;amplitude&#039;, { dataEventName: &#039;click_related_article_module&#039;, data: { related_article_url: &#039;https:\/\/www.elconfidencial.com\/deportes\/tenis\/2025-07-28\/toni-nadal-exentrenador-de-rafa-nadal-nunca-seria-duro-alguien-no-sienta-aprecio_4181749\/&#039;, related_article_author: &#039;\u00c1lvaro El\u00edas&#039;, related_article_section: &#039;tenis&#039; } })\" rel=\"nofollow noopener\" target=\"_blank\"> Toni Nadal, exentrenador de Rafa Nadal: \u00abYo nunca ser\u00eda duro con alguien por el que no sienta aprecio\u00bb <\/a>   <\/p>\n<p>    El Confidencial   <\/p>\n<p> Toni asegura que quien escribe eso no conoce a Ferrer: \u00abSin ning\u00fan atisbo de duda, <strong>este periodista no conoce a David<\/strong>; me refiero a su integridad y bonhom\u00eda. Los que le conocemos bien sabemos que \u00e9l <strong>ser\u00eda incapaz de actuar por despecho y, menos a\u00fan, perjudicar al equipo espa\u00f1ol\u00bb.<\/strong> <\/p>\n<p> <strong>Nadal <\/strong>opina que el que debe cargar con las culpas es Davidovich: \u00abProbablemente<strong>, la baja de Davidovich ha sido sensible, pero creo que es atribuible s\u00f3lo a \u00e9l no haberse querido dar la oportunidad de contribuir al que hubiera podido ser el mayor \u00e9xito de su carrera.<\/strong> A pesar de la falta de los dos mejores jugadores de nuestro pa\u00eds, creo que los integrantes de nuestro equipo pueden regresar a casa con la cabeza muy alta por su denodado esfuerzo y pundonor\u00bb. <\/p>\n<p> Por \u00faltimo, <strong>Toni<\/strong> alaba la figura de Ferrer en esta Copa Davis: \u00abDurante los a\u00f1os en los que estuve involucrado en mayor medida en esta competici\u00f3n, pude ver a grandes jugadores atenazados por esta responsabilidad y ser incapaces de rendir a su nivel habitual. En esta ocasi\u00f3n, y a pesar de que no se ha conseguido la victoria final, <strong>nuestro capit\u00e1n, David Ferrer, ha sabido trasladar a su equipo el esp\u00edritu de lucha, la confianza y el empe\u00f1o<\/strong> en no desfallecer en ning\u00fan momento que durante tantos a\u00f1os le caracteriz\u00f3 a \u00e9l como profesional\u00bb. <\/p>\n","protected":false},"excerpt":{"rendered":"Por qu\u00e9 Davidovich, segundo espa\u00f1ol en el ranking ATP, no est\u00e1 en la Copa Davis Tres milagros, la&hellip;\n","protected":false},"author":2,"featured_media":12410,"comment_status":"","ping_status":"","sticky":false,"template":"","format":"standard","meta":{"footnotes":""},"categories":[274],"tags":[168,25,24,23,167,327,326],"class_list":{"0":"post-254981","1":"post","2":"type-post","3":"status-publish","4":"format-standard","5":"has-post-thumbnail","7":"category-tenis","8":"tag-deportes","9":"tag-es","10":"tag-espana","11":"tag-spain","12":"tag-sports","13":"tag-tenis","14":"tag-tennis"},"share_on_mastodon":{"url":"https:\/\/pubeurope.com\/@es\/115610278356353398","error":""},"_links":{"self":[{"href":"https:\/\/www.europesays.com\/es\/wp-json\/wp\/v2\/posts\/254981","targetHints":{"allow":["GET"]}}],"collection":[{"href":"https:\/\/www.europesays.com\/es\/wp-json\/wp\/v2\/posts"}],"about":[{"href":"https:\/\/www.europesays.com\/es\/wp-json\/wp\/v2\/types\/post"}],"author":[{"embeddable":true,"href":"https:\/\/www.europesays.com\/es\/wp-json\/wp\/v2\/users\/2"}],"replies":[{"embeddable":true,"href":"https:\/\/www.europesays.com\/es\/wp-json\/wp\/v2\/comments?post=254981"}],"version-history":[{"count":0,"href":"https:\/\/www.europesays.com\/es\/wp-json\/wp\/v2\/posts\/254981\/revisions"}],"wp:featuredmedia":[{"embeddable":true,"href":"https:\/\/www.europesays.com\/es\/wp-json\/wp\/v2\/media\/12410"}],"wp:attachment":[{"href":"https:\/\/www.europesays.com\/es\/wp-json\/wp\/v2\/media?parent=254981"}],"wp:term":[{"taxonomy":"category","embeddable":true,"href":"https:\/\/www.europesays.com\/es\/wp-json\/wp\/v2\/categories?post=254981"},{"taxonomy":"post_tag","embeddable":true,"href":"https:\/\/www.europesays.com\/es\/wp-json\/wp\/v2\/tags?post=254981"}],"curies":[{"name":"wp","href":"https:\/\/api.w.org\/{rel}","templated":true}]}}