{"id":254988,"date":"2025-11-25T12:18:11","date_gmt":"2025-11-25T12:18:11","guid":{"rendered":"https:\/\/www.europesays.com\/es\/254988\/"},"modified":"2025-11-25T12:18:11","modified_gmt":"2025-11-25T12:18:11","slug":"la-popular-escultura-de-la-condesa-que-recibe-un-lavado-de-cara","status":"publish","type":"post","link":"https:\/\/www.europesays.com\/es\/254988\/","title":{"rendered":"La popular escultura de la Condesa que recibe un lavado de cara"},"content":{"rendered":"<p><img fetchpriority=\"high\" class=\"v-a-img\" src=\"https:\/\/www.europesays.com\/es\/wp-content\/uploads\/2025\/11\/restauracion-kVVB-U240345768695M9C-1200x840@Leonoticias.jpg\" loading=\"eager\" decoding=\"async\" alt=\"Escultura que ha sido intervenida.\"  width=\"1200\" height=\"840\"\/><\/p>\n<p>Escultura que ha sido intervenida.                  <\/p>\n<p>Se ha procedido a la limpieza de restos de \u00f3xido, grafitis y pegatinas y se han instalado dos nuevas bases p\u00e9treas y cer\u00e1micas m\u00e1s ligeras<\/p>\n<p><a class=\"v-mdl-ath__fig-a\" href=\"https:\/\/www.leonoticias.com\/autor\/leonoticias-2282.html\" title=\"Leonoticias\" rel=\"nofollow noopener\" target=\"_blank\"><br \/>\n<img decoding=\"async\" class=\"v-mdl-ath__img\" src=\"https:\/\/www.europesays.com\/es\/wp-content\/uploads\/2025\/11\/1764073091_330_autor-2282-foto-1.jpeg\" alt=\"Leonoticias\"\/><br \/>\n<\/a><\/p>\n<p class=\"v-mdl-ath__p v-mdl-ath__p--6\">\nMartes, 25 de noviembre 2025, 11:11<\/p>\n<p class=\"v-p\">El Ayuntamiento de Le\u00f3n, a trav\u00e9s de la Concejal\u00eda de Desarrollo Urbano, ha intervenido en la escultura Ventana de Luz homenaje a Maese Nicol\u00e1s que se ubica en el paseo de La Condesa en la que se han realizado labores de mantenimiento y limpieza. La obra gan\u00f3 en el a\u00f1o 1982 el certamen de escultura Ciudad de Le\u00f3n convocado por el Ayuntamiento y la Diputaci\u00f3n.<\/p>\n<p class=\"v-p\">Entre las actuaciones realizadas se han instalado dos nuevas bases p\u00e9treas y cer\u00e1micas m\u00e1s ligeras que servir\u00e1n de apoyo a la escultura. Una de las bases de hormig\u00f3n se hab\u00eda perdido y la otra ya no actuaba de soporte porque la obra se hab\u00eda movido y se apoyaba en la tierra.<\/p>\n<p class=\"v-p\">Adem\u00e1s, se ha procedido a la limpieza del metal, tanto en las zonas que hab\u00eda restos de \u00f3xido como los restos biol\u00f3gicos. Tambi\u00e9n se tambi\u00e9n se han eliminado los grafitis y las pegatinas mediante una limpieza qu\u00edmica. Por otro lado, se ha procedido al sellado de las grietas producidas por roturas con resina para evitar que el agua penetre en el interior y se ha aplicado un tratamiento final de protecci\u00f3n para evitar nuevos da\u00f1os.<\/p>\n<p class=\"v-p\">La empresa Althenia ha sido la encargada de llevar a cabo este trabajo como adjudicataria del servicio de mantenimiento y conservaci\u00f3n de elementos patrimoniales y simb\u00f3licos del Ayuntamiento de Le\u00f3n.<\/p>\n<p>Reporta un error<\/p>\n","protected":false},"excerpt":{"rendered":"Escultura que ha sido intervenida. Se ha procedido a la limpieza de restos de \u00f3xido, grafitis y pegatinas&hellip;\n","protected":false},"author":2,"featured_media":254989,"comment_status":"","ping_status":"","sticky":false,"template":"","format":"standard","meta":{"footnotes":""},"categories":[173],"tags":[229,233,231,230,2608,64229,232,234,146,147,25,1246,24,5922,7108,3684,23],"class_list":{"0":"post-254988","1":"post","2":"type-post","3":"status-publish","4":"format-standard","5":"has-post-thumbnail","7":"category-arte-y-diseno","8":"tag-arte","9":"tag-arte-y-diseno","10":"tag-arts","11":"tag-arts-and-design","12":"tag-cara","13":"tag-condesa","14":"tag-design","15":"tag-diseno","16":"tag-entertainment","17":"tag-entretenimiento","18":"tag-es","19":"tag-escultura","20":"tag-espana","21":"tag-lavado","22":"tag-popular","23":"tag-recibe","24":"tag-spain"},"share_on_mastodon":{"url":"https:\/\/pubeurope.com\/@es\/115610302011447121","error":""},"_links":{"self":[{"href":"https:\/\/www.europesays.com\/es\/wp-json\/wp\/v2\/posts\/254988","targetHints":{"allow":["GET"]}}],"collection":[{"href":"https:\/\/www.europesays.com\/es\/wp-json\/wp\/v2\/posts"}],"about":[{"href":"https:\/\/www.europesays.com\/es\/wp-json\/wp\/v2\/types\/post"}],"author":[{"embeddable":true,"href":"https:\/\/www.europesays.com\/es\/wp-json\/wp\/v2\/users\/2"}],"replies":[{"embeddable":true,"href":"https:\/\/www.europesays.com\/es\/wp-json\/wp\/v2\/comments?post=254988"}],"version-history":[{"count":0,"href":"https:\/\/www.europesays.com\/es\/wp-json\/wp\/v2\/posts\/254988\/revisions"}],"wp:featuredmedia":[{"embeddable":true,"href":"https:\/\/www.europesays.com\/es\/wp-json\/wp\/v2\/media\/254989"}],"wp:attachment":[{"href":"https:\/\/www.europesays.com\/es\/wp-json\/wp\/v2\/media?parent=254988"}],"wp:term":[{"taxonomy":"category","embeddable":true,"href":"https:\/\/www.europesays.com\/es\/wp-json\/wp\/v2\/categories?post=254988"},{"taxonomy":"post_tag","embeddable":true,"href":"https:\/\/www.europesays.com\/es\/wp-json\/wp\/v2\/tags?post=254988"}],"curies":[{"name":"wp","href":"https:\/\/api.w.org\/{rel}","templated":true}]}}