{"id":254998,"date":"2025-11-25T12:24:34","date_gmt":"2025-11-25T12:24:34","guid":{"rendered":"https:\/\/www.europesays.com\/es\/254998\/"},"modified":"2025-11-25T12:24:34","modified_gmt":"2025-11-25T12:24:34","slug":"azcon-anuncia-mascarillas-obligatorias-en-los-centros-sanitarios-de-aragon-por-la-gripe","status":"publish","type":"post","link":"https:\/\/www.europesays.com\/es\/254998\/","title":{"rendered":"Azc\u00f3n anuncia mascarillas obligatorias en los centros sanitarios de Arag\u00f3n por la gripe"},"content":{"rendered":"<p>El presidente de Arag\u00f3n, <strong>Jorge Azc\u00f3n<\/strong>, ha anunciado este martes que su gobierno ser\u00e1 el primero en hacer obligatorio el uso de mascarillas en centros sanitarios para frenar la proliferaci\u00f3n de la gripe en el 2025, insistiendo que las administraciones \u00abtienen que tomar medidas\u00bb ante el brote ya que se trata de \u00abun problema serio\u00bb para la salud p\u00fablica.<\/p>\n<p>Durante su intervenci\u00f3n en el &#8216;Congreso Espa\u00f1a 360&#8217; de &#8216;Prensa Ib\u00e9rica&#8217;, el presidente aragon\u00e9s ha desvelado que su administraci\u00f3n va a iniciar el proceso para instaurar la obligatoriedad de las mascarillas en hospitales para evitar contagios, insistiendo en que es un problema serio.<\/p>\n<p>\u00abHay mucha gente que piensa que la gripe puede significarle una semana en la cama, pero la realidad es que la gripe cada a\u00f1o en Espa\u00f1a mata a miles y miles de personas, no solamente satura a la existencia de nuestros hospitales\u00bb, ha alertado Azc\u00f3n.<\/p>\n<p>De esta forma, el presidente ha a\u00f1adido que se va a realizar una campa\u00f1a de concienciaci\u00f3n desde el Gobierno Auton\u00f3mico, para la que ha pedido p\u00fablicamente \u00abla colaboraci\u00f3n de los medios de comunicaci\u00f3n para concienciar a la poblaci\u00f3n\u00bb en la enfermedad.<\/p>\n<p>(Noticia en ampliaci\u00f3n&#8230;)<\/p>\n<p>            <a class=\"articulo-relacionado__media\" href=\"https:\/\/www.elindependiente.com\/espana\/2025\/11\/25\/muelas-picadas-cambiar-de-pinata-asi-se-enfango-el-presidente-de-la-diputacion-de-almeria-con-las-mordidas\/\" title=\"&quot;Muelas picadas&quot;, &quot;cambiar de pi\u00f1ata&quot;: as\u00ed se enfang\u00f3 el presidente de la Diputaci\u00f3n de Almer\u00eda con las &quot;mordidas&quot;\" rel=\"nofollow noopener\" target=\"_blank\"><\/p>\n<p>                <img loading=\"lazy\" decoding=\"async\" src=\"data:image\/svg+xml,%3Csvg%20xmlns=\" http:=\"\" width=\"390\" height=\"220\" alt=\"&quot;Muelas picadas&quot;, &quot;cambiar de pi\u00f1ata&quot;: as\u00ed se enfang\u00f3 el presidente de la Diputaci\u00f3n de Almer\u00eda con las &quot;mordidas&quot;\" data-lazy-src=\"https:\/\/www.europesays.com\/es\/wp-content\/uploads\/2025\/11\/javier-aureliano-garcia-390x220.jpg\"\/><\/p>\n<p>\t\t\t            <\/a><\/p>\n<p>PUBLICIDAD<\/p>\n","protected":false},"excerpt":{"rendered":"El presidente de Arag\u00f3n, Jorge Azc\u00f3n, ha anunciado este martes que su gobierno ser\u00e1 el primero en hacer&hellip;\n","protected":false},"author":2,"featured_media":254999,"comment_status":"","ping_status":"","sticky":false,"template":"","format":"standard","meta":{"footnotes":""},"categories":[92],"tags":[4499,25,24,165,166,23],"class_list":{"0":"post-254998","1":"post","2":"type-post","3":"status-publish","4":"format-standard","5":"has-post-thumbnail","7":"category-salud","8":"tag-aragon","9":"tag-es","10":"tag-espana","11":"tag-health","12":"tag-salud","13":"tag-spain"},"share_on_mastodon":{"url":"https:\/\/pubeurope.com\/@es\/115610325241561480","error":""},"_links":{"self":[{"href":"https:\/\/www.europesays.com\/es\/wp-json\/wp\/v2\/posts\/254998","targetHints":{"allow":["GET"]}}],"collection":[{"href":"https:\/\/www.europesays.com\/es\/wp-json\/wp\/v2\/posts"}],"about":[{"href":"https:\/\/www.europesays.com\/es\/wp-json\/wp\/v2\/types\/post"}],"author":[{"embeddable":true,"href":"https:\/\/www.europesays.com\/es\/wp-json\/wp\/v2\/users\/2"}],"replies":[{"embeddable":true,"href":"https:\/\/www.europesays.com\/es\/wp-json\/wp\/v2\/comments?post=254998"}],"version-history":[{"count":0,"href":"https:\/\/www.europesays.com\/es\/wp-json\/wp\/v2\/posts\/254998\/revisions"}],"wp:featuredmedia":[{"embeddable":true,"href":"https:\/\/www.europesays.com\/es\/wp-json\/wp\/v2\/media\/254999"}],"wp:attachment":[{"href":"https:\/\/www.europesays.com\/es\/wp-json\/wp\/v2\/media?parent=254998"}],"wp:term":[{"taxonomy":"category","embeddable":true,"href":"https:\/\/www.europesays.com\/es\/wp-json\/wp\/v2\/categories?post=254998"},{"taxonomy":"post_tag","embeddable":true,"href":"https:\/\/www.europesays.com\/es\/wp-json\/wp\/v2\/tags?post=254998"}],"curies":[{"name":"wp","href":"https:\/\/api.w.org\/{rel}","templated":true}]}}