{"id":255000,"date":"2025-11-25T12:25:20","date_gmt":"2025-11-25T12:25:20","guid":{"rendered":"https:\/\/www.europesays.com\/es\/255000\/"},"modified":"2025-11-25T12:25:20","modified_gmt":"2025-11-25T12:25:20","slug":"premio-a-oriol-pla-y-al-documental-del-caso-rubiales","status":"publish","type":"post","link":"https:\/\/www.europesays.com\/es\/255000\/","title":{"rendered":"premio a Oriol Pla y al documental del caso Rubiales"},"content":{"rendered":"<p style=\"\">El audiovisual patrio no solo viaja mucho y bien sino que tambi\u00e9n triunfa al otro lado del charco. Esta noche, Espa\u00f1a se trajo a casa dos <strong>Emmy Internacionales<\/strong>, unos galardones que entrega cada a\u00f1o la Academia Internacional de la Televisi\u00f3n, las Artes y las  &#8230; Ciencias para celebrar la excelencia de la producci\u00f3n televisiva fuera de Estados Unidos. Por esta ceremonia de la televisi\u00f3n, han pasado varias series espa\u00f1olas como &#8216;Cu\u00e9ntame&#8217; o &#8216;La Casa de Papel&#8217;.<\/p>\n<p class=\"voc-p\" style=\"\"><a href=\"https:\/\/www.abc.es\/play\/cine\/oriol-pla-adicto-gana-premio-feroz-mejor-20250126113915-vi.html\" data-voc-vtm-id=\"in-text-traffic\" title=\"Oriol Pla se impuso a David Mitchell \" rel=\"nofollow noopener\" target=\"_blank\">Oriol Pla se impuso a David Mitchell <\/a>por la serie brit\u00e1nica &#8216;Ludwig&#8217;, a Diego Vasquez, protagonista de la adaptaci\u00f3n de <a href=\"https:\/\/www.abc.es\/play\/series\/noticias\/cien-anos-soledad-maldicion-rota-adaptar-intocable-20241118191400-nt.html\" data-voc-vtm-id=\"in-text-traffic\" title=\"&#039;Cien a\u00f1os de soledad&#039;,\" data-mrf-link=\"www.abc.es\" rel=\"nofollow noopener\" target=\"_blank\">&#8216;Cien a\u00f1os de soledad&#8217;,<\/a> y a Diljit Dosanjh por el biopic indio &#8216;Amar Singh Chamkila&#8217; y se convirti\u00f3 en el primer int\u00e9rprete espa\u00f1ol en llevarse este reconocimiento gracias a su papel en la serie <strong>&#8216;Yo, adicto&#8217;<\/strong>. <\/p>\n<p class=\"voc-p\" style=\"\"><a href=\"https:\/\/www.abc.es\/play\/cine\/oriol-pla-protagoniza-serie-adicto-20240925135419-vi.html\" data-voc-vtm-id=\"in-text-traffic\" title=\"El actor y dramaturgo catal\u00e1n celebr\u00f3 \" rel=\"nofollow noopener\" target=\"_blank\">El actor y dramaturgo catal\u00e1n celebr\u00f3 <\/a>el premio junto a <strong>Javier Giner<\/strong>, creador de la serie de Disney+ y a quien resucita en su momento vital m\u00e1s bajo para acompa\u00f1arlo en el proceso de rehabilitaci\u00f3n y desintoxicaci\u00f3n. Para entenderlo y ayudarlo a quererse a s\u00ed mismo. Para ser su espejo pero tambi\u00e9n para darle la mano. Para conectar con \u00e9l y con todos los que han sufrido algo parecido.<a href=\"https:\/\/www.abc.es\/play\/series\/noticias\/oriol-pla-adiccion-sintoma-desconexion-20241101164445-nt.html\" data-voc-vtm-id=\"in-text-traffic\" title=\" De eso, que es mucho m\u00e1s que sobre drogas, habla tambi\u00e9n &#039;Yo, adicto&#039;,\" rel=\"nofollow noopener\" target=\"_blank\"> De eso, que es mucho m\u00e1s que sobre drogas, habla tambi\u00e9n &#8216;Yo, adicto&#8217;,<\/a> que en el fondo es un viaje de conexiones perdidas de gente que duda. \u00abLa adicci\u00f3n es un s\u00edntoma. Lo contrario de la adicci\u00f3n no es la sobriedad, sino la conexi\u00f3n. Cualquier v\u00eda de escape, sea el alcohol, las compras compulsivas, el trabajo\u2026 Es un s\u00edntoma de una desconexi\u00f3n de uno mismo y de una enfermedad, de un mal emocional, de un malestar interno muy inc\u00f3modo. Por eso las drogas son lo de menos en la serie. Para m\u00ed habla de un mal end\u00e9mico muy pol\u00edtico, muy social, muy mercantil de esta sociedad, en la que la autoexplotaci\u00f3n del optimismo y del realizarse a trav\u00e9s de la mirada externa merma mucho nuestra autoestima y nos a\u00edsla. Es una serie que habla de los v\u00ednculos y las relaciones con los dem\u00e1s, las relaciones profundas, c\u00f3mo el colectivo nos sana como individuos\u00bb, explic\u00f3 a ABC en una entrevista por el estreno de la serie <strong>Oriol Pla<\/strong>, que culmina el gran viaje de &#8216;Yo, adicto&#8217; con un Emmy Internacional que ya acompa\u00f1a al Feroz o al de la Uni\u00f3n de Actores.<\/p>\n<p class=\"voc-p\" style=\"\">El de Oriol Pla no fue el \u00fanico Emmy Internacional que cruzar\u00e1 el charco. Tambi\u00e9n gan\u00f3 al que optaba &#8216;#SeAcab\u00f3&#8217;, el documental de Netflix sobre el caso Rubiales que habla de la experiencia de las jugadoras de la selecci\u00f3n espa\u00f1ola de f\u00fatbol femenino tras ganar el Mundial en 2023 y del beso del presidente de la federaci\u00f3n por entonces a Jenni Hermoso. <\/p>\n<p>\nSin premio en telenovela\n<\/p>\n<p class=\"voc-p\" style=\"\">No pudieron vencer &#8216;Valle Salvaje&#8217; ni &#8216;Regreso a las Sabinas&#8217;, la primera ficci\u00f3n diaria en &#8216;streaming&#8217; en Espa\u00f1a, que compet\u00edan por ser la mejor telenovela y vieron c\u00f3mo la turca &#8216;Deha&#8217; se llevaba el galard\u00f3n en una categor\u00eda que ya reconoci\u00f3 el m\u00fasculo de Espa\u00f1a el a\u00f1o pasado <a href=\"https:\/\/www.abc.es\/play\/television\/noticias\/cambio-ultima-hora-tve-promesa-malas-lenguas-20251028192620-nt.html\" data-voc-vtm-id=\"in-text-traffic\" title=\"premiando a &#039;La Promesa&#039;. \" rel=\"nofollow noopener\" target=\"_blank\">premiando a &#8216;La Promesa&#8217;. <\/a><\/p>\n","protected":false},"excerpt":{"rendered":"El audiovisual patrio no solo viaja mucho y bien sino que tambi\u00e9n triunfa al otro lado del charco.&hellip;\n","protected":false},"author":2,"featured_media":255001,"comment_status":"","ping_status":"","sticky":false,"template":"","format":"standard","meta":{"footnotes":""},"categories":[91],"tags":[6084,1563,38874,146,147,25,24,2661,6144,55498,843,51354,23,11443],"class_list":{"0":"post-255000","1":"post","2":"type-post","3":"status-publish","4":"format-standard","5":"has-post-thumbnail","7":"category-entretenimiento","8":"tag-documental","9":"tag-dos","10":"tag-emmy","11":"tag-entertainment","12":"tag-entretenimiento","13":"tag-es","14":"tag-espana","15":"tag-internacionales","16":"tag-oriol","17":"tag-pla","18":"tag-premio","19":"tag-rubiales","20":"tag-spain","21":"tag-triunfa"},"share_on_mastodon":{"url":"https:\/\/pubeurope.com\/@es\/115610329167542419","error":""},"_links":{"self":[{"href":"https:\/\/www.europesays.com\/es\/wp-json\/wp\/v2\/posts\/255000","targetHints":{"allow":["GET"]}}],"collection":[{"href":"https:\/\/www.europesays.com\/es\/wp-json\/wp\/v2\/posts"}],"about":[{"href":"https:\/\/www.europesays.com\/es\/wp-json\/wp\/v2\/types\/post"}],"author":[{"embeddable":true,"href":"https:\/\/www.europesays.com\/es\/wp-json\/wp\/v2\/users\/2"}],"replies":[{"embeddable":true,"href":"https:\/\/www.europesays.com\/es\/wp-json\/wp\/v2\/comments?post=255000"}],"version-history":[{"count":0,"href":"https:\/\/www.europesays.com\/es\/wp-json\/wp\/v2\/posts\/255000\/revisions"}],"wp:featuredmedia":[{"embeddable":true,"href":"https:\/\/www.europesays.com\/es\/wp-json\/wp\/v2\/media\/255001"}],"wp:attachment":[{"href":"https:\/\/www.europesays.com\/es\/wp-json\/wp\/v2\/media?parent=255000"}],"wp:term":[{"taxonomy":"category","embeddable":true,"href":"https:\/\/www.europesays.com\/es\/wp-json\/wp\/v2\/categories?post=255000"},{"taxonomy":"post_tag","embeddable":true,"href":"https:\/\/www.europesays.com\/es\/wp-json\/wp\/v2\/tags?post=255000"}],"curies":[{"name":"wp","href":"https:\/\/api.w.org\/{rel}","templated":true}]}}