{"id":255004,"date":"2025-11-25T12:27:12","date_gmt":"2025-11-25T12:27:12","guid":{"rendered":"https:\/\/www.europesays.com\/es\/255004\/"},"modified":"2025-11-25T12:27:12","modified_gmt":"2025-11-25T12:27:12","slug":"telefonica-anuncia-un-ere-para-5-319-personas-en-sus-tres-filiales-principales-y-movistar","status":"publish","type":"post","link":"https:\/\/www.europesays.com\/es\/255004\/","title":{"rendered":"Telef\u00f3nica anuncia un ERE para 5.319 personas en sus tres filiales principales y Movistar+"},"content":{"rendered":"<p><strong>Telef\u00f3nica ha anunciado este lunes a los trabajadores expedientes de regulaci\u00f3n de empleo<\/strong> (ERE) para un total de 5.319 personas en Telef\u00f3nica de Espa\u00f1a, Telef\u00f3nica M\u00f3viles y Telef\u00f3nica Soluciones, sus tres filiales principales, y Movistar+, seg\u00fan han informado fuentes de los sindicatos.<\/p>\n<p>De momento,<strong> no ha trascendido el n\u00famero de afectados en las otras tres filiales del grupo<\/strong>, en las que este martes comienzan las reuniones de las mesas de negociaci\u00f3n para materializar m\u00e1s despidos.<\/p>\n<p>Despu\u00e9s de la reuni\u00f3n de este lunes, convocada para estas tres empresas, <strong>Telef\u00f3nica ha anunciado a los sindicatos que uno de los ERE afectar\u00e1 a 3.649 personas de Telef\u00f3nica de Espa\u00f1a; otro a 1.124 de Telef\u00f3nica M\u00f3viles; y 267 de Telef\u00f3nica Soluciones, seg\u00fan han informado este lunes desde UGT.<\/strong><\/p>\n<p>En total, son 5.040 personas las afectadas en los ERE de sus tres sociedades principales, a los que se suman 279 salidas de Movistar+. <br \/>Estas medidas, que se han empezado a negociar este lunes entre empresa y sindicatos, afectar\u00e1 en principio al <strong>41,04 % de la plantilla de Telef\u00f3nica Espa\u00f1a, donde hay 8.892 empleados; el 31,34 % de Telef\u00f3nica M\u00f3viles, donde trabajan 3.587<\/strong> personas; y el 23,89 % de Telef\u00f3nica Soluciones, que emplea a 1.118 personas. En Movistar+, el ERE afecta al 32,45 % de la plantilla, de 860 personas.<\/p>\n<p>UGT y CCOO han exigido en sendas notas de prensa que <strong>cualquier medida de este tipo tiene que ser con car\u00e1cter voluntario.<\/strong><br \/>En este contexto, UGT ha pedido que cualquier medida que se adopte tiene que estar <strong>en consonancia con el \u00faltimo ERE que ya plante\u00f3 la compa\u00f1\u00eda en 2024, en cuando a condiciones<\/strong>, y ha advertido de que no se alcanzar\u00e1 un acuerdo si no se prorroga el actual convenio de estas tres empresas hasta el 2030.<\/p>\n<p>El objetivo es que se extiendan las garant\u00edas y se mejore las condiciones sociolaborales de la plantilla para asumir los retos del nuevo plan estrat\u00e9gico, presentado por el presidente de Telef\u00f3nica, Marc Murtra, el pasado 4 de noviembre.<\/p>\n<p><strong>Por su parte, CCOO ha reclamado que estos ERE sean universales y que enlace con las jubilaciones.<\/strong><br \/>La compa\u00f1\u00eda les ha entregado este lunes a los sindicatos la documentaci\u00f3n tal como exige la normativa y un calendario de reuniones.<\/p>\n<p>Est\u00e1 previsto que este martes a partir de las 9:30 horas comiencen las reuniones en las otras tres jur\u00eddicas de la compa\u00f1\u00eda, donde est\u00e1 previsto que la compa\u00f1\u00eda les anuncie m\u00e1s salidas.<br \/>Concretamente,<strong> se anunciar\u00e1 el relativo a Telef\u00f3nica S.A, Telef\u00f3nica Global Solutions y Telef\u00f3nica Innovaci\u00f3n Digital.<\/strong><br \/>Algunos medios han adelantado que estos expedientes afectar\u00e1n a m\u00e1s de 6.000 personas, un extremo que la direcci\u00f3n de Telef\u00f3nica no ha confirmado.<\/p>\n<p>Por su parte, el ministro de Transformaci\u00f3n Digital y para la Funci\u00f3n P\u00fablica, \u00d3scar L\u00f3pez, ya advirti\u00f3 hace d\u00edas de que cualquier medida de este tipo en Telef\u00f3nica tiene que estar consensuada con los sindicatos.<\/p>\n<p>El ministro de Econom\u00eda, Comercio y Empresa, Carlos Cuerpo, ha afirmado que el Gobierno estar\u00e1 \u00abencima\u00bb del expediente de\u00a0 regulaci\u00f3n de empleo (ERE) para asegurar que la negociaci\u00f3n se lleva a cabo \u00abde la mano de los sindicatos\u00bb.\u00a0<\/p>\n<p>El nuevo plan estrat\u00e9gico, presentado el 4 de noviembre, incluye medidas como una reducci\u00f3n del 25 % de sus costes operativos del centro corporativo y de sus unidades globales (Telef\u00f3nica Tech, Telef\u00f3nica Infra y su unidad de Innovaci\u00f3n), lo que supone una estimaci\u00f3n de unos 2.010 millones en un horizonte de 2030.<br \/><strong>En Telef\u00f3nica, la Sociedad Estatal de Participaciones Industriales (SEPI) tiene el 10 por ciento de las acciones.<\/strong><\/p>\n","protected":false},"excerpt":{"rendered":"Telef\u00f3nica ha anunciado este lunes a los trabajadores expedientes de regulaci\u00f3n de empleo (ERE) para un total de&hellip;\n","protected":false},"author":2,"featured_media":255005,"comment_status":"","ping_status":"","sticky":false,"template":"","format":"standard","meta":{"footnotes":""},"categories":[80],"tags":[82,95,94,25,24,23,64230],"class_list":{"0":"post-255004","1":"post","2":"type-post","3":"status-publish","4":"format-standard","5":"has-post-thumbnail","7":"category-economia","8":"tag-business","9":"tag-economia","10":"tag-economy","11":"tag-es","12":"tag-espana","13":"tag-spain","14":"tag-telefonica-anuncia-un-ere-para-5-319-personas-en-sus-tres-filiales-principales-y-movistar"},"share_on_mastodon":{"url":"https:\/\/pubeurope.com\/@es\/115610337021851264","error":""},"_links":{"self":[{"href":"https:\/\/www.europesays.com\/es\/wp-json\/wp\/v2\/posts\/255004","targetHints":{"allow":["GET"]}}],"collection":[{"href":"https:\/\/www.europesays.com\/es\/wp-json\/wp\/v2\/posts"}],"about":[{"href":"https:\/\/www.europesays.com\/es\/wp-json\/wp\/v2\/types\/post"}],"author":[{"embeddable":true,"href":"https:\/\/www.europesays.com\/es\/wp-json\/wp\/v2\/users\/2"}],"replies":[{"embeddable":true,"href":"https:\/\/www.europesays.com\/es\/wp-json\/wp\/v2\/comments?post=255004"}],"version-history":[{"count":0,"href":"https:\/\/www.europesays.com\/es\/wp-json\/wp\/v2\/posts\/255004\/revisions"}],"wp:featuredmedia":[{"embeddable":true,"href":"https:\/\/www.europesays.com\/es\/wp-json\/wp\/v2\/media\/255005"}],"wp:attachment":[{"href":"https:\/\/www.europesays.com\/es\/wp-json\/wp\/v2\/media?parent=255004"}],"wp:term":[{"taxonomy":"category","embeddable":true,"href":"https:\/\/www.europesays.com\/es\/wp-json\/wp\/v2\/categories?post=255004"},{"taxonomy":"post_tag","embeddable":true,"href":"https:\/\/www.europesays.com\/es\/wp-json\/wp\/v2\/tags?post=255004"}],"curies":[{"name":"wp","href":"https:\/\/api.w.org\/{rel}","templated":true}]}}