{"id":255008,"date":"2025-11-25T12:29:07","date_gmt":"2025-11-25T12:29:07","guid":{"rendered":"https:\/\/www.europesays.com\/es\/255008\/"},"modified":"2025-11-25T12:29:07","modified_gmt":"2025-11-25T12:29:07","slug":"fulminados-tres-altos-cargos-del-cnio-tras-las-denuncias-de-corrupcion-ciencia","status":"publish","type":"post","link":"https:\/\/www.europesays.com\/es\/255008\/","title":{"rendered":"Fulminados tres altos cargos del CNIO tras las denuncias de corrupci\u00f3n | Ciencia"},"content":{"rendered":"<p class=\"\">El patronato del Centro Nacional de Investigaciones Oncol\u00f3gicas (CNIO) ha acordado hoy por unanimidad la reorganizaci\u00f3n de la c\u00fapula del centro. Este movimiento implica la eliminaci\u00f3n de tres altos cargos del organismo vinculados a la anterior etapa. Se trata de la vicedirecci\u00f3n de asuntos econ\u00f3micos, que ostenta Juan Arroyo, la secretar\u00eda general, con Laura Mu\u00f1oz al frente, y el adjunto a la gerencia, <a href=\"https:\/\/elpais.com\/elpais\/2017\/10\/04\/ciencia\/1507137429_162069.html\" target=\"_self\" rel=\"nofollow noopener\" title=\"https:\/\/elpais.com\/elpais\/2017\/10\/04\/ciencia\/1507137429_162069.html\">Jos\u00e9 Ignacio Fern\u00e1ndez Vera<\/a>. Estos puestos quedar\u00e1n suprimidos como parte de una \u201creestructuraci\u00f3n\u201d de la c\u00fapula directiva del CNIO, seg\u00fan fuentes conocedoras del acuerdo, seg\u00fan fuentes conocedoras de la decisi\u00f3n.<\/p>\n<p class=\"\">La propuesta ha sido elevada por el actual director gerente, Jos\u00e9 Manuel Bernab\u00e9, que ostenta su cargo desde septiembre y hab\u00eda llegado con los objetivos de reflotar el CNIO \u2014el mayor centro de investigaci\u00f3n del c\u00e1ncer en Espa\u00f1a\u2014 y aclarar si en el organismo hubo contratos ama\u00f1ados. El Patronato ha dado luz verde al gerente para que ejecute de forma inmediata esta reordenaci\u00f3n organizativa.<\/p>\n<p class=\"\">Bernab\u00e9 tambi\u00e9n ha informado sobre la entrega en \u201cla Fiscal\u00eda de Madrid\u201d de un informe sobre la situaci\u00f3n del centro, en el que \u00e9l ven\u00eda trabajando desde que tom\u00f3 posesi\u00f3n de su cargo el 1 de septiembre y que contiene informaci\u00f3n recabada hasta la fecha de su entrega, 18 de noviembre. El Patronato respalda esta acci\u00f3n y anima al gerente a seguir trabajando en esa l\u00ednea, ha informado el Ministerio de Ciencia.<\/p>\n<p class=\"\">Seg\u00fan otra denuncia previa presentada en Fiscal\u00eda Anticorrupci\u00f3n en junio, Juan Arroyo, que fue director gerente del organismo durante m\u00e1s de 15 a\u00f1os, estaba presuntamente involucrado en la<a href=\"https:\/\/elpais.com\/ciencia\/2025-11-24\/habla-el-denunciante-de-la-presunta-corrupcion-en-el-cnio-es-una-organizacion-mafiosa.html\" target=\"_self\" rel=\"nofollow noopener\" title=\"https:\/\/elpais.com\/ciencia\/2025-11-24\/habla-el-denunciante-de-la-presunta-corrupcion-en-el-cnio-es-una-organizacion-mafiosa.html\"> concesi\u00f3n de contratos irregulares<\/a> a empresas amigas. Las otras dos personas despedidas eran cargos muy cercanos a \u00e9l. <\/p>\n<p class=\"\">El motivo oficial de los ceses es \u201celiminar duplicidades y capas intermedias que no aportan valor diferencial\u201d, \u201cavanzar en la simplificaci\u00f3n y digitalizaci\u00f3n de procesos administrativos, liberar recursos para destinarlos a las prioridades estrat\u00e9gicas del centro, y garantizar la sostenibilidad presupuestaria\u201d, seg\u00fan ha explicado el Ministerio de Ciencia en una nota.<\/p>\n<p class=\"\">En 2017, Jos\u00e9 Ignacio Fern\u00e1ndez Vera dimiti\u00f3 como director general de la Fundaci\u00f3n Espa\u00f1ola para la Ciencia y la Tecnolog\u00eda por \u201cmotivos personales\u201d despu\u00e9s de que este diario desvelase que <a href=\"https:\/\/elpais.com\/elpais\/2016\/12\/22\/ciencia\/1482429267_441578.html\" rel=\"nofollow noopener\" target=\"_blank\">desembols\u00f3 casi 25.000 euros<\/a> en dos a\u00f1os para alquilar coches de alta gama con ch\u00f3fer privado para ir de Madrid a actos en Salamanca, su ciudad natal, y otros lugares de Espa\u00f1a.<\/p>\n<p class=\"\">El Ministerio de Ciencia, Innovaci\u00f3n y Universidades hab\u00eda convocado para este martes una reuni\u00f3n de urgencia del patronato, el \u00f3rgano rector de este centro p\u00fablico, para el an\u00e1lisis de la situaci\u00f3n y toma de decisiones necesarias. La semana pasada se conocieron los detalles de una denuncia presentada en la Fiscal\u00eda Anticorrupci\u00f3n que alerta de <a href=\"https:\/\/elpais.com\/ciencia\/2025-11-18\/cnio-el-mayor-centro-de-investigacion-del-cancer-se-sume-en-una-crisis-judicial-meses-despues-de-cesar-a-sus-maximos-responsables.html\" target=\"_self\" rel=\"nofollow noopener\" title=\"https:\/\/elpais.com\/ciencia\/2025-11-18\/cnio-el-mayor-centro-de-investigacion-del-cancer-se-sume-en-una-crisis-judicial-meses-despues-de-cesar-a-sus-maximos-responsables.html\">contratos supuestamente ama\u00f1ados <\/a>concedidos a empresas relacionadas con la alta direcci\u00f3n del organismo, o con antiguos empleados. <\/p>\n<p class=\"\"><a href=\"https:\/\/elpais.com\/ciencia\/2025-11-24\/habla-el-denunciante-de-la-presunta-corrupcion-en-el-cnio-es-una-organizacion-mafiosa.html\" target=\"_self\" rel=\"nofollow noopener\" title=\"https:\/\/elpais.com\/ciencia\/2025-11-24\/habla-el-denunciante-de-la-presunta-corrupcion-en-el-cnio-es-una-organizacion-mafiosa.html\">El denunciante<\/a>, que comenz\u00f3 a trabajar en el CNIO en 2005 y ha desarrollado all\u00ed buena parte de su carrera profesional, fue despedido en agosto junto a otra directiva del centro con la que supuestamente estaba analizando las cuentas de la entidad y destapando las presuntas irregularidades. Ambos exempleados <a href=\"https:\/\/elpais.com\/ciencia\/2025-11-18\/cnio-el-mayor-centro-de-investigacion-del-cancer-se-sume-en-una-crisis-judicial-meses-despues-de-cesar-a-sus-maximos-responsables.html\" target=\"_self\" rel=\"nofollow noopener\" title=\"https:\/\/elpais.com\/ciencia\/2025-11-18\/cnio-el-mayor-centro-de-investigacion-del-cancer-se-sume-en-una-crisis-judicial-meses-despues-de-cesar-a-sus-maximos-responsables.html\">alertaron en marzo y agosto<\/a> \u2014la denuncia se present\u00f3 a finales de junio\u2014 a dos altos cargos del Ministerio: el secretario de Estado Juan Cruz Cigudosa, y la secretaria general de Investigaci\u00f3n, Eva Ortega Pa\u00edno. Fuentes del departamento que dirige Diana Morant aseguran que se inform\u00f3 someramente al patronato de los despidos y su contexto, y que los miembros no pidieron m\u00e1s detalles; pero hay patronos que niegan haber sido informados de la denuncia. <\/p>\n<p class=\"\">La presidenta del patronato es la secretaria general de Investigaci\u00f3n, Eva Ortega Pa\u00edno, con una presidencia de honor reservada para Diana Morant, quien hoy est\u00e1 en Valencia para la apertura del a\u00f1o acad\u00e9mico y asistir a la entrega de los Premios Jaume I. En el patronato hay adem\u00e1s una vicepresidenta,<a href=\"https:\/\/elpais.com\/ciencia\/2024-06-16\/marina-pollan-epidemiologa-hay-que-prohibir-ya-fumar-en-las-terrazas-de-los-bares.html\" target=\"_self\" rel=\"nofollow noopener\" title=\"https:\/\/elpais.com\/ciencia\/2024-06-16\/marina-pollan-epidemiologa-hay-que-prohibir-ya-fumar-en-las-terrazas-de-los-bares.html\"> Marina Poll\u00e1n<\/a>, directora del Instituto de Salud Carlos III, cuatro vocales natos \u2014Javier Padilla, secretario de Estado de Sanidad, <a href=\"https:\/\/elpais.com\/ciencia\/2022-12-23\/eloisa-del-pino-la-estructura-del-csic-esta-hecha-polvo.html\" target=\"_self\" rel=\"nofollow noopener\" title=\"https:\/\/elpais.com\/ciencia\/2022-12-23\/eloisa-del-pino-la-estructura-del-csic-esta-hecha-polvo.html\">Elo\u00edsa del Pino<\/a>, presidenta del CSIC, Borja Monreal, del Gabinete de Presidencia del Gobierno, y Marta Ortiz, subdirectora general en el Carlos III\u2014, representantes de cuatro comunidades aut\u00f3nomas rotativas, en este caso Baleares, Extremadura, Castilla y Le\u00f3n y Murcia, todas gobernadas por el PP, y tres patronos privados: la Asociaci\u00f3n Espa\u00f1ola Contra el C\u00e1ncer, la Fundaci\u00f3n BBVA y la Fundaci\u00f3n Cris Contra el C\u00e1ncer. Tambi\u00e9n forman parte \u00c1ngela Nieto, representante del Consejo Asesor de Ciencia, Tecnolog\u00eda e Innovaci\u00f3n, y el representante legal del CNIO, que es su nuevo director gerente, Jos\u00e9 Manuel Bernab\u00e9.<\/p>\n<p class=\"\">El <a href=\"https:\/\/elpais.com\/noticias\/cnio-centro-nacional-investigaciones-oncologicas\/\" target=\"_self\" rel=\"nofollow noopener\" title=\"https:\/\/elpais.com\/noticias\/cnio-centro-nacional-investigaciones-oncologicas\/\">CNIO <\/a>lleva m\u00e1s de un a\u00f1o sumido en una profunda crisis que parece no poder superar. Creado en 1998, el organismo es frecuentemente citado como el mayor y mejor centro de investigaci\u00f3n del c\u00e1ncer de Espa\u00f1a, y uno de los mejores del mundo. Pero detr\u00e1s de ese escaparate, el organismo ha experimentado varias crisis profundas desde su creaci\u00f3n. La pen\u00faltima estuvo caracterizada por el enfrentamiento entre su directora cient\u00edfica, <a href=\"https:\/\/elpais.com\/ciencia\/2025-01-29\/el-patronato-del-cnio-destituye-a-maria-blasco-y-al-gerente.html\" target=\"_self\" rel=\"nofollow noopener\" title=\"https:\/\/elpais.com\/ciencia\/2025-01-29\/el-patronato-del-cnio-destituye-a-maria-blasco-y-al-gerente.html\">Mar\u00eda Blasco<\/a>, y su gerente, Juan Arroyo, hasta el punto de que fuentes del centro hablan de una guerra ineterna larvada que impidi\u00f3 el correcto funcionamiento del centro.<\/p>\n<p class=\"\">Hace al menos tres a\u00f1os comienza a ser patente el deterioro de sus instalaciones y las aver\u00edas de instrumentos fundamentales para la investigaci\u00f3n, como los microscopios confocales. De los cuatro de los que dispon\u00eda el organismo, lleg\u00f3 a tener <a href=\"https:\/\/elpais.com\/ciencia\/2024-12-13\/el-mayor-centro-de-investigacion-del-cancer-lleva-anos-sin-los-equipos-necesarios-para-trabajar-estamos-al-limite.html\" target=\"_self\" rel=\"nofollow noopener\" title=\"https:\/\/elpais.com\/ciencia\/2024-12-13\/el-mayor-centro-de-investigacion-del-cancer-lleva-anos-sin-los-equipos-necesarios-para-trabajar-estamos-al-limite.html\">s\u00f3lo uno operativo.<\/a> Asimismo, el animalario, con m\u00e1s de 30.000 ratones de laboratorio, ten\u00eda averiados los sistemas de limpieza, con los problemas de salubridad que eso conlleva. <\/p>\n<p class=\"\">Algunos de sus cient\u00edficos alertaron de los problemas tanto a la direcci\u00f3n cient\u00edfica del organismo, que ostentaba Mar\u00eda Blasco, como al Ministerio de Ciencia en varias ocasiones desde 2022. La crisis no se solucion\u00f3. A finales de 2024, la mitad de los jefes cient\u00edficos del organismo<a href=\"https:\/\/elpais.com\/ciencia\/2024-12-16\/cientificos-del-cnio-el-mayor-centro-de-cancer-de-espana-exigen-al-gobierno-que-cese-a-maria-blasco.html\" rel=\"nofollow noopener\" target=\"_blank\"> exigieron el cese<\/a> de Blasco. Este colectivo estaba especialmente preocupado por el declive del centro como referente nacional e internacional.<\/p>\n<p class=\"\">Seg\u00fan un informe elaborado por estos jefes del CNIO para el Ministerio de Ciencia, la producci\u00f3n de ciencia de alta calidad ha ca\u00eddo en los \u00faltimos a\u00f1os, y tambi\u00e9n la capacidad del organismo de atraer a investigadores de primer nivel. Este colectivo consideraba que parte de la explicaci\u00f3n de estos problemas estaba en la mala gesti\u00f3n de Blasco, que llevaba al frente del CNIO desde 2011 sin que se hubiese planteado su relevo p\u00fablicamente. Adem\u00e1s el centro, con un presupuesto total de unos 40 millones de euros al a\u00f1o, ten\u00eda un d\u00e9ficit de 4,5 millones.<\/p>\n<p class=\"\">Mar\u00eda Blasco y el director gerente del organismo, Juan Arroyo, fueron cesados por el patronato del centro por unanimidad el pasado 29 de enero, como<a href=\"https:\/\/elpais.com\/ciencia\/2025-01-28\/el-patronato-del-cnio-prepara-la-destitucion-de-maria-blasco-tras-la-crisis-por-su-polemica-gestion.html\" rel=\"nofollow noopener\" target=\"_blank\"> adelant\u00f3 este diario<\/a>. Adem\u00e1s de su supuesta mala gesti\u00f3n como responsable cient\u00edfica del centro, sobre Blasco pesaban varias denuncias de <a href=\"https:\/\/elpais.com\/ciencia\/2025-01-28\/hablan-los-denunciantes-de-acoso-en-el-cnio-no-hay-miedo-a-maria-blasco-hay-terror.html\" target=\"_self\" rel=\"nofollow noopener\" title=\"https:\/\/elpais.com\/ciencia\/2025-01-28\/hablan-los-denunciantes-de-acoso-en-el-cnio-no-hay-miedo-a-maria-blasco-hay-terror.html\">acoso laboral<\/a>. El organismo nombr\u00f3 a dos sustitutos provisionales, la gerente Maribel Salido y el director cient\u00edfico Fernando Pel\u00e1ez.<\/p>\n<p class=\"\">La anterior etapa estuvo caracterizada por el enfrentamiento entre Blasco y Arroyo y sus respectivos partidarios. Con los nuevos nombramientos, la situaci\u00f3n no mejor\u00f3, al menos en lo referente a la gesti\u00f3n, hasta el extremo de que el centro despidi\u00f3 a dos directivos con expedientes disciplinarios por <a href=\"https:\/\/elpais.com\/ciencia\/2025-11-18\/cnio-el-mayor-centro-de-investigacion-del-cancer-se-sume-en-una-crisis-judicial-meses-despues-de-cesar-a-sus-maximos-responsables.html#?rel=mas\" target=\"_self\" rel=\"nofollow noopener\" title=\"https:\/\/elpais.com\/ciencia\/2025-11-18\/cnio-el-mayor-centro-de-investigacion-del-cancer-se-sume-en-una-crisis-judicial-meses-despues-de-cesar-a-sus-maximos-responsables.html#?rel=mas\">supuesta desobediencia<\/a> y por presuntamente haber puesto en peligro la integridad del centro y sus trabajadores, seg\u00fan fuentes conocedoras del proceso. Los dos ejecutivos despedidos eran veteranos de la gesti\u00f3n en el CNIO, y hab\u00edan trabajado hombro con hombro junto a Arroyo durante a\u00f1os sin ning\u00fan problema aparente. Pero tras la ca\u00edda del gerente, todo se torci\u00f3. Uno de ellos asegura haberse topado con un amplio cat\u00e1logo de irregularidades en la contrataci\u00f3n y la existencia de una red de empresas amigas en las que reca\u00edan las contrataciones. <\/p>\n<p class=\"\">Este exempleado <a href=\"https:\/\/elpais.com\/ciencia\/2025-11-24\/habla-el-denunciante-de-la-presunta-corrupcion-en-el-cnio-es-una-organizacion-mafiosa.html\" target=\"_self\" rel=\"nofollow noopener\" title=\"https:\/\/elpais.com\/ciencia\/2025-11-24\/habla-el-denunciante-de-la-presunta-corrupcion-en-el-cnio-es-una-organizacion-mafiosa.html\">ha denunciado<\/a> estos hechos ante la Fiscal\u00eda Anticorrupci\u00f3n, que ha admitido la denuncia, pero a\u00fan no ha abierto diligencias ni se ha puesto en contacto con ninguno de los implicados. Un punto clave es si se demuestra que los responsables de la contrataci\u00f3n en el CNIO se llevaban mordidas de esos contratos irregulares, algo que el denunciante no ha detectado.<\/p>\n<p class=\"\">La nueva c\u00fapula permanente del CNIO est\u00e1 a medio cerrar. El nuevo director gerente, Jos\u00e9 Manuel Bernab\u00e9, lleva en su puesto desde septiembre con dos responsabilidades: reflotar el CNIO y aclarar si hubo irregularidades en la contrataci\u00f3n.<\/p>\n<p class=\"\">Ra\u00fal Rabad\u00e1n, f\u00edsico y bioinform\u00e1tico madrile\u00f1o, ha sido designado <a href=\"https:\/\/elpais.com\/ciencia\/2025-09-04\/el-fisico-y-bioinformatico-raul-rabadan-propuesto-como-nuevo-director-del-cnio.html\" target=\"_self\" rel=\"nofollow noopener\" title=\"https:\/\/elpais.com\/ciencia\/2025-09-04\/el-fisico-y-bioinformatico-raul-rabadan-propuesto-como-nuevo-director-del-cnio.html\">nuevo director cient\u00edfico<\/a>, pero a\u00fan no ha podido asumir su cargo debido a que a\u00fan tiene responsabilidades contractuales con su actual empleador, la Universidad de Columbia, en Estados Unidos. Se espera que Rabad\u00e1n pueda comenzar su tarea plenamente a principios del pr\u00f3ximo a\u00f1o, seg\u00fan fuentes del Ministerio de Ciencia.<\/p>\n<p class=\"\">Ayer por la tarde, en un acto en Alicante, los periodistas le preguntaron a Diana Morant por las declaraciones del denunciante en <a href=\"https:\/\/elpais.com\/ciencia\/2025-11-24\/habla-el-denunciante-de-la-presunta-corrupcion-en-el-cnio-es-una-organizacion-mafiosa.html\" target=\"_self\" rel=\"nofollow noopener\" title=\"https:\/\/elpais.com\/ciencia\/2025-11-24\/habla-el-denunciante-de-la-presunta-corrupcion-en-el-cnio-es-una-organizacion-mafiosa.html\">EL PA\u00cdS<\/a>. La ministra de Ciencia, Innovaci\u00f3n y Universidades dijo: \u201cSi en el CNIO ha habido alg\u00fan tipo de irregularidad o se ha malversado cualquier cantidad de dinero que ten\u00eda que haber ido destinada a curar el c\u00e1ncer, tiene toda nuestra condena\u201d. Morant recalc\u00f3 de nuevo que una de las tareas de Bernab\u00e9 es determinar \u201csi se ha cometido alguna irregularidad\u201d. \u201cNo tenemos constancia de la denuncia, pero estamos a disposici\u00f3n de la justicia para pasar la informaci\u00f3n del CNIO que sea necesaria\u201d, a\u00f1adi\u00f3.<\/p>\n<p class=\"\">\u00bfTienes informaci\u00f3n sobre este caso u otro similar? Escr\u00edbenos a ndominguez@elpais.es.<\/p>\n","protected":false},"excerpt":{"rendered":"El patronato del Centro Nacional de Investigaciones Oncol\u00f3gicas (CNIO) ha acordado hoy por unanimidad la reorganizaci\u00f3n de la&hellip;\n","protected":false},"author":2,"featured_media":255009,"comment_status":"","ping_status":"","sticky":false,"template":"","format":"standard","meta":{"footnotes":""},"categories":[8],"tags":[17,18,1066,119,11307,767,10830,25,24,13,14,11,19,20,9,10,15,16,8151,23,12,21,22],"class_list":{"0":"post-255008","1":"post","2":"type-post","3":"status-publish","4":"format-standard","5":"has-post-thumbnail","7":"category-espana","8":"tag-breaking-news","9":"tag-breakingnews","10":"tag-cancer","11":"tag-ciencia","12":"tag-cnio","13":"tag-corrupcion","14":"tag-diana-morant-ripoll","15":"tag-es","16":"tag-espana","17":"tag-featured-news","18":"tag-featurednews","19":"tag-headlines","20":"tag-latest-news","21":"tag-latestnews","22":"tag-news","23":"tag-noticias","24":"tag-noticias-destacadas","25":"tag-noticiasdestacadas","26":"tag-politica-cientifica","27":"tag-spain","28":"tag-titulares","29":"tag-ultimas-noticias","30":"tag-ultimasnoticias"},"share_on_mastodon":{"url":"https:\/\/pubeurope.com\/@es\/115610345280498445","error":""},"_links":{"self":[{"href":"https:\/\/www.europesays.com\/es\/wp-json\/wp\/v2\/posts\/255008","targetHints":{"allow":["GET"]}}],"collection":[{"href":"https:\/\/www.europesays.com\/es\/wp-json\/wp\/v2\/posts"}],"about":[{"href":"https:\/\/www.europesays.com\/es\/wp-json\/wp\/v2\/types\/post"}],"author":[{"embeddable":true,"href":"https:\/\/www.europesays.com\/es\/wp-json\/wp\/v2\/users\/2"}],"replies":[{"embeddable":true,"href":"https:\/\/www.europesays.com\/es\/wp-json\/wp\/v2\/comments?post=255008"}],"version-history":[{"count":0,"href":"https:\/\/www.europesays.com\/es\/wp-json\/wp\/v2\/posts\/255008\/revisions"}],"wp:featuredmedia":[{"embeddable":true,"href":"https:\/\/www.europesays.com\/es\/wp-json\/wp\/v2\/media\/255009"}],"wp:attachment":[{"href":"https:\/\/www.europesays.com\/es\/wp-json\/wp\/v2\/media?parent=255008"}],"wp:term":[{"taxonomy":"category","embeddable":true,"href":"https:\/\/www.europesays.com\/es\/wp-json\/wp\/v2\/categories?post=255008"},{"taxonomy":"post_tag","embeddable":true,"href":"https:\/\/www.europesays.com\/es\/wp-json\/wp\/v2\/tags?post=255008"}],"curies":[{"name":"wp","href":"https:\/\/api.w.org\/{rel}","templated":true}]}}