{"id":255021,"date":"2025-11-25T12:41:16","date_gmt":"2025-11-25T12:41:16","guid":{"rendered":"https:\/\/www.europesays.com\/es\/255021\/"},"modified":"2025-11-25T12:41:16","modified_gmt":"2025-11-25T12:41:16","slug":"la-delicadeza-de-recuperar-un-antiguo-objeto-mas-cadalt-por-fran-silvestre-arquitectos","status":"publish","type":"post","link":"https:\/\/www.europesays.com\/es\/255021\/","title":{"rendered":"La delicadeza de recuperar un antiguo objeto. Mas Cadalt por Fran Silvestre Arquitectos"},"content":{"rendered":"<p class=\"rtejustify text-align-justify\">Fran Silvestre Arquitectos es un estudio con sede en Valencia, fundado en 2005 por el arquitecto Fran Silvestre. El estudio est\u00e1 formado por un equipo multidisciplinar de m\u00e1s de 50 profesionales y opera en el antiguo taller del escultor Andreu Alfaro, un espacio de 7000 m\u00b2. Su trabajo se centra en proyectos residenciales, culturales, corporativos y p\u00fablicos alrededor del mundo, caracterizados por la pureza formal, la modulaci\u00f3n, la serializaci\u00f3n y el uso innovador de materiales y tecnolog\u00edas.<\/p>\n<p class=\"text-align-justify\">Fran Silvestre naci\u00f3 el 5 de julio de 1976 y se gradu\u00f3 en Arquitectura en la Escuela T\u00e9cnica Superior de Arquitectura de Valencia en 2001. Un a\u00f1o despu\u00e9s, se especializ\u00f3 en urbanismo en la Technische Universiteit Eindhoven (TU\/e) en los Pa\u00edses Bajos. Su formaci\u00f3n se enriqueci\u00f3 con una beca para trabajar con el arquitecto portugu\u00e9s \u00c1lvaro Siza, Premio Pritzker, en Oporto, con quien ha mantenido colaboraciones desde entonces. Paralelamente, ha desarrollado una intensa actividad acad\u00e9mica: es profesor en el Departamento de Proyectos de la Universidad Polit\u00e9cnica de Valencia (UPV) desde 2006 y en la Universidad Europea desde 2009. En 2011 fue subdirector de la Escuela T\u00e9cnica Superior de Arquitectura de Valencia y en 2018 obtuvo la C\u00e1tedra V\u00edctor L. Regnier en la Universidad Estatal de Kansas (KSU), en Estados Unidos. Actualmente, tambi\u00e9n dirige la Escuela de Postgrado MArch en Arquitectura y Dise\u00f1o.<\/p>\n<p class=\"text-align-justify\">A lo largo de su trayectoria, Silvestre ha recibido numerosos reconocimientos. Entre ellos, el Premio de la Fundaci\u00f3n Caja de Arquitectos (2001), el Premio del Colegio de Arquitectos COACV (2010) y el Red Dot Design Award (2013). En 2012 fue elegido embajador de la Arquitectura Espa\u00f1ola en Estados Unidos por el Ministerio de Cultura y Deporte. Tambi\u00e9n ha sido galardonado con el NYCxDESIGN Award (2016), el German Design Award en varias ediciones (2016, 2020, 2021 y 2024), el IF Design Award (2021) y el Premio Delta de Bronce de los ADI Awards (2024).<\/p>\n<p class=\"text-align-justify\">Su obra ha sido presentada en instituciones como el MoMA de Nueva York y el Museu Serralves de Oporto, y publicada en revistas como Architectural Record, GA Houses, On-Dise\u00f1o e Interni. Adem\u00e1s, editoriales como Phaidon, Taschen y Thames &amp; Hudson han recogido su trabajo, destacando la monograf\u00eda publicada por Rizzoli de Nueva York con textos del cr\u00edtico Philip Jodidio.<\/p>\n<p class=\"text-align-justify\">Los proyectos de Fran Silvestre Arquitectos se encuentran en diversos pa\u00edses, incluyendo China, Estados Unidos, Brasil, Tailandia, Egipto, Croacia, Italia, Australia, Austria, M\u00e9xico y Espa\u00f1a. Destacan obras como la Casa Atrium (2009), la Casa de la Ladera de un Castillo (2010), la Casa del Acantilado (Alicante), la Casa Balint (Valencia), la Casa en Hollywood Hills (Los \u00c1ngeles), el master plan Zibo (China), el Hotel-boutique en Vis (Croacia) y la Torre E\u00f3lica (Valencia).<\/p>\n<p class=\"text-align-justify\">La arquitectura del estudio est\u00e1 influenciada por \u00c1lvaro Siza y el escultor Andreu Alfaro. Seg\u00fan el cr\u00edtico David Cohn, la obra de Fran Silvestre no se centra en una autenticidad perdida ni en la geometr\u00eda perfecta, sino en la creaci\u00f3n de entornos que eleven la vida cotidiana a trav\u00e9s de un dise\u00f1o preciso e innovador.<\/p>\n","protected":false},"excerpt":{"rendered":"Fran Silvestre Arquitectos es un estudio con sede en Valencia, fundado en 2005 por el arquitecto Fran Silvestre.&hellip;\n","protected":false},"author":2,"featured_media":255022,"comment_status":"","ping_status":"","sticky":false,"template":"","format":"standard","meta":{"footnotes":""},"categories":[173],"tags":[229,233,231,230,232,234,146,147,25,24,23],"class_list":{"0":"post-255021","1":"post","2":"type-post","3":"status-publish","4":"format-standard","5":"has-post-thumbnail","7":"category-arte-y-diseno","8":"tag-arte","9":"tag-arte-y-diseno","10":"tag-arts","11":"tag-arts-and-design","12":"tag-design","13":"tag-diseno","14":"tag-entertainment","15":"tag-entretenimiento","16":"tag-es","17":"tag-espana","18":"tag-spain"},"share_on_mastodon":{"url":"https:\/\/pubeurope.com\/@es\/115610391888465845","error":""},"_links":{"self":[{"href":"https:\/\/www.europesays.com\/es\/wp-json\/wp\/v2\/posts\/255021","targetHints":{"allow":["GET"]}}],"collection":[{"href":"https:\/\/www.europesays.com\/es\/wp-json\/wp\/v2\/posts"}],"about":[{"href":"https:\/\/www.europesays.com\/es\/wp-json\/wp\/v2\/types\/post"}],"author":[{"embeddable":true,"href":"https:\/\/www.europesays.com\/es\/wp-json\/wp\/v2\/users\/2"}],"replies":[{"embeddable":true,"href":"https:\/\/www.europesays.com\/es\/wp-json\/wp\/v2\/comments?post=255021"}],"version-history":[{"count":0,"href":"https:\/\/www.europesays.com\/es\/wp-json\/wp\/v2\/posts\/255021\/revisions"}],"wp:featuredmedia":[{"embeddable":true,"href":"https:\/\/www.europesays.com\/es\/wp-json\/wp\/v2\/media\/255022"}],"wp:attachment":[{"href":"https:\/\/www.europesays.com\/es\/wp-json\/wp\/v2\/media?parent=255021"}],"wp:term":[{"taxonomy":"category","embeddable":true,"href":"https:\/\/www.europesays.com\/es\/wp-json\/wp\/v2\/categories?post=255021"},{"taxonomy":"post_tag","embeddable":true,"href":"https:\/\/www.europesays.com\/es\/wp-json\/wp\/v2\/tags?post=255021"}],"curies":[{"name":"wp","href":"https:\/\/api.w.org\/{rel}","templated":true}]}}