{"id":255023,"date":"2025-11-25T12:43:11","date_gmt":"2025-11-25T12:43:11","guid":{"rendered":"https:\/\/www.europesays.com\/es\/255023\/"},"modified":"2025-11-25T12:43:11","modified_gmt":"2025-11-25T12:43:11","slug":"una-empresa-anuncia-un-nuevo-canal-de-television","status":"publish","type":"post","link":"https:\/\/www.europesays.com\/es\/255023\/","title":{"rendered":"Una empresa anuncia un nuevo canal de televisi\u00f3n"},"content":{"rendered":"<p><strong>Squirrel Media <\/strong>ha transmitido este martes a los inversores su intenci\u00f3n de inaugurar un nuevo canal de televisi\u00f3n el pr\u00f3ximo 1 de enero de 2026. Lo har\u00e1 en una de las dos licencias de TDT que forman parte de Net TV, es decir, de la compa\u00f1\u00eda que compr\u00f3 a Vocento a principios de 2022.<\/p>\n<p>Eso le transfiri\u00f3 la titularidad de dos licencias, que recientemente han sido renovadas por el Gobierno y que podr\u00e1 explotar hasta 2040. En una de ellas, se emite el canal Squirrel actualmente, mientras que, en la otra, Paramount, que ser\u00e1 la cadena que desaparezca pr\u00f3ximamente.<\/p>\n<p>\u00abEste nuevo canal nacional podr\u00e1 ser disfrutado de manera totalmente gratuita por todos los hogares espa\u00f1oles y ofrecer\u00e1 una oferta de entretenimiento centrada en contenidos de ficci\u00f3n de m\u00e1ximo nivel. Asimismo, el canal ser\u00e1 distribuido en las principales plataformas de televisi\u00f3n del pa\u00eds, ampliando as\u00ed su alcance y disponibilidad\u00bb, ha expresado el grupo.<\/p>\n<p>Y ha a\u00f1adido: \u00abLa compa\u00f1\u00eda ha decidido impulsar este nuevo proyecto, articulado sobre la explotaci\u00f3n y difusi\u00f3n de (&#8230;) formatos, t\u00edtulos y cat\u00e1logos propiedad del grupo\u00bb.<\/p>\n<p>Canal minoritario<\/p>\n<p>Los resultados de audiencia que obtiene esta empresa con Squirrel son limitados. De hecho, es uno de los canales menos vistos de la TDT. Su emisi\u00f3n m\u00e1s vista este lunes ni siquiera alcanz\u00f3 los 100.000 espectadores, de media, seg\u00fan los datos de Kantar Media.<\/p>\n<p>Compite con Teledeporte, con Clan y con Real Madrid TV, en la zona de sombra de la TDT.<\/p>\n<p>Cabe recordar que el Gobierno repartir\u00e1 en los pr\u00f3ximos meses una nueva licencia de TDT, dentro de un concurso en el que se han presentado Mediaset, por un lado, y algunos socios minoritarios de Prisa &#8211;cr\u00edticos con su presidente&#8211; por otro.<\/p>\n<p>Mientras, poseen derechos de emisi\u00f3n en la TDT nacional Atresmedia, Mediaset, RTVE, Squirrel, Unidad Editorial, Secuoya, Radio Blanca, 13TV y Real Madrid. <\/p>\n<p>PUBLICIDAD<\/p>\n","protected":false},"excerpt":{"rendered":"Squirrel Media ha transmitido este martes a los inversores su intenci\u00f3n de inaugurar un nuevo canal de televisi\u00f3n&hellip;\n","protected":false},"author":2,"featured_media":255024,"comment_status":"","ping_status":"","sticky":false,"template":"","format":"standard","meta":{"footnotes":""},"categories":[171],"tags":[146,147,25,24,1827,23,807,214],"class_list":{"0":"post-255023","1":"post","2":"type-post","3":"status-publish","4":"format-standard","5":"has-post-thumbnail","7":"category-tv","8":"tag-entertainment","9":"tag-entretenimiento","10":"tag-es","11":"tag-espana","12":"tag-medios","13":"tag-spain","14":"tag-television","15":"tag-tv"},"share_on_mastodon":{"url":"https:\/\/pubeurope.com\/@es\/115610400006159455","error":""},"_links":{"self":[{"href":"https:\/\/www.europesays.com\/es\/wp-json\/wp\/v2\/posts\/255023","targetHints":{"allow":["GET"]}}],"collection":[{"href":"https:\/\/www.europesays.com\/es\/wp-json\/wp\/v2\/posts"}],"about":[{"href":"https:\/\/www.europesays.com\/es\/wp-json\/wp\/v2\/types\/post"}],"author":[{"embeddable":true,"href":"https:\/\/www.europesays.com\/es\/wp-json\/wp\/v2\/users\/2"}],"replies":[{"embeddable":true,"href":"https:\/\/www.europesays.com\/es\/wp-json\/wp\/v2\/comments?post=255023"}],"version-history":[{"count":0,"href":"https:\/\/www.europesays.com\/es\/wp-json\/wp\/v2\/posts\/255023\/revisions"}],"wp:featuredmedia":[{"embeddable":true,"href":"https:\/\/www.europesays.com\/es\/wp-json\/wp\/v2\/media\/255024"}],"wp:attachment":[{"href":"https:\/\/www.europesays.com\/es\/wp-json\/wp\/v2\/media?parent=255023"}],"wp:term":[{"taxonomy":"category","embeddable":true,"href":"https:\/\/www.europesays.com\/es\/wp-json\/wp\/v2\/categories?post=255023"},{"taxonomy":"post_tag","embeddable":true,"href":"https:\/\/www.europesays.com\/es\/wp-json\/wp\/v2\/tags?post=255023"}],"curies":[{"name":"wp","href":"https:\/\/api.w.org\/{rel}","templated":true}]}}