{"id":255027,"date":"2025-11-25T12:45:19","date_gmt":"2025-11-25T12:45:19","guid":{"rendered":"https:\/\/www.europesays.com\/es\/255027\/"},"modified":"2025-11-25T12:45:19","modified_gmt":"2025-11-25T12:45:19","slug":"el-documental-que-rompe-barreras-a-traves-del-testimonio-de-siete-mujeres","status":"publish","type":"post","link":"https:\/\/www.europesays.com\/es\/255027\/","title":{"rendered":"El documental que rompe barreras a trav\u00e9s del testimonio de siete mujeres"},"content":{"rendered":"<p class=\"ft-text\"><a class=\"ft-link ft-link--decoration\" href=\"https:\/\/www.informacion.es\/benidorm\/\" rel=\"nofollow noopener\" target=\"_blank\">Benidorm<\/a> ha acogido este lunes la proyecci\u00f3n de \u00ab<strong>Desnudas<\/strong>\u00ab, el documental dirigido por la periodista y acad\u00e9mica <strong>Esmeralda Marug\u00e1n<\/strong> que recoge los testimonios de siete mujeres de entre 50 y 90 a\u00f1os sobre su <strong>vida \u00edntima, afectiva y sexual<\/strong>. Todo en el marco de <strong>D\u00eda Internacional de la Eliminaci\u00f3n de la Violencia contra la Mujer<\/strong>, que tiene lugar el 25 de noviembre.<\/p>\n<p class=\"ft-text\">El acto se ha celebrado en el sal\u00f3n de actos del Ayuntamiento de Benidorm, siendo presentado por <strong>Rosa Mar\u00eda Lobo<\/strong> y con la presencia de tres de las siete protagonistas y la directora. Y la actuaci\u00f3n de<strong> In\u00e9s Saavedra<\/strong>, que ha compuesto la banda sonora.<\/p>\n<p class=\"ft-text\">A trav\u00e9s de sus vivencias, marcadas por <strong>abusos, desigualdades, maternidades complejas, adicciones o procesos de superaci\u00f3n<\/strong>, la obra construye un retrato sincero de varias generaciones y de las barreras que a\u00fan persisten para la igualdad real.<\/p>\n<p class=\"ft-text\">Son los testimonios de siete mujeres entrevistadas sobre su <strong>vida \u00edntima<\/strong>. Navegando por los momentos m\u00e1s transcendentes de su infancia y adolescencia, que marcaron su futuro, para ser quienes son.<\/p>\n<p class=\"ft-text\">Marug\u00e1n ha explicado que el documental est\u00e1 grabado en La Vila Joiosa, y \u00abson siete mujeres que responden a las preguntas de otra, que soy yo, con un final donde una <strong>terapeuta<\/strong>, una psic\u00f3loga experta en <strong>dolor y en sexolog\u00eda<\/strong>, tiene una puesta en com\u00fan con las siete\u00bb.<\/p>\n<p><img decoding=\"async\" src=\"https:\/\/www.europesays.com\/es\/wp-content\/uploads\/2025\/11\/8d0bd465-1c4e-4c4b-9848-3c429174317e_alta-libre-aspect-ratio_default_0.jpg\" width=\"1200\" height=\"512\" alt=\"Las siete protagonistas con la terapeuta, en un momento del documental\" class=\"ft-helper-img-rd\" loading=\"lazy\"\/><\/p>\n<p class=\"ft-helper-fontColor-quaternary ft-helper-fontSize-body-S ft-helper-spacer-t-xxs\">Las siete protagonistas con la terapeuta, en un momento del documental  \/ INFORMACI\u00d3N<\/p>\n<p class=\"ft-text\">As\u00ed, \u00abpartiendo de la vida sexual e \u00edntima de cada una de ellas, voy haciendo preguntas y cada una responde dependiendo de su <strong>infancia<\/strong>, de su <strong>adolescencia <\/strong>y de las cosas que le hayan ocurrido en la vida. Es absolutamente <strong>aut\u00e9ntico<\/strong>. Crea y despierta diferentes reacciones\u00bb.<\/p>\n<p class=\"ft-text\">As\u00ed, ha destacado que \u00ablas siete mujeres lo hacen sin ning\u00fan \u00e1nimo de lucro, de la misma manera que todos los profesionales que me han ayudado. Todos son profesionales pero aqu\u00ed no hemos tenido <strong>ning\u00fan apoyo pol\u00edtico, ning\u00fan apoyo institucional ni ning\u00fan apoyo econ\u00f3mico<\/strong>. Se ha ido haciendo gracias a la generosidad y profesionalidad de todo el equipo\u00bb.<\/p>\n<p>Tres de sus protagonistas<\/p>\n<p class=\"ft-text\">As\u00ed, de las siete protagonistas, han estado en la proyecci\u00f3n tres: <strong>Lola R\u00f3denas<\/strong>, que tiene 90 a\u00f1os \u00aby que como ella dice, hasta que no se separ\u00f3 de un marido infiel no logr\u00f3 ser ella misma y sacar adelante a sus hijos a los cuarenta a\u00f1os. A partir de los cuarenta a\u00f1os ella estudia, se hace crimin\u00f3loga y es un ejemplo de testimonio, de superaci\u00f3n, pero adem\u00e1s es muy <strong>divertida<\/strong>. Fue una <strong>madre coraje <\/strong>con uno de sus hijos, al que tuvo que sacarle de las drogas en una situaci\u00f3n muy dif\u00edcil en la \u00e9poca donde las drogas formaban parte casi del d\u00eda a d\u00eda de la juventud en aquella \u00e9poca y es un testimonio supervalioso\u00bb, destaca Marug\u00e1n.<\/p>\n<p><img decoding=\"async\" src=\"https:\/\/www.europesays.com\/es\/wp-content\/uploads\/2025\/11\/284aeb2e-cd16-437e-85d2-ead61146227a_alta-libre-aspect-ratio_default_0.jpg\" width=\"1200\" height=\"533\" alt=\"Marug\u00e1n durante una de las entrevistas del documental\" class=\"ft-helper-img-rd\" loading=\"lazy\"\/><\/p>\n<p class=\"ft-helper-fontColor-quaternary ft-helper-fontSize-body-S ft-helper-spacer-t-xxs\">Marug\u00e1n durante una de las entrevistas del documental  \/ INFORMACI\u00d3N<\/p>\n<p class=\"ft-text\">Tambi\u00e9n ha acudido \u00ab<strong>Elisa<\/strong>. Es el testimonio m\u00e1s duro. Ella es pedagoga, profesora de arpa. Pero en su infancia y en su adolescencia vivi\u00f3 situaciones muy duras porque fue una ni\u00f1a <strong>abusada <\/strong>por su padre\u00bb.<\/p>\n<p class=\"ft-text\">Y la tercera es<strong> Carolina Roca<\/strong>, que es fot\u00f3grafa y que \u00abdigamos que representa un poco m\u00e1s el entorno de<strong> familia muy conservadora<\/strong> donde ella se ha<strong> casado tres veces<\/strong> y tiene una hija, que es lo m\u00e1s importante en su vida pero no es de ninguno de sus tres maridos. Es decir, c\u00f3mo rompe esos moldes a pesar de ser una mujer con unos principios muy conservadores\u00bb.<\/p>\n","protected":false},"excerpt":{"rendered":"Benidorm ha acogido este lunes la proyecci\u00f3n de \u00abDesnudas\u00ab, el documental dirigido por la periodista y acad\u00e9mica Esmeralda&hellip;\n","protected":false},"author":2,"featured_media":255028,"comment_status":"","ping_status":"","sticky":false,"template":"","format":"standard","meta":{"footnotes":""},"categories":[169],"tags":[3629,45420,177,6084,794,146,147,25,24,176,3624,175,4044,64241,23,42786],"class_list":{"0":"post-255027","1":"post","2":"type-post","3":"status-publish","4":"format-standard","5":"has-post-thumbnail","7":"category-cine","8":"tag-adolescencia","9":"tag-barreras","10":"tag-cine","11":"tag-documental","12":"tag-drogas","13":"tag-entertainment","14":"tag-entretenimiento","15":"tag-es","16":"tag-espana","17":"tag-film","18":"tag-infancia","19":"tag-movies","20":"tag-mujeres","21":"tag-mujeres-25n","22":"tag-spain","23":"tag-testimonio"},"share_on_mastodon":{"url":"https:\/\/pubeurope.com\/@es\/115610408159883946","error":""},"_links":{"self":[{"href":"https:\/\/www.europesays.com\/es\/wp-json\/wp\/v2\/posts\/255027","targetHints":{"allow":["GET"]}}],"collection":[{"href":"https:\/\/www.europesays.com\/es\/wp-json\/wp\/v2\/posts"}],"about":[{"href":"https:\/\/www.europesays.com\/es\/wp-json\/wp\/v2\/types\/post"}],"author":[{"embeddable":true,"href":"https:\/\/www.europesays.com\/es\/wp-json\/wp\/v2\/users\/2"}],"replies":[{"embeddable":true,"href":"https:\/\/www.europesays.com\/es\/wp-json\/wp\/v2\/comments?post=255027"}],"version-history":[{"count":0,"href":"https:\/\/www.europesays.com\/es\/wp-json\/wp\/v2\/posts\/255027\/revisions"}],"wp:featuredmedia":[{"embeddable":true,"href":"https:\/\/www.europesays.com\/es\/wp-json\/wp\/v2\/media\/255028"}],"wp:attachment":[{"href":"https:\/\/www.europesays.com\/es\/wp-json\/wp\/v2\/media?parent=255027"}],"wp:term":[{"taxonomy":"category","embeddable":true,"href":"https:\/\/www.europesays.com\/es\/wp-json\/wp\/v2\/categories?post=255027"},{"taxonomy":"post_tag","embeddable":true,"href":"https:\/\/www.europesays.com\/es\/wp-json\/wp\/v2\/tags?post=255027"}],"curies":[{"name":"wp","href":"https:\/\/api.w.org\/{rel}","templated":true}]}}