{"id":255031,"date":"2025-11-25T12:47:08","date_gmt":"2025-11-25T12:47:08","guid":{"rendered":"https:\/\/www.europesays.com\/es\/255031\/"},"modified":"2025-11-25T12:47:08","modified_gmt":"2025-11-25T12:47:08","slug":"catalunya-registra-un-ascenso-de-la-incidencia-de-gripe-que-se-mantiene-a-nivel-bajo","status":"publish","type":"post","link":"https:\/\/www.europesays.com\/es\/255031\/","title":{"rendered":"Catalunya registra un ascenso de la incidencia de gripe, que se mantiene a nivel bajo"},"content":{"rendered":"<p>   BARCELONA, 25 Nov. (EUROPA PRESS) &#8211; <\/p>\n<p>   Catalunya ha registrado un ascenso de la incidencia estimada de la gripe, con 81 casos por cada 100.000 habitantes, manteni\u00e9ndose a nivel bajo durante la 44 semana epidemiol\u00f3gica del a\u00f1o &#8211;del 17 al 23 de noviembre&#8211;, seg\u00fan datos del Sistema d&#8217;Informaci\u00f3 per a la Vigil\u00e0ncia d&#8217;Infeccions a Catalunya (Sivic) recabados por Europa Press.<\/p>\n<p>   Durante la semana anterior se observ\u00f3 un cambio de tendencia &#8211;pasando de nivel basal a bajo&#8211;, algo que en la temporada 2024-25 ocurri\u00f3 durante la semana 46 del a\u00f1o, lo que supone un avance de la temporada de gripe estacional \u00abde al menos dos semanas respecto al a\u00f1o anterior\u00bb.<\/p>\n<p>   En la temporada anterior se super\u00f3 el umbral basal a las 3 semanas del inicio del cambio de tendencia, alcanzando una incidencia estimada parecida a la actual 4 semanas despu\u00e9s, mientras en la actual la tendencia en ascenso es \u00abm\u00e1s marcada\u00bb.<\/p>\n<p>COVID Y VRS<\/p>\n<p>   El Sars-Cov2 se mantiene estable a niveles bajos de transmisi\u00f3n, con una incidencia estimada de 5 casos por cada 100.000 habitantes, mientras el VRS registra un ascenso, siguiendo a nivel basal con 37 casos por cada 100.000 habitantes.<\/p>\n<p>   Todos los ingresos por Covid y el 57% de los ingresos por gripe fueron en mayores de 60 a\u00f1os, y el 70% de los ingresos por VRS, en menores de 4.<\/p>\n<p>CONJUNTO DE LAS IRA<\/p>\n<p>   La incidencia del conjunto de las infecciones respiratorias agudas (IRA) es de 609 afectados por 100.000 habitantes, equivalente a 49.424 casos de IRA, en un nivel basal de transmisi\u00f3n.<\/p>\n<p>   La distribuci\u00f3n de virus muestra el rinovirus como el m\u00e1s predominante (42% de las muestras), seguida de la gripe (13,4%) y del VRS y parainfluenzae (6,1%).<\/p>\n<p>   En la poblaci\u00f3n pedi\u00e1trica, la positividad de los multitests muestra la gripe A como los m\u00e1s circulantes (35,4% de las muestras), seguido de VRS (8,2%).<\/p>\n","protected":false},"excerpt":{"rendered":"BARCELONA, 25 Nov. (EUROPA PRESS) &#8211; Catalunya ha registrado un ascenso de la incidencia estimada de la gripe,&hellip;\n","protected":false},"author":2,"featured_media":255032,"comment_status":"","ping_status":"","sticky":false,"template":"","format":"standard","meta":{"footnotes":""},"categories":[92],"tags":[25,24,165,166,23],"class_list":{"0":"post-255031","1":"post","2":"type-post","3":"status-publish","4":"format-standard","5":"has-post-thumbnail","7":"category-salud","8":"tag-es","9":"tag-espana","10":"tag-health","11":"tag-salud","12":"tag-spain"},"share_on_mastodon":{"url":"https:\/\/pubeurope.com\/@es\/115610415698674599","error":""},"_links":{"self":[{"href":"https:\/\/www.europesays.com\/es\/wp-json\/wp\/v2\/posts\/255031","targetHints":{"allow":["GET"]}}],"collection":[{"href":"https:\/\/www.europesays.com\/es\/wp-json\/wp\/v2\/posts"}],"about":[{"href":"https:\/\/www.europesays.com\/es\/wp-json\/wp\/v2\/types\/post"}],"author":[{"embeddable":true,"href":"https:\/\/www.europesays.com\/es\/wp-json\/wp\/v2\/users\/2"}],"replies":[{"embeddable":true,"href":"https:\/\/www.europesays.com\/es\/wp-json\/wp\/v2\/comments?post=255031"}],"version-history":[{"count":0,"href":"https:\/\/www.europesays.com\/es\/wp-json\/wp\/v2\/posts\/255031\/revisions"}],"wp:featuredmedia":[{"embeddable":true,"href":"https:\/\/www.europesays.com\/es\/wp-json\/wp\/v2\/media\/255032"}],"wp:attachment":[{"href":"https:\/\/www.europesays.com\/es\/wp-json\/wp\/v2\/media?parent=255031"}],"wp:term":[{"taxonomy":"category","embeddable":true,"href":"https:\/\/www.europesays.com\/es\/wp-json\/wp\/v2\/categories?post=255031"},{"taxonomy":"post_tag","embeddable":true,"href":"https:\/\/www.europesays.com\/es\/wp-json\/wp\/v2\/tags?post=255031"}],"curies":[{"name":"wp","href":"https:\/\/api.w.org\/{rel}","templated":true}]}}