{"id":255039,"date":"2025-11-25T12:51:10","date_gmt":"2025-11-25T12:51:10","guid":{"rendered":"https:\/\/www.europesays.com\/es\/255039\/"},"modified":"2025-11-25T12:51:10","modified_gmt":"2025-11-25T12:51:10","slug":"las-fuerzas-de-apoyo-rapido-rsf-de-sudan-anuncian-un-alto-el-fuego-de-tres-meses-el-salto","status":"publish","type":"post","link":"https:\/\/www.europesays.com\/es\/255039\/","title":{"rendered":"Las Fuerzas de Apoyo R\u00e1pido (RSF) de Sud\u00e1n anuncian un alto el fuego de tres meses &#8211; El Salto"},"content":{"rendered":"<p>Tras dos a\u00f1os de guerra, miles de muertos \u2014se calcula que m\u00e1s de 40.000\u2014 y un saldo de 14 millones de personas desplazadas internamente; hace unas horas el\u00a0 comandante de las Fuerzas de Apoyo R\u00e1pido (RSF), Mohamed Hamdan Dagalo, conocido como Hemedti, ha anunciado una tregua humanitaria que est\u00e1 previsto que dure tres meses.<\/p>\n<p>Seg\u00fan reporta la agencia EFE: \u201cEn base de nuestra responsabilidad y en respuesta a los esfuerzos internacionales encabezados por la iniciativa (de paz) del presidente estadounidense, Donald Trump, (\u2026) anunciamos una tregua humanitaria de tres meses\u201d, ha dicho Hemedti. Las RSF, responden, de esta manera a la propuesta liderada por Estados Unidos y en la que tambi\u00e9n se encuentran Arabia Saud\u00ed, Egipto y los Emiratos \u00c1rabes Unidos hecha el pasado mes de septiembre y que ten\u00eda como eje esta tregua humanitaria.<\/p>\n<p>La otra parte, y en el momento en el que se escriben estas l\u00edneas, las Fuerzas Armadas Sudanesas (SAF, por sus siglas en ingl\u00e9s), lideradas por el general Abdel Fattah Al-Burhan, no ha confirmado la aceptaci\u00f3n de esta tregua. Entre las condiciones de Al Burhan destacan la salida de los Emiratos \u00c1rabes Unidos del equipo mediador y la retirada de las milicias de las RSF de las ciudades capturadas. S\u00ed ha trascendido, sin embargo, que Al-Burham rechaz\u00f3, durante la madrugada del domingo una propuesta hecha por Estados Unidos y los socios mencionados, conocido este grupo como Quad. El Quad, as\u00ed como la Uni\u00f3n Africana (UA) estaban al tanto de este anuncio de tregua y le habr\u00edan dado su apoyo.<\/p>\n<p>La crisis humanitaria m\u00e1s grave del planeta<\/p>\n<p>En el anuncio, Hemedti habla de \u201creforzar la seguridad para los civiles, facilitar la llegada de ayuda y dar un rayo de esperanza a la gente\u201d; algo que resulta parad\u00f3jico teniendo en cuenta las matanzas indiscriminadas que han perpetrado sus soldados durante los \u00faltimos meses y que han provocado que la de Sud\u00e1n sea, hoy por hoy, la crisis humanitaria m\u00e1s importante en el \u00e1mbito global.\u00a0<\/p>\n<p>Otra de las paradojas en este conflicto es el papel y las contradicciones de los Emiratos \u00c1rabes Unidos, quienes, por un lado, apoyan las propuestas de paz, a la vez que arman \u2014aunque la EAU lo niega hay informes internacionales que as\u00ed lo han corroborado\u2014 a las milicias de las RSF. Unas milicias que, durante las \u00faltimas semanas han estado enterrando grandes cantidades de cad\u00e1veres, con la intenci\u00f3n de no dejar pruebas de las masacres cometidas, seg\u00fan han demostrado las im\u00e1genes por sat\u00e9lite.<\/p>\n<p>La propuesta, que tambi\u00e9n incluye la creaci\u00f3n de un mecanismo de monitoreo supervisado por el Quad, la Uni\u00f3n Africana y la IGAD (la Autoridad Intergubernamental para el Desarrollo), quiere ser el primer paso a una soluci\u00f3n pol\u00edtica a una guerra que ya hace dos a\u00f1os que dura y que tiene que ver con el reparto de las cuotas de poder entre las dos facciones.<\/p>\n<p>Tras lo ocurrido durante estos dos a\u00f1os, es complicado que\u00a0 las RSF, que el pasado 26 de octubre tomaron <a href=\"https:\/\/www.elsaltodiario.com\/sudan\/fasher-ultima-matanza-revive-horror-sudan\" target=\"_blank\" rel=\"nofollow noopener\">el control de la ciudad de el-Fasher<\/a>, capital del estado de Darfur del Norte, y masacraron a su poblaci\u00f3n, encuentren un encaje en el poder de cara al futuro. Las RSF tambi\u00e9n han contribuido a una de las crisis humanitarias m\u00e1s graves de la historia mediante el impedimento de la entrada de alimentos y otros art\u00edculos de primera necesidad; han saqueado aldeas enteras y han usado la violencia sexual contra menores y mujeres como arma de guerra. La ejecuci\u00f3n sumaria de la poblaci\u00f3n civil ha sido, hasta el momento, su se\u00f1a de identidad.\u00a0<\/p>\n<p>Los dos bandos, no obstante, est\u00e1n acusados de cometer <a href=\"https:\/\/www.elsaltodiario.com\/sudan\/darfur-crisis-humanitaria-crimenes-lesa-humanidad-segun-tribunal-penal-internacional\" target=\"_blank\" rel=\"nofollow noopener\">cr\u00edmenes de guerra<\/a>. El pasado mes de julio, la\u00a0fiscal adjunta del Tribunal Penal Internacional (TPI) en La Haya, Nazhat Shameem Khan, ya advirti\u00f3 que se estaban llevando a cabo cr\u00edmenes de lesa humanidad en el territorio.\u00a0De hecho, habr\u00e1 que ver qu\u00e9 recorrido tiene esta tregua humanitaria y si es respetada por las partes en lucha; ya que los diferentes esfuerzos anteriores por parar los combates han ca\u00eddo en saco roto.<\/p>\n","protected":false},"excerpt":{"rendered":"Tras dos a\u00f1os de guerra, miles de muertos \u2014se calcula que m\u00e1s de 40.000\u2014 y un saldo de&hellip;\n","protected":false},"author":2,"featured_media":255040,"comment_status":"","ping_status":"","sticky":false,"template":"","format":"standard","meta":{"footnotes":""},"categories":[42],"tags":[17,18,2262,629,13,14,4975,11,61,62,63,64,19,20,9,10,15,16,12,21,22,65,66,67],"class_list":{"0":"post-255039","1":"post","2":"type-post","3":"status-publish","4":"format-standard","5":"has-post-thumbnail","7":"category-internacional","8":"tag-breaking-news","9":"tag-breakingnews","10":"tag-crisis-humanitaria","11":"tag-estados-unidos","12":"tag-featured-news","13":"tag-featurednews","14":"tag-global","15":"tag-headlines","16":"tag-internacional","17":"tag-international","18":"tag-international-news","19":"tag-internationalnews","20":"tag-latest-news","21":"tag-latestnews","22":"tag-news","23":"tag-noticias","24":"tag-noticias-destacadas","25":"tag-noticiasdestacadas","26":"tag-titulares","27":"tag-ultimas-noticias","28":"tag-ultimasnoticias","29":"tag-world","30":"tag-world-news","31":"tag-worldnews"},"share_on_mastodon":{"url":"https:\/\/pubeurope.com\/@es\/115610431310884381","error":""},"_links":{"self":[{"href":"https:\/\/www.europesays.com\/es\/wp-json\/wp\/v2\/posts\/255039","targetHints":{"allow":["GET"]}}],"collection":[{"href":"https:\/\/www.europesays.com\/es\/wp-json\/wp\/v2\/posts"}],"about":[{"href":"https:\/\/www.europesays.com\/es\/wp-json\/wp\/v2\/types\/post"}],"author":[{"embeddable":true,"href":"https:\/\/www.europesays.com\/es\/wp-json\/wp\/v2\/users\/2"}],"replies":[{"embeddable":true,"href":"https:\/\/www.europesays.com\/es\/wp-json\/wp\/v2\/comments?post=255039"}],"version-history":[{"count":0,"href":"https:\/\/www.europesays.com\/es\/wp-json\/wp\/v2\/posts\/255039\/revisions"}],"wp:featuredmedia":[{"embeddable":true,"href":"https:\/\/www.europesays.com\/es\/wp-json\/wp\/v2\/media\/255040"}],"wp:attachment":[{"href":"https:\/\/www.europesays.com\/es\/wp-json\/wp\/v2\/media?parent=255039"}],"wp:term":[{"taxonomy":"category","embeddable":true,"href":"https:\/\/www.europesays.com\/es\/wp-json\/wp\/v2\/categories?post=255039"},{"taxonomy":"post_tag","embeddable":true,"href":"https:\/\/www.europesays.com\/es\/wp-json\/wp\/v2\/tags?post=255039"}],"curies":[{"name":"wp","href":"https:\/\/api.w.org\/{rel}","templated":true}]}}