{"id":255044,"date":"2025-11-25T12:58:20","date_gmt":"2025-11-25T12:58:20","guid":{"rendered":"https:\/\/www.europesays.com\/es\/255044\/"},"modified":"2025-11-25T12:58:20","modified_gmt":"2025-11-25T12:58:20","slug":"carlos-lo-hace-muy-a-menudo-jannik-con-menos-frecuencia","status":"publish","type":"post","link":"https:\/\/www.europesays.com\/es\/255044\/","title":{"rendered":"Carlos lo hace muy a menudo, Jannik con menos frecuencia"},"content":{"rendered":"<p><b>Carlos Alcaraz <\/b>y<b> Jannik Sinner<\/b> han librado varias batallas ten\u00edsticas esta temporada, ofreciendo a los aficionados a este deporte aut\u00e9nticos partidazos y grandes momentos, como la memorable <b><a title=\"final de Roland Garros\" href=\"https:\/\/www.antena3.com\/noticias\/deportes\/tenis\/alcaraz-sinner-final-roland-garros-2025-directo-resultado-minuto-minuto-ultima-hora-partido-hoy_20250608684579984c9357775b853cb6.html\" target=\"_blank\" rel=\"nofollow noopener\">final de Roland Garros<\/a><\/b> o la <b><a title=\"reciente final de las Nitto ATP Finals\" href=\"https:\/\/www.antena3.com\/noticias\/deportes\/tenis\/carlos-alcaraz-jannik-sinner-directo-ultima-hora-final-atp-finals-2025_202511166919c97aeba8bc0ece020e77.html\" target=\"_blank\" rel=\"nofollow noopener\">reciente final de las Nitto ATP Finals<\/a><\/b> en Tur\u00edn. El jugador espa\u00f1ol, actual n\u00famero 1 del mundo, se ha impuesto en las finales de <b><a title=\"Roma\" href=\"https:\/\/www.antena3.com\/noticias\/deportes\/tenis\/carlos-alcaraz-jannik-sinner-directo-ultima-hora-gran-final-masters-roma_202505186829ef98176f225ec6256dd8.html\" target=\"_blank\" rel=\"nofollow noopener\">Roma<\/a><\/b>, <b>Roland Garros<\/b>, <b><a title=\"Cincinnati\" href=\"https:\/\/www.antena3.com\/noticias\/deportes\/tenis\/alcaraz-lleva-masters-cincinnati-retirada-sinner-enfila-numero-uno_2025081968a4380797dddb0112a1dd94.html\" target=\"_blank\" rel=\"nofollow noopener\">Cincinnati<\/a><\/b> y <b><a title=\"US Open\" href=\"https:\/\/www.antena3.com\/noticias\/deportes\/tenis\/jannik-sinner-carlos-alcaraz-directo-resultado-ultima-hora-final-tenis-open_2025090768bd7ade8f77821956b9044b.html\" target=\"_blank\" rel=\"nofollow noopener\">US Open<\/a><\/b>; mientras que el tenista italiano gan\u00f3 las finales de <b><a title=\"Wimbledon\" href=\"https:\/\/www.antena3.com\/noticias\/deportes\/tenis\/jannik-sinner-carlos-alcaraz-directo-resultado-ultima-hora-final-tenis-wimbledon_20250713687397003c6d9a1f9476e95c.html\" target=\"_blank\" rel=\"nofollow noopener\">Wimbledon<\/a><\/b>, <b><a title=\"Six Kings Slam\" href=\"https:\/\/www.antena3.com\/noticias\/deportes\/tenis\/carlos-alcaraz-jannik-sinner-directo-resultado-ultima-hora-final-six-kings-slam_2025101868f3cb21dc27b32ca38b850c.html\" target=\"_blank\" rel=\"nofollow noopener\">Six Kings Slam<\/a><\/b> y <b>Nitto ATP Finals<\/b>.<\/p>\n<p>Hasta en siete ocasiones -contando la exhibici\u00f3n del Six Kings Slam- se han medido los dominadores del circuito ATP en 2025, con un balance de 4-3 para el tenista murciano, quien domina el cara a cara por 10-6. Adem\u00e1s, Jannik y Carlos han ganado dos grand slam cada uno esta temporada: Sinner se coron\u00f3 en <b><a title=\"el Open de Australia\" href=\"https:\/\/www.antena3.com\/noticias\/deportes\/tenis\/jannik-sinner-opciones-zverev-revalida-titulo-australia_2025012667961f4d47e9a00001e93280.html\" target=\"_blank\" rel=\"nofollow noopener\">el Open de Australia<\/a><\/b> y <b>Wimbledon<\/b>, mientras que Alcaraz lo hizo en <b>Roland Garros<\/b> y <b>US Open<\/b>. La guinda final fue el pasado 16 de noviembre en la final de las Nitto ATP Finals, donde el de San C\u00e1ndido se coron\u00f3 maestro por segunda vez en su carrera.<\/p>\n<p>La rivalidad entre el tenista espa\u00f1ol y el italiano han dado paso a una nueva era en el tenis, un &#8216;Big Two&#8217; en el que el de El Palmar y el de San C\u00e1ndido se reparten los grandes torneos del circuito ATP. Sus duelos en la pista siempre contraponen dos estilos: la fiabilidad y regularidad de Sinner frente a la improvisaci\u00f3n y genialidades de Alcaraz. Tambi\u00e9n hay diferencias en c\u00f3mo gestionan los malos momentos en la pista; Jannik se suele mostrar fr\u00edo y no expresa mucho sus emociones, sin apenas gesticular o intercambiar opiniones con su equipo t\u00e9cnico. En cambio, Alcaraz s\u00ed suele ser m\u00e1s expresivo cuando el partido no marcha bien y <b><a title=\"suele ser bastante expresivo\" href=\"https:\/\/www.antena3.com\/noticias\/deportes\/tenis\/derroche-sinceridad-alcaraz-plena-final-wimbledon-sinner-mucho-mejor-que_20250713687416573c6d9a1f94773e48.html\" target=\"_blank\" rel=\"nofollow noopener\">suele ser bastante expresivo<\/a><\/b> con sus entrenadores (Juan Carlos Ferrero y Samu L\u00f3pez). Esa diferencia es la que ha se\u00f1alado <b>Maria Sharapova<\/b>, extenista y leyenda de este deporte, en una entrevista &#8216;T<b>he David Rubenstein Show<\/b>&#8216;.<\/p>\n<p>La ganadora de cinco grand slam y exn\u00famero 1 del mundo analiz\u00f3 c\u00f3mo gestionan los tenistas en la actualidad los malos momentos en pista con su equipo t\u00e9cnico y c\u00f3mo lo hac\u00edan en su \u00e9poca, cuando apenas se pod\u00eda hablar con los entrenadores durante los partidos.<\/p>\n<p>\u00abDepende de c\u00f3mo vaya el partido. Hay veces que le dir\u00eda a mi entrenador que es suficiente. Pero s\u00ed, creo que el estr\u00e9s de la situaci\u00f3n influye en la comunicaci\u00f3n entre jugador y entrenador. A algunos jugadores les encanta; se comunican abiertamente con sus entrenadores. S\u00e9 que <b>Alcaraz lo hace muy a menudo, mientras que otros, creo que Sinner, lo hacen con menos frecuencia<\/b>\u00ab, indic\u00f3 Maria Sharapova sobre c\u00f3mo gestionan los malos momentos Carlos y Jannik.<\/p>\n<p>Una opini\u00f3n la de Sharapova que echando la vista atr\u00e1s s\u00ed parece ser verdad. No hay m\u00e1s que recordar los lamentos de Alcaraz en la final de Wimbledon o sus quejas ante Ferrero en su partido ante Cameron Norrie en el Masters de Par\u00eds frente a la frialdad que suele mostrar Jannik Sinner en los momentos calientes y complicados de los partidos.<\/p>\n<p>S\u00edguenos en nuestro <a title=\"canal de WhatsApp\" href=\"https:\/\/www.whatsapp.com\/channel\/0029Va6BhYH2phHPnlatwW3b\" target=\"_blank\" rel=\"nofollow noopener\"><strong>canal de WhatsApp<\/strong><\/a> y no te pierdas la \u00faltima hora y toda la actualidad en nuestro <b><a title=\"perfil de Google\" href=\"https:\/\/profile.google.com\/cp\/CgovbS8wMngwNnFy\" target=\"_blank\" rel=\"nofollow noopener\">perfil de Google<\/a>.<\/b>        <\/p>\n<p>   <img decoding=\"async\" title=\"Florentino P\u00e9rez en la Asamblea de Socios del Real Madrid\" alt=\"Florentino P\u00e9rez en la Asamblea de Socios del Real Madrid\" width=\"480\" height=\"270\" src=\"https:\/\/www.europesays.com\/es\/wp-content\/uploads\/2025\/11\/1764075500_437_florentino-perez-asamblea-socios-real-madrid_70.jpg\" loading=\"lazy\" class=\"lazy\"\/><\/p>\n","protected":false},"excerpt":{"rendered":"Carlos Alcaraz y Jannik Sinner han librado varias batallas ten\u00edsticas esta temporada, ofreciendo a los aficionados a este&hellip;\n","protected":false},"author":2,"featured_media":255045,"comment_status":"","ping_status":"","sticky":false,"template":"","format":"standard","meta":{"footnotes":""},"categories":[274],"tags":[168,25,24,23,167,327,326],"class_list":{"0":"post-255044","1":"post","2":"type-post","3":"status-publish","4":"format-standard","5":"has-post-thumbnail","7":"category-tenis","8":"tag-deportes","9":"tag-es","10":"tag-espana","11":"tag-spain","12":"tag-sports","13":"tag-tenis","14":"tag-tennis"},"share_on_mastodon":{"url":"https:\/\/pubeurope.com\/@es\/115610459411410397","error":""},"_links":{"self":[{"href":"https:\/\/www.europesays.com\/es\/wp-json\/wp\/v2\/posts\/255044","targetHints":{"allow":["GET"]}}],"collection":[{"href":"https:\/\/www.europesays.com\/es\/wp-json\/wp\/v2\/posts"}],"about":[{"href":"https:\/\/www.europesays.com\/es\/wp-json\/wp\/v2\/types\/post"}],"author":[{"embeddable":true,"href":"https:\/\/www.europesays.com\/es\/wp-json\/wp\/v2\/users\/2"}],"replies":[{"embeddable":true,"href":"https:\/\/www.europesays.com\/es\/wp-json\/wp\/v2\/comments?post=255044"}],"version-history":[{"count":0,"href":"https:\/\/www.europesays.com\/es\/wp-json\/wp\/v2\/posts\/255044\/revisions"}],"wp:featuredmedia":[{"embeddable":true,"href":"https:\/\/www.europesays.com\/es\/wp-json\/wp\/v2\/media\/255045"}],"wp:attachment":[{"href":"https:\/\/www.europesays.com\/es\/wp-json\/wp\/v2\/media?parent=255044"}],"wp:term":[{"taxonomy":"category","embeddable":true,"href":"https:\/\/www.europesays.com\/es\/wp-json\/wp\/v2\/categories?post=255044"},{"taxonomy":"post_tag","embeddable":true,"href":"https:\/\/www.europesays.com\/es\/wp-json\/wp\/v2\/tags?post=255044"}],"curies":[{"name":"wp","href":"https:\/\/api.w.org\/{rel}","templated":true}]}}