{"id":255056,"date":"2025-11-25T13:07:10","date_gmt":"2025-11-25T13:07:10","guid":{"rendered":"https:\/\/www.europesays.com\/es\/255056\/"},"modified":"2025-11-25T13:07:10","modified_gmt":"2025-11-25T13:07:10","slug":"michael-jackson-y-ruben-blades-la-historia-detras-de-la-unica-cancion-en-espanol-del-rey-del-pop-musica","status":"publish","type":"post","link":"https:\/\/www.europesays.com\/es\/255056\/","title":{"rendered":"Michael Jackson y Rub\u00e9n Blades: la historia detr\u00e1s de la \u00fanica canci\u00f3n en espa\u00f1ol del &#8216;Rey del Pop&#8217; &#8211; M\u00fasica"},"content":{"rendered":"<p>Cuando <a href=\"https:\/\/www.tvn-2.com\/temas\/michael-jackson\/\" rel=\"nofollow noopener\" target=\"_blank\">Michael Jackson<\/a> trabajaba en la producci\u00f3n de Bad en 1987, ya era una figura global.  Pero incluso en la cima, el <strong>Rey del Pop buscaba romper sus propias fronteras<\/strong>. Ese a\u00f1o tom\u00f3 una decisi\u00f3n inesperada: grabar una versi\u00f3n en espa\u00f1ol de su balada <a href=\"https:\/\/es.wikipedia.org\/wiki\/I_Just_Can%27t_Stop_Loving_You\" rel=\"nofollow noopener\" target=\"_blank\">I Just Can\u2019t Stop Loving You,<\/a> sin saber que aquel experimento se convertir\u00eda en una pieza de culto dentro de su legado musical. Detr\u00e1s de ese reto hab\u00eda un arquitecto silencioso: <a href=\"https:\/\/www.tvn-2.com\/temas\/ruben-blades\/\" rel=\"nofollow noopener\" target=\"_blank\">Rub\u00e9n Blades<\/a>.<\/p>\n<p>La industria discogr\u00e1fica estadounidense ve\u00eda en la comunidad latina un mercado en pleno ascenso. Jackson y su equipo, liderado por Quincy Jones, entendieron r\u00e1pidamente el potencial y decidieron explorar ese espacio. El problema era evidente: <strong>Michael no hablaba espa\u00f1ol<\/strong>. Y Jones necesitaba a alguien capaz de traducir m\u00e1s que palabras; alguien que transmitiera ritmo, alma y acento.<\/p>\n<p><strong>Te puede interesar: <\/strong><a href=\"https:\/\/www.tvn-2.com\/entretenimiento\/cine-y-tv\/kevin-spacey-revela-vive-hogar-tras-siete-anos-crisis-desplome-carrera_1_2215798.html\" target=\"_blank\" rel=\"nofollow noopener\"><strong>Kevin Spacey revela que vive &#8216;sin hogar&#8217; tras siete a\u00f1os de crisis y el desplome de su carrera<\/strong><\/a><\/p>\n<p><strong>All\u00ed entr\u00f3 en escena Rub\u00e9n Blades<\/strong>, ya reconocido en el mundo por su trabajo como compositor, m\u00fasico y referente indiscutible de la salsa. En entrevistas posteriores con Time Out y Univisi\u00f3n, Blades record\u00f3 que Quincy Jones lo busc\u00f3 espec\u00edficamente para supervisar el proceso ling\u00fc\u00edstico y fon\u00e9tico del cantante. La misi\u00f3n: convertir I Just Can\u2019t Stop Loving You en la canci\u00f3n Todo Mi Amor Eres T\u00fa.<\/p>\n<p>Blades relat\u00f3 que pas\u00f3 tres d\u00edas intensos junto a Michael dentro del estudio, ense\u00f1\u00e1ndole fon\u00e9tica, acentuaci\u00f3n y cadencia. Lo que encontr\u00f3 lo sorprendi\u00f3 profundamente.<\/p>\n<p>                            <img decoding=\"async\" data-debug=\"51\" class=\"lazy\" src=\"data:image\/svg+xml,%3Csvg xmlns=&quot;http:\/\/www.w3.org\/2000\/svg&quot; viewBox=&quot;0 0 16 9&quot;%3E%3C\/svg%3E\" alt=\"Rub\u00e9n Blades, cantautor paname\u00f1o\" height=\"9\" width=\"16\" fetchpriority=\"high\"\/><\/p>\n<p>        Rub\u00e9n Blades, cantautor paname\u00f1o<br \/>\n                    \/ AFP<\/p>\n<p>El paname\u00f1o describi\u00f3 a Jackson como \u201c<strong>un alumno dedicado, muy preocupado por la pronunciaci\u00f3n correcta\u201d, <\/strong>una cualidad que explicaba la sorprendente claridad con la que termin\u00f3 interpretando el espa\u00f1ol. De hecho, seg\u00fan confes\u00f3, algunos productores creyeron inicialmente que la voz no era la de Michael, porque el acento sonaba demasiado natural.<\/p>\n<p>La versi\u00f3n en espa\u00f1ol fue publicada en 1987 y a\u00f1os m\u00e1s tarde rescatada para el disco Bad 25 Anniversary en 2012, aumentando su valor simb\u00f3lico para fan\u00e1ticos de todo el mundo.<\/p>\n<p><strong>Te puede interesar: <\/strong><a href=\"https:\/\/www.tvn-2.com\/entretenimiento\/musica\/ariana-grande-confirma-diagnostico-covid-plena-promocion-wicked-for-good_1_2215803.html\" target=\"_blank\" rel=\"nofollow noopener\"><strong>Ariana Grande confirma diagn\u00f3stico de Covid en plena promoci\u00f3n de Wicked<\/strong><\/a><\/p>\n<p>Aunque para muchos el encuentro entre Jackson y Blades parece improbable, el v\u00ednculo creativo ya ven\u00eda gest\u00e1ndose. El paname\u00f1o inform\u00f3 que Jones conoc\u00eda bien su obra, al punto de haber adaptado los acordes iniciales de Pedro Navaja para la introducci\u00f3n de Thriller, un hecho confirmado por medios como RPP Noticias. <strong>\u201cConoc\u00eda mis canciones y era fan de la salsa\u201d,<\/strong> record\u00f3 Blades, a\u00fan sorprendido por la an\u00e9cdota.<\/p>\n<p>Tras trabajar juntos, Michael llam\u00f3 personalmente a Blades con una propuesta ambiciosa: grabar un \u00e1lbum completo en espa\u00f1ol. Pero entre giras y compromisos globales, la idea qued\u00f3 en pausa permanente.<\/p>\n<p>En un movimiento poco habitual en la industria, <strong>Michael Jackson decidi\u00f3 reconocer formalmente el aporte de Rub\u00e9n Blades <\/strong>otorg\u00e1ndole el 35% de los cr\u00e9ditos y regal\u00edas de Todo Mi Amor Eres T\u00fa. Seg\u00fan explic\u00f3 el paname\u00f1o, fue un acto de profundo respeto hacia su trabajo y hacia la m\u00fasica latina.<\/p>\n<p>Durante las sesiones, ambos conversaron largamente sobre historia, pol\u00edtica y cultura latinoamericana. Blades describi\u00f3 a Jackson como \u201c<strong>un ni\u00f1o adulto, pero un profesional completo\u201d,<\/strong> mostrando una faceta que pocas veces trascendi\u00f3 a la prensa.<\/p>\n<p>Este a\u00f1o se conmemoran 15 a\u00f1os de la muerte de Michael Jackson, ocurrida el 25 de junio de 2009 debido a una sobredosis de anest\u00e9sicos, un hecho que a\u00fan genera debate p\u00fablico. Su m\u00e9dico fue condenado por homicidio involuntario y desde entonces su fallecimiento sigue rodeado de incertidumbres.<\/p>\n<p>                            <img decoding=\"async\" data-debug=\"51\" class=\"lazy\" src=\"data:image\/svg+xml,%3Csvg xmlns=&quot;http:\/\/www.w3.org\/2000\/svg&quot; viewBox=&quot;0 0 16 9&quot;%3E%3C\/svg%3E\" alt=\"Michael Jackson\" height=\"9\" width=\"16\" fetchpriority=\"high\"\/><\/p>\n<p>        Michael Jackson<br \/>\n                    \/ AFP<\/p>\n<p>Aun as\u00ed, su impacto cultural contin\u00faa intacto. Thriller, con m\u00e1s de 66 millones de copias estimadas, sigue siendo el \u00e1lbum m\u00e1s vendido de la historia.<\/p>\n<p>Rub\u00e9n Blades, por su parte, mantiene su estatus como referente absoluto de la m\u00fasica latina. Con m\u00faltiples Grammy, Latin Grammy y discos ic\u00f3nicos como Siembra, sigue vigente y presente en debates culturales.<\/p>\n<p>La grabaci\u00f3n de Todo Mi Amor Eres T\u00fa marc\u00f3 un momento irrepetible: <strong>la uni\u00f3n entre el Rey del Pop y una de las figuras m\u00e1s influyentes de la m\u00fasica latinoamericana<\/strong>. Lo que empez\u00f3 como una estrategia comercial termin\u00f3 siendo una colaboraci\u00f3n hist\u00f3rica que derrib\u00f3 barreras idiom\u00e1ticas y uni\u00f3 dos universos sonoros en una sola voz.<\/p>\n<p>Hoy, aquel episodio de 1987 sigue siendo una joya para coleccionistas, y una prueba de que la m\u00fasica, cuando se encuentra con respeto y talento, puede trascender cualquier frontera.<\/p>\n","protected":false},"excerpt":{"rendered":"Cuando Michael Jackson trabajaba en la producci\u00f3n de Bad en 1987, ya era una figura global. Pero incluso&hellip;\n","protected":false},"author":2,"featured_media":255057,"comment_status":"","ping_status":"","sticky":false,"template":"","format":"standard","meta":{"footnotes":""},"categories":[170],"tags":[15350,1635,146,147,25,24,1489,448,186,184,185,53770,64244,23,3001],"class_list":{"0":"post-255056","1":"post","2":"type-post","3":"status-publish","4":"format-standard","5":"has-post-thumbnail","7":"category-musica","8":"tag-cancion","9":"tag-detras","10":"tag-entertainment","11":"tag-entretenimiento","12":"tag-es","13":"tag-espana","14":"tag-espanol","15":"tag-historia","16":"tag-michael-jackson","17":"tag-music","18":"tag-musica","19":"tag-rey-del-pop","20":"tag-ruben-blades","21":"tag-spain","22":"tag-unica"},"share_on_mastodon":{"url":"https:\/\/pubeurope.com\/@es\/115610494302084600","error":""},"_links":{"self":[{"href":"https:\/\/www.europesays.com\/es\/wp-json\/wp\/v2\/posts\/255056","targetHints":{"allow":["GET"]}}],"collection":[{"href":"https:\/\/www.europesays.com\/es\/wp-json\/wp\/v2\/posts"}],"about":[{"href":"https:\/\/www.europesays.com\/es\/wp-json\/wp\/v2\/types\/post"}],"author":[{"embeddable":true,"href":"https:\/\/www.europesays.com\/es\/wp-json\/wp\/v2\/users\/2"}],"replies":[{"embeddable":true,"href":"https:\/\/www.europesays.com\/es\/wp-json\/wp\/v2\/comments?post=255056"}],"version-history":[{"count":0,"href":"https:\/\/www.europesays.com\/es\/wp-json\/wp\/v2\/posts\/255056\/revisions"}],"wp:featuredmedia":[{"embeddable":true,"href":"https:\/\/www.europesays.com\/es\/wp-json\/wp\/v2\/media\/255057"}],"wp:attachment":[{"href":"https:\/\/www.europesays.com\/es\/wp-json\/wp\/v2\/media?parent=255056"}],"wp:term":[{"taxonomy":"category","embeddable":true,"href":"https:\/\/www.europesays.com\/es\/wp-json\/wp\/v2\/categories?post=255056"},{"taxonomy":"post_tag","embeddable":true,"href":"https:\/\/www.europesays.com\/es\/wp-json\/wp\/v2\/tags?post=255056"}],"curies":[{"name":"wp","href":"https:\/\/api.w.org\/{rel}","templated":true}]}}