{"id":255070,"date":"2025-11-25T13:14:20","date_gmt":"2025-11-25T13:14:20","guid":{"rendered":"https:\/\/www.europesays.com\/es\/255070\/"},"modified":"2025-11-25T13:14:20","modified_gmt":"2025-11-25T13:14:20","slug":"vi-como-se-llevaron-a-mi-hijo-a-punta-de-pistola-la-desesperacion-de-los-familiares-de-los-cientos-de-ninos-secuestrados-en-una-escuela-catolica-de-nigeria","status":"publish","type":"post","link":"https:\/\/www.europesays.com\/es\/255070\/","title":{"rendered":"\u00abVi c\u00f3mo se llevaron a mi hijo a punta de pistola\u00bb: la desesperaci\u00f3n de los familiares de los cientos de ni\u00f1os secuestrados en una escuela cat\u00f3lica de Nigeria"},"content":{"rendered":"<p><img fetchpriority=\"high\" decoding=\"async\" src=\"https:\/\/www.europesays.com\/es\/wp-content\/uploads\/2025\/11\/81cb4fa0-c97f-11f0-9221-555dc2e47fa6.jpg.webp.webp\"   alt=\"Un hombre est\u00e1 de espaldas a la c\u00e1mara en un dormitorio con camas en el internado St Mary's, en la aldea de Papiri, en el estado de N\u00edger, Nigeria\" loading=\"eager\" width=\"487\" height=\"274\" style=\"aspect-ratio:487 \/ 274\" class=\"css-4ejld5\"\/>Pie de foto, Muchos padres est\u00e1n frustrados con la respuesta del gobierno de Nigeria ante los secuestros.<strong id=\"article-byline\" aria-hidden=\"true\" class=\"css-m04vo2\">Informaci\u00f3n del art\u00edculo<\/strong><\/p>\n<ul class=\"css-1rvtlej\">\n<li class=\"css-oe8da4\">\n<ul role=\"list\" class=\"css-1rnycnn\">\n<li>Autor, Madina Maishanu<\/li>\n<li>T\u00edtulo del autor,  BBC \u00c1frica<\/li>\n<li>Informa desde  Papiri<\/li>\n<\/ul>\n<\/li>\n<li class=\"css-1clfxfc\">\n<p>8 horas<\/p>\n<\/li>\n<li class=\"css-1clfxfc\"\/><\/ul>\n<p dir=\"ltr\" class=\"css-1qucyee e17g058b0\"><b>El secuestro de decenas de ni\u00f1os en un internado cat\u00f3lico en Nigeria caus\u00f3 desolaci\u00f3n entre los padres de los menores, que vieron con impotencia c\u00f3mo un grupo de hombres armados se llevaba a sus hijos.<\/b><\/p>\n<p dir=\"ltr\" class=\"css-1qucyee e17g058b0\">Theo cont\u00f3 a la BBC que el pasado viernes se despert\u00f3 por el ruido que hicieron los hombres armados al pasar por delante de su casa con los ni\u00f1os que hab\u00edan secuestrado en la escuela St Mary&#8217;s, en la aldea de Papiri, en el estado de N\u00edger.<\/p>\n<p dir=\"ltr\" class=\"css-1qucyee e17g058b0\">\u00abLos llevaban a pie, como los pastores controlan a sus reba\u00f1os. Algunos ni\u00f1os se ca\u00edan y los hombres les daban patadas y les ordenaban que se levantaran\u00bb, asegur\u00f3.<\/p>\n<p dir=\"ltr\" class=\"css-1qucyee e17g058b0\">\u00abLos hombres armados iban en unas 50 motocicletas mientras los controlaban\u00bb, dijo el padre, cuyo nombre real hemos reservado por su seguridad.<\/p>\n<p dir=\"ltr\" class=\"css-1qucyee e17g058b0\">En declaraciones a la BBC desde el dormitorio donde estaba su hijo, Theo dijo que no pudo impedir el secuestro.<\/p>\n<p dir=\"ltr\" class=\"css-1qucyee e17g058b0\">\u00abTen\u00eda ganas de ir [a ayudar], pero lo pens\u00e9 mejor. Aunque hubiera ido, \u00bfqu\u00e9 pod\u00eda hacer? No pod\u00eda hacer nada\u00bb, declar\u00f3 a la BBC, y a\u00f1adi\u00f3 que llam\u00f3 a la polic\u00eda, pero que cuando los agentes llegaron ya era demasiado tarde.<\/p>\n<p dir=\"ltr\" class=\"css-1qucyee e17g058b0\">La Asociaci\u00f3n Cristiana de Nigeria (ACN) inform\u00f3 que 303 estudiantes y 12 trabajadores fueron secuestrados en la escuela, mientras que 50 menores lograron evitar ser llevados y ya pudieron reunirse con sus familias.<\/p>\n<p dir=\"ltr\" class=\"css-1qucyee e17g058b0\">La escuela est\u00e1 dirigida por el presidente de la secci\u00f3n de N\u00edger de la ACN, el obispo Bulus Bawa Yohanna, quien ha compartido con la BBC una lista de los secuestrados.<\/p>\n<p dir=\"ltr\" class=\"css-1qucyee e17g058b0\">Sin embargo, la polic\u00eda afirm\u00f3 que solo ten\u00eda constancia de que unos pocos ni\u00f1os hubieran desaparecido la noche del secuestro.<\/p>\n<p dir=\"ltr\" class=\"css-1qucyee e17g058b0\">El gobernador del estado, Umar Bago, declar\u00f3 a los medios locales que el n\u00famero de estudiantes secuestrados hab\u00eda sido exagerado y que era \u00abmuy, muy inferior\u00bb a 303.<\/p>\n<p dir=\"ltr\" class=\"css-1qucyee e17g058b0\">Culp\u00f3 a las autoridades escolares por abrir el centro a pesar de las amenazas de hombres armados desconocidos hace cuatro a\u00f1os y, de nuevo, hace dos meses.<\/p>\n<p dir=\"ltr\" class=\"css-1qucyee e17g058b0\">\u00abLas escuelas de esa zona llevan cuatro a\u00f1os cerradas. Me sorprendi\u00f3 saber que la escuela segu\u00eda abierta\u00bb, afirm\u00f3 Bago.<\/p>\n<p dir=\"ltr\" class=\"css-1qucyee e17g058b0\">Tambi\u00e9n insisti\u00f3 en que el ataque era solo un \u00absusto\u00bb y que todos los estudiantes ser\u00edan rescatados tarde o temprano.<\/p>\n<p><img decoding=\"async\" src=\"https:\/\/www.europesays.com\/es\/wp-content\/uploads\/2025\/11\/93940450-c93b-11f0-9fb5-5f3a3703a365.jpg.webp.webp\"   alt=\"Una sandalia junto a una antorcha y fragmentos de cristal roto en un dormitorio con camas del internado St Mary's, en la aldea de Papiri, en el estado de N\u00edger. \" loading=\"lazy\" width=\"800\" height=\"600\" style=\"aspect-ratio:800 \/ 600\" class=\"css-4ejld5\"\/>Pie de foto, Las pertenencias personales de los alumnos siguen esparcidas por toda la escuela.<\/p>\n<p>\u00abEl gobierno no presta atenci\u00f3n\u00bb<\/p>\n<p dir=\"ltr\" class=\"css-1qucyee e17g058b0\">El obispo Yohanna dijo que no se han desplegado fuerzas de seguridad en la comunidad desde los secuestros.<\/p>\n<p dir=\"ltr\" class=\"css-1qucyee e17g058b0\">Junto con otros padres, Theo ha estado acampando frente a la escuela, molesto por la poca respuesta del gobierno.<\/p>\n<p dir=\"ltr\" class=\"css-1qucyee e17g058b0\">\u00abNuestros hijos han sido secuestrados, pero el gobierno no parece prestarle atenci\u00f3n!, dijo Theo.<\/p>\n<p dir=\"ltr\" class=\"css-1qucyee e17g058b0\">Se sent\u00eda frustrado porque el gobernador del estado no hab\u00eda visitado la escuela y solo hab\u00eda ido a una comunidad cercana para hablar con las fuerzas de seguridad y los l\u00edderes locales.<\/p>\n<p dir=\"ltr\" class=\"css-1qucyee e17g058b0\">\u00abHemos llegado a la conclusi\u00f3n de que al gobierno no le preocupamos, sentimos que no formamos parte del pa\u00eds, que nos han abandonado\u00bb.<\/p>\n<p dir=\"ltr\" class=\"css-1qucyee e17g058b0\">El dolor que sienten los padres de los ni\u00f1os que siguen desaparecidos es m\u00e1s que evidente. \u00abEstoy triste, toda mi vida est\u00e1 llena de tristeza\u00bb, dijo una madre cuyo hijo se encontraba entre los ni\u00f1os secuestrados.<\/p>\n<p dir=\"ltr\" class=\"css-1qucyee e17g058b0\">\u00abEs mi \u00fanico hijo, es mi primog\u00e9nito, \u00a1por favor, ay\u00fadennos!\u00bb, pidi\u00f3.<\/p>\n<p dir=\"ltr\" class=\"css-1qucyee e17g058b0\">Otro padre llamado Lucas le cont\u00f3 a la BBC que dos de sus hijos hab\u00edan sido secuestrados, pero que el m\u00e1s peque\u00f1o, un ni\u00f1o de 6 a\u00f1os, tuvo suerte y logr\u00f3 evitar caer en manos de los secuestradores.<\/p>\n<p dir=\"ltr\" class=\"css-1qucyee e17g058b0\">\u00abCuando lo vi, me emocion\u00e9 mucho. Lo llam\u00e9 por su nombre, se dio la vuelta y corri\u00f3 hacia m\u00ed. Lo abrac\u00e9 y lo estrech\u00e9 contra m\u00ed\u00bb, recuerda.<\/p>\n<p><img decoding=\"async\" src=\"https:\/\/www.europesays.com\/es\/wp-content\/uploads\/2025\/11\/d4f63ff0-c975-11f0-8c06-f5d460985095.jpg.webp.webp\"   alt=\"Un sal\u00f3n de clases del internado St. Mary's de Papiri, Nigeria\" loading=\"lazy\" width=\"1024\" height=\"683\" style=\"aspect-ratio:1024 \/ 683\" class=\"css-4ejld5\"\/><\/p>\n<p class=\"css-by8ykd\" role=\"text\">Fuente de la imagen, Getty Images<\/p>\n<p>Pie de foto, Adem\u00e1s de recibir clases, en el internado cat\u00f3lico los ni\u00f1os tambi\u00e9n ten\u00edan habitaciones.<\/p>\n<p dir=\"ltr\" class=\"css-1qucyee e17g058b0\">La parte norte de N\u00edger, donde se encuentra Papiri, se ha convertido recientemente en un punto problem\u00e1tico de secuestros en los que se piden rescates.<\/p>\n<p dir=\"ltr\" class=\"css-1qucyee e17g058b0\">El pago de esos rescates ha sido prohibido en un intento de cortar el suministro de dinero a las bandas criminales, pero con pocos resultados.<\/p>\n<p dir=\"ltr\" class=\"css-1qucyee e17g058b0\">El equipo de la BBC recorri\u00f3 unos 500 km hasta Papiri desde Minna, la capital del estado de N\u00edger, en medio de varias alertas de peligro en determinadas rutas. Durante algunos tramos, la polic\u00eda escolt\u00f3 al equipo.<\/p>\n<p dir=\"ltr\" class=\"css-1qucyee e17g058b0\">Muchos achacan la actual crisis al tama\u00f1o del estado. En t\u00e9rminos de superficie, N\u00edger es el estado m\u00e1s grande de Nigeria, y es m\u00e1s grande que pa\u00edses europeos como Dinamarca y Pa\u00edses Bajos.<\/p>\n<p dir=\"ltr\" class=\"css-1qucyee e17g058b0\">Tambi\u00e9n tiene muchos bosques, que las bandas criminales utilizan como campamentos y rutas para conectar con otros estados de Nigeria, as\u00ed como con pa\u00edses vecinos.<\/p>\n<p dir=\"ltr\" class=\"css-1qucyee e17g058b0\">El secuestro en la escuela de Papiri es el tercero que se produce en Nigeria en una semana.<\/p>\n<p dir=\"ltr\" class=\"css-1qucyee e17g058b0\">El lunes pasado, m\u00e1s de 20 alumnas, que seg\u00fan la BBC son musulmanas, fueron secuestradas en un internado del estado de Kebbi, fronterizo con N\u00edger.<\/p>\n<p dir=\"ltr\" class=\"css-1qucyee e17g058b0\">Tambi\u00e9n se produjo un ataque a una iglesia m\u00e1s al sur, en el estado de Kwara, en el que murieron dos personas y decenas de fieles fueron secuestrados.<\/p>\n<p><img decoding=\"async\" src=\"https:\/\/www.europesays.com\/es\/wp-content\/uploads\/2025\/11\/0c39a140-c977-11f0-9fb5-5f3a3703a365.jpg.webp.webp\"   alt=\"El exterior de las aulas del internado St. Mary's en Papiri,\" loading=\"lazy\" width=\"1024\" height=\"683\" style=\"aspect-ratio:1024 \/ 683\" class=\"css-4ejld5\"\/><\/p>\n<p class=\"css-by8ykd\" role=\"text\">Fuente de la imagen, Getty Images<\/p>\n<p>Pie de foto, El gobierno estatal de N\u00edger asegura que la cantidad de ni\u00f1os secuestrados es menor a la reportada, algo que rechazan los padres.<\/p>\n<p>La amenaza de EE.UU.<\/p>\n<p dir=\"ltr\" class=\"css-1qucyee e17g058b0\">El presidente de Nigeria, Bola Tinubu, cancel\u00f3 su viaje a la cumbre del G20, celebrada en Sud\u00e1frica el pasado fin de semana, para hacer frente a la crisis.<\/p>\n<p dir=\"ltr\" class=\"css-1qucyee e17g058b0\">El domingo public\u00f3 en las redes sociales que los 38 fieles secuestrados en el estado de Kwara hab\u00edan sido rescatados, seg\u00fan fuentes externas.<\/p>\n<p dir=\"ltr\" class=\"css-1qucyee e17g058b0\">\u00abQuiero dejar claro que no voy a ceder. Todos los nigerianos, en todos los estados, tienen derecho a la seguridad, y bajo mi mandato, vamos a garantizar la seguridad de esta naci\u00f3n y proteger a nuestro pueblo\u00bb, afirm\u00f3 Tinubu.<\/p>\n<p dir=\"ltr\" class=\"css-1qucyee e17g058b0\">La oleada de secuestros ha obligado al cierre de muchos internados en toda Nigeria, y los padres se han apresurado a recoger a sus hijos.<\/p>\n<p dir=\"ltr\" class=\"css-1qucyee e17g058b0\">El gobierno est\u00e1 bajo la presi\u00f3n del presidente estadounidense Donald Trump, quien advirti\u00f3 a principios de este mes que enviar\u00eda tropas a Nigeria \u00abcon las armas en alto\u00bb si \u00abse sigue permitiendo el asesinato de cristianos\u00bb por parte de militantes islamistas.<\/p>\n<p dir=\"ltr\" class=\"css-1qucyee e17g058b0\">El gobierno nigeriano ha afirmado que las acusaciones de persecuci\u00f3n de los cristianos son \u00abuna grave tergiversaci\u00f3n de la realidad\u00bb, ya que \u00ablos terroristas atacan a todos los que rechazan su ideolog\u00eda asesina, tanto musulmanes como cristianos y personas sin religi\u00f3n\u00bb.<\/p>\n<p dir=\"ltr\" class=\"css-1qucyee e17g058b0\">Si bien algunos secuestros son perpetrados por grupos militantes islamistas, muchos otros son llevados a cabo por bandas criminales con el fin de obtener un rescate, lo que pone de relieve la profunda crisis de seguridad que atraviesa el pa\u00eds.<\/p>\n<p><img decoding=\"async\" src=\"https:\/\/www.europesays.com\/es\/wp-content\/uploads\/2025\/07\/c8beb280-fb45-11ee-8369-47dc4454b972.png.webp.webp\"   alt=\"&quot;&quot;\" loading=\"lazy\" width=\"800\" height=\"100\" style=\"aspect-ratio:800 \/ 100\" class=\"css-4ejld5\"\/><\/p>\n<p dir=\"ltr\" class=\"css-1qucyee e17g058b0\"><a href=\"https:\/\/www.bbc.com\/mundo\/send\/u184973209\" class=\"focusIndicatorReducedWidth css-n8oauk e1p3sufg0\" rel=\"nofollow noopener\" target=\"_blank\">Suscr\u00edbete aqu\u00ed<\/a> a nuestro nuevo newsletter para recibir cada viernes una selecci\u00f3n de nuestro mejor contenido de la semana.<\/p>\n<p dir=\"ltr\" class=\"css-1qucyee e17g058b0\">Y recuerda que puedes recibir notificaciones en nuestra app. Descarga la \u00faltima versi\u00f3n y act\u00edvalas.<\/p>\n","protected":false},"excerpt":{"rendered":"Pie de foto, Muchos padres est\u00e1n frustrados con la respuesta del gobierno de Nigeria ante los secuestros.Informaci\u00f3n del&hellip;\n","protected":false},"author":2,"featured_media":255071,"comment_status":"","ping_status":"","sticky":false,"template":"","format":"standard","meta":{"footnotes":""},"categories":[42],"tags":[17,18,13,14,11,61,62,63,64,19,20,9,10,15,16,12,21,22,65,66,67],"class_list":{"0":"post-255070","1":"post","2":"type-post","3":"status-publish","4":"format-standard","5":"has-post-thumbnail","7":"category-internacional","8":"tag-breaking-news","9":"tag-breakingnews","10":"tag-featured-news","11":"tag-featurednews","12":"tag-headlines","13":"tag-internacional","14":"tag-international","15":"tag-international-news","16":"tag-internationalnews","17":"tag-latest-news","18":"tag-latestnews","19":"tag-news","20":"tag-noticias","21":"tag-noticias-destacadas","22":"tag-noticiasdestacadas","23":"tag-titulares","24":"tag-ultimas-noticias","25":"tag-ultimasnoticias","26":"tag-world","27":"tag-world-news","28":"tag-worldnews"},"share_on_mastodon":{"url":"https:\/\/pubeurope.com\/@es\/115610522015738828","error":""},"_links":{"self":[{"href":"https:\/\/www.europesays.com\/es\/wp-json\/wp\/v2\/posts\/255070","targetHints":{"allow":["GET"]}}],"collection":[{"href":"https:\/\/www.europesays.com\/es\/wp-json\/wp\/v2\/posts"}],"about":[{"href":"https:\/\/www.europesays.com\/es\/wp-json\/wp\/v2\/types\/post"}],"author":[{"embeddable":true,"href":"https:\/\/www.europesays.com\/es\/wp-json\/wp\/v2\/users\/2"}],"replies":[{"embeddable":true,"href":"https:\/\/www.europesays.com\/es\/wp-json\/wp\/v2\/comments?post=255070"}],"version-history":[{"count":0,"href":"https:\/\/www.europesays.com\/es\/wp-json\/wp\/v2\/posts\/255070\/revisions"}],"wp:featuredmedia":[{"embeddable":true,"href":"https:\/\/www.europesays.com\/es\/wp-json\/wp\/v2\/media\/255071"}],"wp:attachment":[{"href":"https:\/\/www.europesays.com\/es\/wp-json\/wp\/v2\/media?parent=255070"}],"wp:term":[{"taxonomy":"category","embeddable":true,"href":"https:\/\/www.europesays.com\/es\/wp-json\/wp\/v2\/categories?post=255070"},{"taxonomy":"post_tag","embeddable":true,"href":"https:\/\/www.europesays.com\/es\/wp-json\/wp\/v2\/tags?post=255070"}],"curies":[{"name":"wp","href":"https:\/\/api.w.org\/{rel}","templated":true}]}}