{"id":255076,"date":"2025-11-25T13:21:11","date_gmt":"2025-11-25T13:21:11","guid":{"rendered":"https:\/\/www.europesays.com\/es\/255076\/"},"modified":"2025-11-25T13:21:11","modified_gmt":"2025-11-25T13:21:11","slug":"rafa-nadal-le-da-un-consejo-a-lamine-yamal-a-veces-los-personajes-de-exito-no-queremos-escucharlo","status":"publish","type":"post","link":"https:\/\/www.europesays.com\/es\/255076\/","title":{"rendered":"Rafa Nadal le da un consejo a Lamine Yamal: \u201cA veces, los personajes de \u00e9xito no queremos escucharlo\u201d"},"content":{"rendered":"<p><img alt=\"Rafa Nadal hablando sobre Lamine\" class=\"global-image\" decoding=\"async\" fetchpriority=\"high\" height=\"1010\" loading=\"eager\" src=\"https:\/\/www.europesays.com\/es\/wp-content\/uploads\/2025\/11\/C5XNQISWIVEFHMHO3UZ6U6UGR4.png\" width=\"1699\"\/>Rafa Nadal hablando sobre Lamine Yamal en Universo Valdano (X \/ @MovistarFutbol)<\/p>\n<p class=\"paragraph\"><b>Rafa Nadal<\/b> es considerado como uno de los <b>mejores deportistas de la historia de Espa\u00f1a<\/b>. Estas valoraciones se las ha ganado gracias a los numerosos <a rel=\"noopener noreferrer nofollow\" href=\"https:\/\/www.infobae.com\/espana\/deportes\/2025\/11\/19\/asi-fue-la-ultima-vez-que-espana-gano-la-copa-davis-un-heroe-llamado-bautista-las-lagrimas-de-nadal-y-la-sexta-ensaladera\/\" target=\"_self\" title=\"https:\/\/www.infobae.com\/espana\/deportes\/2025\/11\/19\/asi-fue-la-ultima-vez-que-espana-gano-la-copa-davis-un-heroe-llamado-bautista-las-lagrimas-de-nadal-y-la-sexta-ensaladera\/\">\u00e9xitos <\/a>que ha cosechado a lo largo de su carrera deportiva. <\/p>\n<p class=\"paragraph\">El tenista de manacor consigui\u00f3 el <b>\u00e9xito muy joven<\/b>, una situaci\u00f3n parecida a la de <b>Lamine Yamal<\/b>. Respecto a este tema y gracias a la experiencia de <a rel=\"noopener noreferrer nofollow\" href=\"https:\/\/www.infobae.com\/espana\/2025\/11\/06\/rafa-nadal-en-el-america-business-forum-el-mayor-exito-en-la-vida-de-cada-uno-es-sentirse-bien-con-uno-mismo-estar-rodeado-de-personas-que-le-sumen-en-su-dia-a-dia-y-tener-una-vida-plena\/\" target=\"_self\" title=\"https:\/\/www.infobae.com\/espana\/2025\/11\/06\/rafa-nadal-en-el-america-business-forum-el-mayor-exito-en-la-vida-de-cada-uno-es-sentirse-bien-con-uno-mismo-estar-rodeado-de-personas-que-le-sumen-en-su-dia-a-dia-y-tener-una-vida-plena\/\">Nadal <\/a>en superar momentos complicados durante su trayectoria, el tenista ha querido <b>aconsejar <\/b>al joven extremo.<\/p>\n<p class=\"paragraph\">Yamal, que est\u00e1 en boca de todos desde que adquiri\u00f3 el rango de estrella mundial, vive <b>entre elogios y cr\u00edticas<\/b> a partes iguales, tanto por lo que hace dentro del campo como por lo que hace fuera. Desde sus relaciones personales y su fiesta de cumplea\u00f1os, hasta su desconvoctoria reciente con Espa\u00f1a, han sido algunos de sus m\u00e1s sonados episodios, tan solo con 18 a\u00f1os.<\/p>\n<p class=\"paragraph\">Para un jugador joven, independientemente de la disciplina a la que se dedique, es muy importante tener la <b>cabeza bien amueblada<\/b>, y para ello, Rafa Nadal es un claro ejemplo de que rodearse con gente que le ayude de verdad es primordial. Por ello mostr\u00f3 su opini\u00f3n junto a Jorge Valdano en su programa Universo Valdano.<\/p>\n<p class=\"paragraph\"><b>\u201cQue se rodee de gente que le ayude de verdad<\/b>, gente que quiera lo mejor para \u00e9l\u201d, destac\u00f3 Nadal. De igual forma, el tenista coment\u00f3 la parte mental con la que deben saber vivir los deportistas de \u00e9lite: \u201cQue \u00e9l sea lo suficientemente inteligente para <b>querer escuchar las cosas que a veces los personajes de \u00e9xito no queremos escuchar\u201d.<\/b><\/p>\n<p><img alt=\"Rafa Nadal, junto a Toni\" class=\"global-image\" decoding=\"async\" fetchpriority=\"low\" height=\"3712\" loading=\"lazy\" src=\"https:\/\/www.europesays.com\/es\/wp-content\/uploads\/2025\/11\/XL3NWHNXTZE3HGNNYUX2P7NPO4.jpg\" width=\"4628\"\/>Rafa Nadal, junto a Toni Nadal (d), y Carlos Moy\u00e1 (i), durante un entrenamiento. (EFE\/CATI CLADERA\/Archivo)<\/p>\n<p class=\"paragraph\">El manacor\u00ed dej\u00f3 tambi\u00e9n claro en la entrevista la importancia de diferenciar entre el mundo real y el del deporte. <b>\u201cSe tiene que rodear de las personas que \u00e9l considere que le vayan a hacer un bien en su vida\u201d<\/b>, a\u00f1adi\u00f3, haciendo referencia a la familia, personas cercanas incluso comparti\u00f3 la idea de crearse un equipo alrededor de Yamal, que lo impulse para poder llevar su \u00e9xito de la mejor manera posible.<\/p>\n<p class=\"paragraph\">Rafa Nadal destac\u00f3 que cada profesional tiene una personalidad y mentalidad distintas y esto influye en c\u00f3mo se digiere el \u00e9xito: <b>\u201cHay muchas formas de llegar al \u00e9xito<\/b>. Despu\u00e9s, cuando te llega el \u00e9xito, la forma en la que lo toleras y la manera en la que vas conviviendo con \u00e9l te puede hacer una persona feliz y equilibrada o una persona infeliz\u201d.<\/p>\n<p>El espectacular regate de Lamine Yamal<\/p>\n<p class=\"paragraph\">De nuevo, sin dejar de lado la idea de tener un entorno sano y equilibrado, junto con saber sobrellevar el \u00e9xito y la fama, Nadal concluy\u00f3 el tema de no ser una persona feliz: <b>\u201cEl personaje te termina comiendo\u201d<\/b>. La reflexi\u00f3n del tenista se basa en su experiencia de que el \u00e9xito es un motor de satisfacci\u00f3n, pero a su vez advierte que puede ser destructivo si no se mantiene una visi\u00f3n equilibrada de la vida.<\/p>\n<p class=\"paragraph\">A sus 18 a\u00f1os, <a rel=\"noopener noreferrer nofollow\" href=\"https:\/\/www.infobae.com\/espana\/2025\/11\/14\/la-profecia-de-un-exseleccionador-de-espana-lamine-yamal-no-va-a-durar-mucho\/\" target=\"_self\" title=\"https:\/\/www.infobae.com\/espana\/2025\/11\/14\/la-profecia-de-un-exseleccionador-de-espana-lamine-yamal-no-va-a-durar-mucho\/\">Lamine Yamal<\/a> es la <b>estrella del FC Barcelona y de la Selecci\u00f3n Espa\u00f1ola<\/b>. A su vez es uno de los mejores jugadores del mundo, habi\u00e9ndose quedado a las puertas del bal\u00f3n de oro en su \u00faltima edici\u00f3n. No obstante, tambi\u00e9n es un futbolista que est\u00e1 constantemente en el<b> foco medi\u00e1tico<\/b>, ya sea por sus pol\u00e9micas deportivas como por las extradeportivas, algo que puede llegar a jugar en su contra en un futuro.<\/p>\n","protected":false},"excerpt":{"rendered":"Rafa Nadal hablando sobre Lamine Yamal en Universo Valdano (X \/ @MovistarFutbol) Rafa Nadal es considerado como uno&hellip;\n","protected":false},"author":2,"featured_media":255077,"comment_status":"","ping_status":"","sticky":false,"template":"","format":"standard","meta":{"footnotes":""},"categories":[274],"tags":[168,927,8346,25,24,23,167,327,326],"class_list":{"0":"post-255076","1":"post","2":"type-post","3":"status-publish","4":"format-standard","5":"has-post-thumbnail","7":"category-tenis","8":"tag-deportes","9":"tag-deportistas","10":"tag-entrenamiento","11":"tag-es","12":"tag-espana","13":"tag-spain","14":"tag-sports","15":"tag-tenis","16":"tag-tennis"},"share_on_mastodon":{"url":"https:\/\/pubeurope.com\/@es\/115610549642787725","error":""},"_links":{"self":[{"href":"https:\/\/www.europesays.com\/es\/wp-json\/wp\/v2\/posts\/255076","targetHints":{"allow":["GET"]}}],"collection":[{"href":"https:\/\/www.europesays.com\/es\/wp-json\/wp\/v2\/posts"}],"about":[{"href":"https:\/\/www.europesays.com\/es\/wp-json\/wp\/v2\/types\/post"}],"author":[{"embeddable":true,"href":"https:\/\/www.europesays.com\/es\/wp-json\/wp\/v2\/users\/2"}],"replies":[{"embeddable":true,"href":"https:\/\/www.europesays.com\/es\/wp-json\/wp\/v2\/comments?post=255076"}],"version-history":[{"count":0,"href":"https:\/\/www.europesays.com\/es\/wp-json\/wp\/v2\/posts\/255076\/revisions"}],"wp:featuredmedia":[{"embeddable":true,"href":"https:\/\/www.europesays.com\/es\/wp-json\/wp\/v2\/media\/255077"}],"wp:attachment":[{"href":"https:\/\/www.europesays.com\/es\/wp-json\/wp\/v2\/media?parent=255076"}],"wp:term":[{"taxonomy":"category","embeddable":true,"href":"https:\/\/www.europesays.com\/es\/wp-json\/wp\/v2\/categories?post=255076"},{"taxonomy":"post_tag","embeddable":true,"href":"https:\/\/www.europesays.com\/es\/wp-json\/wp\/v2\/tags?post=255076"}],"curies":[{"name":"wp","href":"https:\/\/api.w.org\/{rel}","templated":true}]}}