{"id":255078,"date":"2025-11-25T13:22:11","date_gmt":"2025-11-25T13:22:11","guid":{"rendered":"https:\/\/www.europesays.com\/es\/255078\/"},"modified":"2025-11-25T13:22:11","modified_gmt":"2025-11-25T13:22:11","slug":"la-cancelacion-de-perico-delgado","status":"publish","type":"post","link":"https:\/\/www.europesays.com\/es\/255078\/","title":{"rendered":"La cancelaci\u00f3n de Perico Delgado"},"content":{"rendered":"<p>\n        Dicen por ah\u00ed \u2013parece que con fundamento\u2013 que <strong>RTVE se est\u00e1 planteando no renovar el contrato de <\/strong><a href=\"https:\/\/www.noticiasdenavarra.com\/opinion\/cartas-al-director\/2025\/09\/20\/perico-delgado-comentarios-manifestantes-10107017.html\" title=\"Perico Delgado\" class=\"link copy\" rel=\"nofollow noopener\" target=\"_blank\">Perico Delgado<\/a> como comentarista del ciclismo por sus opiniones en la pasada Vuelta sobre las<strong> protestas contra la presencia del equipo Israel<\/strong>.\n<\/p>\n<p class=\"article-body__text \">\n        Desde las ant\u00edpodas de esas opiniones \u2013la movilizaci\u00f3n en la Vuelta nos gust\u00f3, porque abri\u00f3 la puerta a no normalizar a un estado genocida en muchos otros eventos deportivos y culturales internacionales\u2013, <strong>nos parecer\u00eda no solo un error sino una aut\u00e9ntica cacicada cancelar a alguien por expresar sus opiniones con libertad<\/strong>. Para gustos se hicieron los colores y hay a quien le encanta Perico y a quien no le gusta como comentarista, pero nadie le podr\u00e1 negar que se curra la animaci\u00f3n de horas y horas de retransmisiones que ser\u00edan sopor\u00edferas sin su concurso. Y, sobre todo, que <strong>se ha ganado su derecho<\/strong> \u2013sobre la bici y despu\u00e9s con el micr\u00f3fono\u2013 a opinar lo que le d\u00e9 la gana. <strong>Solo faltaba. <\/strong><\/p>\n","protected":false},"excerpt":{"rendered":"Dicen por ah\u00ed \u2013parece que con fundamento\u2013 que RTVE se est\u00e1 planteando no renovar el contrato de Perico&hellip;\n","protected":false},"author":2,"featured_media":255079,"comment_status":"","ping_status":"","sticky":false,"template":"","format":"standard","meta":{"footnotes":""},"categories":[273],"tags":[3306,313,312,12919,168,25,24,37937,23,167],"class_list":{"0":"post-255078","1":"post","2":"type-post","3":"status-publish","4":"format-standard","5":"has-post-thumbnail","7":"category-ciclismo","8":"tag-cancelacion","9":"tag-ciclismo","10":"tag-cycling","11":"tag-delgado","12":"tag-deportes","13":"tag-es","14":"tag-espana","15":"tag-perico","16":"tag-spain","17":"tag-sports"},"share_on_mastodon":{"url":"https:\/\/pubeurope.com\/@es\/115610553088043746","error":""},"_links":{"self":[{"href":"https:\/\/www.europesays.com\/es\/wp-json\/wp\/v2\/posts\/255078","targetHints":{"allow":["GET"]}}],"collection":[{"href":"https:\/\/www.europesays.com\/es\/wp-json\/wp\/v2\/posts"}],"about":[{"href":"https:\/\/www.europesays.com\/es\/wp-json\/wp\/v2\/types\/post"}],"author":[{"embeddable":true,"href":"https:\/\/www.europesays.com\/es\/wp-json\/wp\/v2\/users\/2"}],"replies":[{"embeddable":true,"href":"https:\/\/www.europesays.com\/es\/wp-json\/wp\/v2\/comments?post=255078"}],"version-history":[{"count":0,"href":"https:\/\/www.europesays.com\/es\/wp-json\/wp\/v2\/posts\/255078\/revisions"}],"wp:featuredmedia":[{"embeddable":true,"href":"https:\/\/www.europesays.com\/es\/wp-json\/wp\/v2\/media\/255079"}],"wp:attachment":[{"href":"https:\/\/www.europesays.com\/es\/wp-json\/wp\/v2\/media?parent=255078"}],"wp:term":[{"taxonomy":"category","embeddable":true,"href":"https:\/\/www.europesays.com\/es\/wp-json\/wp\/v2\/categories?post=255078"},{"taxonomy":"post_tag","embeddable":true,"href":"https:\/\/www.europesays.com\/es\/wp-json\/wp\/v2\/tags?post=255078"}],"curies":[{"name":"wp","href":"https:\/\/api.w.org\/{rel}","templated":true}]}}