{"id":255088,"date":"2025-11-25T13:30:17","date_gmt":"2025-11-25T13:30:17","guid":{"rendered":"https:\/\/www.europesays.com\/es\/255088\/"},"modified":"2025-11-25T13:30:17","modified_gmt":"2025-11-25T13:30:17","slug":"route-resurrection-2026-machine-head","status":"publish","type":"post","link":"https:\/\/www.europesays.com\/es\/255088\/","title":{"rendered":"Route Resurrection 2026: Machine Head"},"content":{"rendered":"<p>INFO<\/p>\n<p>\u00a1<strong>Machine Head<\/strong> volver\u00e1n a petarlo en 4 salas espa\u00f1olas la pr\u00f3xima primavera! \ud83e\udd18\ud83c\udffc<\/p>\n<p>La banda estadounidense liderada por el insaciable <strong>Robb Flynn<\/strong> estar\u00e1 de vuelta por Espa\u00f1a a finales de abril de 2026 con nada m\u00e1s y nada menos que 4 paradas por la Pen\u00ednsula en las que dar\u00e1n conciertos completos y extensos en los que no faltar\u00e1 de nada \ud83d\ude4c\ud83c\udffc<\/p>\n<p>En 2026,\u00a0Machine Head\u00a0cumplir\u00e1n 35 a\u00f1os representando a una de las mayores entidades del metal americano de las \u00faltimas d\u00e9cadas que, con 11 \u00e1lbumes hasta la fecha, ha logrado hermanar el thrash con el groove, nu metal, heavy y hardcore con inspiraci\u00f3n en artistas que van desde Pantera, Slayer o Metallica hasta The Police, Nirvana, Bad Brains, Discharge o Black Sabbath, entre otras muchas otras \ud83c\udfb8<\/p>\n<p>\u00bfNos vemos en alguna de estas fechas? \ud83d\udc47\ud83c\udffc<\/p>\n<p><strong>\ud83d\uddd3\ufe0f 25 de abril de 2026. Pamplona, Sala T\u00f3tem\u00a0<br \/>\ud83d\uddd3\ufe0f 27 de abril de 2026. Madrid, La Riviera\u00a0<br \/>\ud83d\uddd3\ufe0f 29 de abril de 2026. M\u00e1laga, Paris 15<br \/>\ud83d\uddd3\ufe0f 30 de abril de 2026. Barcelona, Razzmatazz<\/strong><\/p>\n<p>\ud83d\udde3\ufe0f\ufe0f MACHINE F**KING HEAD!\u00a0<\/p>\n<p>\ud83c\udf9f\ufe0f <strong>PREVENTA <\/strong>para compradores del Resurrection Fest EG 2026 el mi\u00e9rcoles 26 de noviembre a partir de las 10:00h<br \/>\ud83c\udfab <strong>VENTA GENERAL:<\/strong> jueves 27 de noviembre a las 10:00h<\/p>\n<p><strong>Acreditaciones de prensa<\/strong>: <a href=\"https:\/\/www.resurrectionfest.es\/route\/machine-head-tour-2026\/mailto:acreditaciones@bringthenoise.events\" rel=\"nofollow noopener\" target=\"_blank\">acreditaciones@bringthenoise.events<\/a><br \/><strong>Ayuda y\/o problemas con la compra de entradas: <\/strong><a href=\"https:\/\/www.resurrectionfest.es\/route\/machine-head-tour-2026\/mailto:ayuda@enterticket.es\" rel=\"nofollow noopener\" target=\"_blank\">ayuda@enterticket.es<\/a> o rellenando <a href=\"https:\/\/www.enterticket.es\/info\/contact?page=consultanos\" rel=\"nofollow noopener\" target=\"_blank\"><strong>este formulario<\/strong><\/a>.<\/p>\n","protected":false},"excerpt":{"rendered":"INFO \u00a1Machine Head volver\u00e1n a petarlo en 4 salas espa\u00f1olas la pr\u00f3xima primavera! \ud83e\udd18\ud83c\udffc La banda estadounidense liderada&hellip;\n","protected":false},"author":2,"featured_media":255089,"comment_status":"","ping_status":"","sticky":false,"template":"","format":"standard","meta":{"footnotes":""},"categories":[170],"tags":[146,147,25,24,184,185,23],"class_list":{"0":"post-255088","1":"post","2":"type-post","3":"status-publish","4":"format-standard","5":"has-post-thumbnail","7":"category-musica","8":"tag-entertainment","9":"tag-entretenimiento","10":"tag-es","11":"tag-espana","12":"tag-music","13":"tag-musica","14":"tag-spain"},"share_on_mastodon":{"url":"https:\/\/pubeurope.com\/@es\/115610584746390072","error":""},"_links":{"self":[{"href":"https:\/\/www.europesays.com\/es\/wp-json\/wp\/v2\/posts\/255088","targetHints":{"allow":["GET"]}}],"collection":[{"href":"https:\/\/www.europesays.com\/es\/wp-json\/wp\/v2\/posts"}],"about":[{"href":"https:\/\/www.europesays.com\/es\/wp-json\/wp\/v2\/types\/post"}],"author":[{"embeddable":true,"href":"https:\/\/www.europesays.com\/es\/wp-json\/wp\/v2\/users\/2"}],"replies":[{"embeddable":true,"href":"https:\/\/www.europesays.com\/es\/wp-json\/wp\/v2\/comments?post=255088"}],"version-history":[{"count":0,"href":"https:\/\/www.europesays.com\/es\/wp-json\/wp\/v2\/posts\/255088\/revisions"}],"wp:featuredmedia":[{"embeddable":true,"href":"https:\/\/www.europesays.com\/es\/wp-json\/wp\/v2\/media\/255089"}],"wp:attachment":[{"href":"https:\/\/www.europesays.com\/es\/wp-json\/wp\/v2\/media?parent=255088"}],"wp:term":[{"taxonomy":"category","embeddable":true,"href":"https:\/\/www.europesays.com\/es\/wp-json\/wp\/v2\/categories?post=255088"},{"taxonomy":"post_tag","embeddable":true,"href":"https:\/\/www.europesays.com\/es\/wp-json\/wp\/v2\/tags?post=255088"}],"curies":[{"name":"wp","href":"https:\/\/api.w.org\/{rel}","templated":true}]}}