{"id":255094,"date":"2025-11-25T13:33:09","date_gmt":"2025-11-25T13:33:09","guid":{"rendered":"https:\/\/www.europesays.com\/es\/255094\/"},"modified":"2025-11-25T13:33:09","modified_gmt":"2025-11-25T13:33:09","slug":"el-trastorno-que-padecen-400-000-personas-en-espana-podria-dejarles-secuelas-durante-diez-anos-despues-del-diagnostico-segun-un-estudio","status":"publish","type":"post","link":"https:\/\/www.europesays.com\/es\/255094\/","title":{"rendered":"El trastorno que padecen 400.000 personas en Espa\u00f1a podr\u00eda dejarles secuelas durante diez a\u00f1os despu\u00e9s del diagn\u00f3stico, seg\u00fan un estudio"},"content":{"rendered":"<p>Un estudio publicado en la revista BMJ Medicine ha observado c\u00f3mo algunos trastornos como la anorexia, la bulimia o el trastorno por atrac\u00f3n <b>tienen efectos que se extienden a numerosos \u00f3rganos<\/b> y persisten durante largos periodos.<\/p>\n<p>En la actualidad,<b> en Espa\u00f1a unas 400.00 personas padecen un trastorno de la conducta alimentaria,<\/b> unas cifras que podr\u00edan llegar a aumentar hasta un 12% en los pr\u00f3ximos 12 a\u00f1os. <\/p>\n<p>El estudio analiz\u00f3 m\u00e1s de 20 a\u00f1os de registros m\u00e9dicos de Reino Unido y confirma que el riesgo de complicaciones graves (desde insuficiencia renal y hep\u00e1tica hasta osteoporosis, diabetes y muerte prematura) aumenta de forma marcada durante el primer a\u00f1o tras el diagn\u00f3stico y <b>se mantiene elevado a largo plazo<\/b>.<\/p>\n<p>Riesgos altos incluso a los 5 a\u00f1os<\/p>\n<p>\u00abEn este trabajo demostramos que los trastornos alimentarios se asocian a <b>incrementos persistentes en problemas de salud f\u00edsica y mental<\/b>, y en mortalidad prematura, que contin\u00faan durante al menos una d\u00e9cada tras el diagn\u00f3stico\u00bb, explic\u00f3 a SINC Catherine Morgan, investigadora de la Universidad de Manchester y coautora del estudio.<\/p>\n<p>Esta experta tambi\u00e9n a\u00f1ade que esto se apoya en <b>una de las cohortes m\u00e1s amplias analizadas<\/b> hasta ahora, con datos de la atenci\u00f3n primaria y hospitalaria, as\u00ed como los registros de mortalidad.<\/p>\n<p>Los investigadores observaron que en los primeros 12 meses tras el diagn\u00f3stico, las personas con un trastorno alimentario presentaban un riesgo seis veces mayor de insuficiencia renal y casi siete veces mayor de enfermedad hep\u00e1tica, adem\u00e1s de un aumento significativo de osteoporosis, insuficiencia card\u00edaca y diabetes. <b>Estos riesgos continuaban siendo muy altos pasados cinco a\u00f1os<\/b>, con decenas de casos adicionales por cada 10.000 personas.<\/p>\n<p>La causa principal<\/p>\n<p>Estos cambios se deben a los efectos de los tratamientos, puesto que <b>la rehabilitaci\u00f3n nutricional y la recuperaci\u00f3n de peso pueden dar lugar o agravar alteraciones metab\u00f3licas<\/b>. \u00abTambi\u00e9n influye la vulnerabilidad psicol\u00f3gica durante las primeras fases de la intervenci\u00f3n, un momento especialmente intenso en lo emocional. A ello se suman retrasos en el reconocimiento cl\u00ednico, que hacen que el primer diagn\u00f3stico llegue con el cuadro ya muy avanzado, as\u00ed como un aumento de la vigilancia m\u00e9dica que permite detectar problemas antes no registrados\u00bb.<\/p>\n<p>Por otra parte, el riesgo de fallecimiento por cualquier causa durante el primer a\u00f1o resulta m\u00e1s de cuatro veces mayor, y el de muerte por causas no naturales se incrementa por cinco. Tras cinco y diez a\u00f1os, <b>estos valores siguen duplicando o triplicando los de la poblaci\u00f3n sin trastorno alimenticio<\/b>.<\/p>\n<p>WhatsApp<a href=\"https:\/\/api.whatsapp.com\/send?text=https:\/\/www.eleconomista.es\/salud-bienestar\/salud-mental\/noticias\/13660866\/11\/25\/el-trastorno-que-padecen-400000-personas-en-espana-podria-dejarles-secuelas-durante-varios-anos-despues-del-diagnostico-segun-un-estudio.html?utm_source%3Dwhatsapp%26utm_medium%3Dshare_button&amp;id=1648118629957_whatsapp\" target=\"_blank\" data-action=\"share\/whatsapp\/share\" aria-label=\"Compartir en Whatsapp\" rel=\"nofollow noopener\"><\/a>Facebook<a id=\"fb-share\" href=\"#\" target=\"_blank\" rel=\"noopener noreferrer\" aria-label=\"Compartir en Facebook\"><\/a>Twitter<a href=\"https:\/\/twitter.com\/share?text=El+trastorno+que+padecen+400.000+personas+en+Espa%C3%B1a+podr%C3%ADa+dejarles+secuelas+durante+varios+a%C3%B1os+despu%C3%A9s+del+diagn%C3%B3stico%2C+seg%C3%BAn+un+estudio&amp;url=https:\/\/www.eleconomista.es\/salud-bienestar\/salud-mental\/noticias\/13660866\/11\/25\/el-trastorno-que-padecen-400000-personas-en-espana-podria-dejarles-secuelas-durante-varios-anos-despues-del-diagnostico-segun-un-estudio.html&amp;via=elEconomistaes&amp;id=1648118839245_twitter\" target=\"_blank\" aria-label=\"Compartir en Twitter\" rel=\"nofollow noopener\"><\/a>Linkedin<a href=\"https:\/\/linkedin.com\/share?text=https:\/\/www.eleconomista.es\/salud-bienestar\/salud-mental\/noticias\/13660866\/11\/25\/el-trastorno-que-padecen-400000-personas-en-espana-podria-dejarles-secuelas-durante-varios-anos-despues-del-diagnostico-segun-un-estudio.html&amp;via=elEconomistaes\" target=\"_blank\" aria-label=\"Compartir en linkedin\" rel=\"nofollow noopener\"><\/a>Beloud<a href=\"https:\/\/beloud.com\/share?text=El+trastorno+que+padecen+400.000+personas+en+Espa%C3%B1a+podr%C3%ADa+dejarles+secuelas+durante+varios+a%C3%B1os+despu%C3%A9s+del+diagn%C3%B3stico%2C+seg%C3%BAn+un+estudio&amp;url=https:\/\/www.eleconomista.es\/salud-bienestar\/salud-mental\/noticias\/13660866\/11\/25\/el-trastorno-que-padecen-400000-personas-en-espana-podria-dejarles-secuelas-durante-varios-anos-despues-del-diagnostico-segun-un-estudio.html&amp;via=elEconomistaes&amp;id=1648118839245_beloud\" target=\"_blank\" aria-label=\"Compartir en beloud\" rel=\"nofollow noopener\"><\/a>Bluesky<a href=\"https:\/\/bsky.app\/intent\/compose?text=https:\/\/bsky.app\/intent\/compose?text=https:\/\/www.eleconomista.es\/salud-bienestar\/salud-mental\/noticias\/13660866\/11\/25\/el-trastorno-que-padecen-400000-personas-en-espana-podria-dejarles-secuelas-durante-varios-anos-despues-del-diagnostico-segun-un-estudio.html&amp;url=https:\/\/www.eleconomista.es\/salud-bienestar\/salud-mental\/noticias\/13660866\/11\/25\/el-trastorno-que-padecen-400000-personas-en-espana-podria-dejarles-secuelas-durante-varios-anos-despues-del-diagnostico-segun-un-estudio.html&amp;via=elEconomistaes&amp;id=1648118839245_bluesky\" target=\"_blank\" aria-label=\"Compartir en bluesky\" rel=\"nofollow noopener\"><\/a><\/p>\n<p><script async src=\"https:\/\/platform.twitter.com\/widgets.js\" charset=\"utf-8\"><\/script><\/p>\n","protected":false},"excerpt":{"rendered":"Un estudio publicado en la revista BMJ Medicine ha observado c\u00f3mo algunos trastornos como la anorexia, la bulimia&hellip;\n","protected":false},"author":2,"featured_media":255095,"comment_status":"","ping_status":"","sticky":false,"template":"","format":"standard","meta":{"footnotes":""},"categories":[92],"tags":[25,24,165,166,4134,23],"class_list":{"0":"post-255094","1":"post","2":"type-post","3":"status-publish","4":"format-standard","5":"has-post-thumbnail","7":"category-salud","8":"tag-es","9":"tag-espana","10":"tag-health","11":"tag-salud","12":"tag-salud-bienestar","13":"tag-spain"},"share_on_mastodon":{"url":"https:\/\/pubeurope.com\/@es\/115610596411156330","error":""},"_links":{"self":[{"href":"https:\/\/www.europesays.com\/es\/wp-json\/wp\/v2\/posts\/255094","targetHints":{"allow":["GET"]}}],"collection":[{"href":"https:\/\/www.europesays.com\/es\/wp-json\/wp\/v2\/posts"}],"about":[{"href":"https:\/\/www.europesays.com\/es\/wp-json\/wp\/v2\/types\/post"}],"author":[{"embeddable":true,"href":"https:\/\/www.europesays.com\/es\/wp-json\/wp\/v2\/users\/2"}],"replies":[{"embeddable":true,"href":"https:\/\/www.europesays.com\/es\/wp-json\/wp\/v2\/comments?post=255094"}],"version-history":[{"count":0,"href":"https:\/\/www.europesays.com\/es\/wp-json\/wp\/v2\/posts\/255094\/revisions"}],"wp:featuredmedia":[{"embeddable":true,"href":"https:\/\/www.europesays.com\/es\/wp-json\/wp\/v2\/media\/255095"}],"wp:attachment":[{"href":"https:\/\/www.europesays.com\/es\/wp-json\/wp\/v2\/media?parent=255094"}],"wp:term":[{"taxonomy":"category","embeddable":true,"href":"https:\/\/www.europesays.com\/es\/wp-json\/wp\/v2\/categories?post=255094"},{"taxonomy":"post_tag","embeddable":true,"href":"https:\/\/www.europesays.com\/es\/wp-json\/wp\/v2\/tags?post=255094"}],"curies":[{"name":"wp","href":"https:\/\/api.w.org\/{rel}","templated":true}]}}