{"id":255110,"date":"2025-11-25T13:45:15","date_gmt":"2025-11-25T13:45:15","guid":{"rendered":"https:\/\/www.europesays.com\/es\/255110\/"},"modified":"2025-11-25T13:45:15","modified_gmt":"2025-11-25T13:45:15","slug":"pogacar-me-dice-que-hay-que-tomarse-las-cosas-con-tranquilidad-y-disfrutar-del-ciclismo","status":"publish","type":"post","link":"https:\/\/www.europesays.com\/es\/255110\/","title":{"rendered":"Pogacar me dice que hay que tomarse las cosas con tranquilidad y disfrutar del ciclismo"},"content":{"rendered":"<p data-mrf-recirculation=\"Links P\u00e1rrafos\" class=\"ue-c-article__paragraph paragraph ue-c-article--first-letter-highlighted\">El ascenso de <strong>Pablo Torres<\/strong> (Madrid, 2005) est\u00e1 siendo mete\u00f3rico. En poco m\u00e1s de dos a\u00f1os, el ciclista de Vic\u00e1lvaro ha pasado de competir como j\u00fanior en el Sanse a compartir equipo con Tadej Pogacar. Entre medias, Pablo pas\u00f3 por el &#8216;Gen Z&#8217; en 2024, a\u00f1o en el que alcanz\u00f3 la segunda posici\u00f3n del podio en carreras como el Giro Next Gen y el Tour del Porvenir. Sus buenos resultados, sumados a <a href=\"https:\/\/www.marca.com\/ciclismo\/2024\/08\/24\/66c9e834ca4741822e8b4593.html\" target=\"_blank\" rel=\"nofollow noopener\">su portentosa exhibici\u00f3n en Finestre<\/a>, le llevaron a promocionar al primer equipo. En el UAE Team Emirates &#8211; XRG, el madrile\u00f1o complet\u00f3 una primera temporada en la que su objetivo era aprender y mejorar, <a href=\"https:\/\/www.marca.com\/ciclismo\/2024\/11\/12\/pablo-torres-nino-maravilla-pogacar-completo-me-da-miedo.html\" target=\"_blank\" rel=\"nofollow noopener\">tal y como confes\u00f3 a MARCA en 2024<\/a>.<\/p>\n<p data-mrf-recirculation=\"Links P\u00e1rrafos\" class=\"ue-c-article__paragraph paragraph\">Un a\u00f1o despu\u00e9s, en una fr\u00eda y soleada ma\u00f1ana madrile\u00f1a, Pablo Torres aparec\u00eda en el municipio de Las Rozas listo para competir en el Memorial Mar\u00eda Isabel Clavero. All\u00ed, el de Vic\u00e1lvaro atendi\u00f3 a MARCA para charlar largo y tendido sobre su campa\u00f1a de debut en el WorldTour y sobre un curso 2026 que afronta cargado de optimismo.<\/p>\n<p data-mrf-recirculation=\"Links P\u00e1rrafos\" class=\"ue-c-article__paragraph paragraph\"><strong>PREGUNTA. \u00bfC\u00f3mo se encuentra?<\/strong><\/p>\n<p data-mrf-recirculation=\"Links P\u00e1rrafos\" class=\"ue-c-article__paragraph paragraph\"><strong>RESPUESTA.<\/strong> Bien, bien. Con muchas ganas de empezar la temporada, ir con calma y hacer el trabajo poco a poco, pero bien hecho. Ojal\u00e1 esta temporada sea una campa\u00f1a muy buena.<\/p>\n<p data-mrf-recirculation=\"Links P\u00e1rrafos\" class=\"ue-c-article__paragraph paragraph\"><strong>P.\u00a0<\/strong><strong>A principios de noviembre tuvieron la primera concentraci\u00f3n en Abu Dabi. \u00bfC\u00f3mo fue todo?<\/strong><\/p>\n<p data-mrf-recirculation=\"Links P\u00e1rrafos\" class=\"ue-c-article__paragraph paragraph\">R. Muy bien, la verdad es que este a\u00f1o ha estado muy bien. Al final, en esta concentraci\u00f3n haces actividades con el equipo que son entretenidas y eso tambi\u00e9n te permite desconectar un poco del ciclismo. Adem\u00e1s, est\u00e1s con tus compa\u00f1eros y eso te ayuda a ir conoci\u00e9ndolos mejor. Para m\u00ed fue una experiencia muy divertida y me lo pas\u00e9 genial.<\/p>\n<p data-mrf-recirculation=\"Links P\u00e1rrafos\" class=\"ue-c-article__paragraph paragraph\"><strong>P. \u00bfQu\u00e9 balance hace de su primera temporada en el WorldTour?<\/strong><\/p>\n<p data-mrf-recirculation=\"Links P\u00e1rrafos\" class=\"ue-c-article__paragraph paragraph\">R. Mi primera temporada en el WorldTour ha sido un poco complicada porque fue un salto muy grande. Las cosas a veces no han ido de la mejor manera posible, pero tambi\u00e9n ha sido una temporada en la que he aprendido mucho, he disfrutado y me ha hecho madurar como ciclista. As\u00ed que con ganas de comenzar la siguiente.<\/p>\n<p><img decoding=\"async\" width=\"1600\" height=\"1067\" class=\"ue-c-article__image lazyload\" alt=\"Pablo Torres compitiendo en el Tour Down Under\" loading=\"lazy\" src=\"https:\/\/www.europesays.com\/es\/wp-content\/uploads\/2025\/11\/6925698490925.jpeg\"\/><\/p>\n<p>Pablo Torres compitiendo en el Tour Down Under<\/p>\n<p data-mrf-recirculation=\"Links P\u00e1rrafos\" class=\"ue-c-article__paragraph paragraph\"><strong>P. Durante esta pretemporada, \u00bfse est\u00e1 centrando en mejorar en alg\u00fan aspecto concreto respecto a la campa\u00f1a pasada?<\/strong><\/p>\n<p data-mrf-recirculation=\"Links P\u00e1rrafos\" class=\"ue-c-article__paragraph paragraph\">R. En principio, el objetivo es mejorar todo un poco. Ahora es un buen momento para meter entrenamientos de fuerza que me ayuden a ser un corredor un poco m\u00e1s explosivo. Yo creo que no hay que centrarse solo en una cosa, sino intentar enfocarte en mejorar todo y, sobre todo, los puntos m\u00e1s d\u00e9biles, que en mi caso es la explosividad.<\/p>\n<p data-mrf-recirculation=\"Links P\u00e1rrafos\" class=\"ue-c-article__paragraph paragraph\"><strong>P. Precisamente, su entrenador es Javier Sola. \u00bfC\u00f3mo es trabajar con \u00e9l?<\/strong><\/p>\n<p data-mrf-recirculation=\"Links P\u00e1rrafos\" class=\"ue-c-article__paragraph paragraph\">R. Es un entrenador muy bueno y uno de los mejores del mundo, entrenando a Tadej \u2014Pogacar\u2014 as\u00ed lo demuestra. Estoy encantado de poder estar con \u00e9l porque la verdad es que trabajamos genial y muy a gusto. Es uno de los entrenadores que m\u00e1s sabe en el mundo, as\u00ed que siempre hay que hacerle caso. Para m\u00ed, es un placer trabajar con \u00e9l.<\/p>\n<p data-mrf-recirculation=\"Links P\u00e1rrafos\" class=\"ue-c-article__paragraph paragraph\"><strong>P. Otra figura importante dentro del equipo es Matxin. \u00bfQu\u00e9 supone para usted poder contar con alguien como \u00e9l?<\/strong><\/p>\n<p data-mrf-recirculation=\"Links P\u00e1rrafos\" class=\"ue-c-article__paragraph paragraph\">R. Matxin es una persona con mucha experiencia y que sabe mucho del mundo del ciclismo. Es muy cercano a nosotros, siempre est\u00e1 preocup\u00e1ndose de lo que nos pasa y de c\u00f3mo nos sentimos, eso es genial. Al final, \u00e9l crea una relaci\u00f3n muy buena con todos los corredores y eso nos hace sentirnos m\u00e1s tranquilos dentro del equipo.<\/p>\n<p data-mrf-recirculation=\"Links P\u00e1rrafos\" class=\"ue-c-article__paragraph paragraph\"><strong>P. Tanto Gianetti como \u00e9l, \u00bfqu\u00e9 le piden para esta pr\u00f3xima temporada?<\/strong><\/p>\n<p data-mrf-recirculation=\"Links P\u00e1rrafos\" class=\"ue-c-article__paragraph paragraph\">R. En general ellos no me piden nada relacionado con el rendimiento. Lo que s\u00ed quieren es que d\u00e9 mi mejor versi\u00f3n y, sobre todo, me dicen que vaya con tranquilidad y que haga las cosas bien pero con calma, porque los resultados al final acaban llegando. Siempre me aportan esa tranquilidad y eso es muy bueno. Yo siempre quiero ir r\u00e1pido porque quiero ver resultados, pero ellos me transmiten esa pausa.<\/p>\n<p><img decoding=\"async\" width=\"1600\" height=\"1071\" class=\"ue-c-article__image lazyload\" alt=\"Pablo Torres, en el Giro de los Abruzzos\" loading=\"lazy\" src=\"https:\/\/www.europesays.com\/es\/wp-content\/uploads\/2025\/11\/69256a41190a8.jpeg\"\/><\/p>\n<p>Pablo Torres, en el Giro de los Abruzzos<\/p>\n<p data-mrf-recirculation=\"Links P\u00e1rrafos\" class=\"ue-c-article__paragraph paragraph\"><strong>P. En poco m\u00e1s de dos a\u00f1os ha pasado de competir en el Sanse a estar en el UAE, \u00bfle da v\u00e9rtigo la rapidez con la que se est\u00e1 desarrollando su carrera?<\/strong><\/p>\n<p data-mrf-recirculation=\"Links P\u00e1rrafos\" class=\"ue-c-article__paragraph paragraph\">R. La verdad es que hay muchas veces que ni lo asimilas, porque va todo tan r\u00e1pido que no eres consciente ni de d\u00f3nde est\u00e1s. Pero s\u00ed, cada vez lo voy interiorizando un poco m\u00e1s y para m\u00ed es un placer estar en el UAE. Yo me veo como un ciclista m\u00e1s, tampoco siento que est\u00e9 yendo demasiado deprisa.<\/p>\n<p data-mrf-recirculation=\"Links P\u00e1rrafos\" class=\"ue-c-article__paragraph paragraph\"><strong>P. El a\u00f1o pasado tuvo una ca\u00edda muy fea en Hungr\u00eda. \u00bfC\u00f3mo recuerda y qu\u00e9 aprendizaje saca de ese momento tan complicado?<\/strong><\/p>\n<p data-mrf-recirculation=\"Links P\u00e1rrafos\" class=\"ue-c-article__paragraph paragraph\">R. Fue un momento bastante duro porque nunca hab\u00eda tenido una ca\u00edda tan grande. Adem\u00e1s, tard\u00e9 bastante en recuperarme y despu\u00e9s de aquello estuve pr\u00e1cticamente tres semanas sin montar en bicicleta. Fue un par\u00f3n muy importante que hace que cuando vuelves a subirte a ella es como si empezaras desde la pretemporada, ya que en esta \u00e9poca del a\u00f1o lo que descansamos son precisamente esas tres semanas. Cuando volv\u00ed a coger la bici me faltaba bastante forma, pero poco a poco la fui recuperando y consegu\u00ed estar, m\u00e1s o menos, en mi mejor nivel en el Tour del Porvenir, que era el objetivo de la temporada. Yo creo que supe manejar bien la situaci\u00f3n y me ha ense\u00f1ado muchas cosas que podr\u00e9 aplicar en el futuro.<\/p>\n<p>As\u00ed ha sido la terror\u00edfica ca\u00edda del Tour de Hungria que ha mandado a Pablo Torres al hospital<\/p>\n<p data-mrf-recirculation=\"Links P\u00e1rrafos\" class=\"ue-c-article__paragraph paragraph\"><strong>P. Al comienzo de la temporada pasada coment\u00f3 que el tema de la alimentaci\u00f3n era lo que m\u00e1s le costaba. \u00bfLo lleva mejor ahora?<\/strong><\/p>\n<p data-mrf-recirculation=\"Links P\u00e1rrafos\" class=\"ue-c-article__paragraph paragraph\">R. S\u00ed. Esta pretemporada estoy centr\u00e1ndome mucho en eso, quiero hacer las cosas bastante bien para poder estar toda la temporada en un muy buen peso que me ayude a tener un muy buen rendimiento durante el 2026.<\/p>\n<p data-mrf-recirculation=\"Links P\u00e1rrafos\" class=\"ue-c-article__paragraph paragraph\"><strong>P. De cara a ese 2026, \u00bfc\u00f3mo han perfilado su calendario?<\/strong><\/p>\n<p data-mrf-recirculation=\"Links P\u00e1rrafos\" class=\"ue-c-article__paragraph paragraph\">R. De momento no hemos planificado nada, supongo que en el \u2018Training Camp\u2019 de diciembre nos dir\u00e1n m\u00e1s o menos nuestro calendario. Pero de momento no tengo nada claro, ya nos ir\u00e1n diciendo.<\/p>\n<p data-mrf-recirculation=\"Links P\u00e1rrafos\" class=\"ue-c-article__paragraph paragraph\"><strong>P. \u00bfSe han planteado la posibilidad de debutar en su primera Gran Vuelta?<\/strong><\/p>\n<p data-mrf-recirculation=\"Links P\u00e1rrafos\" class=\"ue-c-article__paragraph paragraph\">R. En principio tampoco me han dicho nada sobre esto. Ojal\u00e1, a m\u00ed me gustar\u00eda. Ser\u00eda un placer poder correr alguna Gran Vuelta, pero hay muchos corredores del equipo que tambi\u00e9n tienen que estar en ellas y las plazas son limitadas. Ya se ver\u00e1, cuando me digan el calendario saldr\u00e9 de dudas.<\/p>\n<blockquote class=\"ue-c-article__blockquote\">\n<p>\u00bfDebutar en una Gran Vuelta? Ojal\u00e1, a m\u00ed me gustar\u00eda<\/p>\n<p>Pablo Torres<\/p><\/blockquote>\n<p data-mrf-recirculation=\"Links P\u00e1rrafos\" class=\"ue-c-article__paragraph paragraph\"><strong>P. En Tre Valli Varesine coincidi\u00f3 con Tadej Pogacar. \u00bfC\u00f3mo fue la experiencia? \u00bfLe dio alg\u00fan consejo?<\/strong><\/p>\n<p data-mrf-recirculation=\"Links P\u00e1rrafos\" class=\"ue-c-article__paragraph paragraph\">R. Para m\u00ed correr con \u00e9l es un sue\u00f1o. Desde que empec\u00e9 a montar en bici le ve\u00eda en la tele y siempre ha sido mi \u00eddolo. Competir con \u00e9l y trabajar para ayudarle a ganar, en la medida de lo posible, es un placer. \u00c9l da consejos, pero sobre todo se enfoca en aconsejar de manera espec\u00edfica para las carreras en las que coincidimos. A nivel general, el principal consejo que me ha dado es que hay que tomarse las cosas con mucha tranquilidad y disfrutar del ciclismo.<\/p>\n<p data-mrf-recirculation=\"Links P\u00e1rrafos\" class=\"ue-c-article__paragraph paragraph\"><strong>P. En el Tour del Porvenir no consigui\u00f3 el resultado que deseaba. \u00bfQu\u00e9 valoraci\u00f3n saca de aquella carrera?<\/strong><\/p>\n<p data-mrf-recirculation=\"Links P\u00e1rrafos\" class=\"ue-c-article__paragraph paragraph\">R. El resultado no fue el que esperaba, pero en esa carrera pude aprender mucho. Ten\u00eda mucha presi\u00f3n encima en el Tour del Porvenir y nunca hab\u00eda convivido con tanta, as\u00ed que me ayud\u00f3 a aprender a manejarla un poco. Toda la gente se esperaba que ten\u00eda que ganar o hacer podio m\u00ednimo por el simple hecho de haber terminado segundo el a\u00f1o anterior, eso para m\u00ed fue mucho. Pero no solo sent\u00ed esa presi\u00f3n durante la propia carrera, sino que llevaba sinti\u00e9ndola desde que empez\u00f3 la temporada pr\u00e1cticamente. Llevar todo eso encima ha sido un poco dif\u00edcil, pero tambi\u00e9n me ha ense\u00f1ado a lidiar con ello.\u00a0En la carrera en s\u00ed tambi\u00e9n tuve algunos d\u00edas malos. Adem\u00e1s, al no haber muchas etapas de monta\u00f1a, el tener ese mal d\u00eda me hizo perder un minuto y ah\u00ed se complicaron mucho las cosas. En las contrarrelojes tambi\u00e9n se demostr\u00f3 que los otros corredores eran m\u00e1s fuertes. Pero yo me quedo con lo bien que trabaj\u00e9 y con que me ha servido para aprender mucho.<\/p>\n<blockquote class=\"ue-c-article__blockquote\">\n<p>En el Tour del Porvenir tuve mucha presi\u00f3n, nunca hab\u00eda convivido con tanta<\/p>\n<p>Pablo Torres<\/p><\/blockquote>\n<p data-mrf-recirculation=\"Links P\u00e1rrafos\" class=\"ue-c-article__paragraph paragraph\"><strong>P. \u00bfC\u00f3mo maneja esa presi\u00f3n que comenta? \u00bfLe agobia mucho?<\/strong><\/p>\n<p data-mrf-recirculation=\"Links P\u00e1rrafos\" class=\"ue-c-article__paragraph paragraph\">R. A veces es dif\u00edcil, pero siempre hay que intentar centrarse en dar tu mejor versi\u00f3n e intentar que no te afecte mucho lo que digan los dem\u00e1s. La clave est\u00e1 ah\u00ed: centrarse en uno mismo e intentar no fijarse mucho en el resto.<\/p>\n<p data-mrf-recirculation=\"Links P\u00e1rrafos\" class=\"ue-c-article__paragraph paragraph\"><strong>P. En cuanto a la disciplina contrarreloj que mencionaba antes, \u00bfest\u00e1 trabajando m\u00e1s sobre la \u2018cabra\u2019 este invierno?<\/strong><\/p>\n<p data-mrf-recirculation=\"Links P\u00e1rrafos\" class=\"ue-c-article__paragraph paragraph\">R. De momento, este invierno no he entrenado ning\u00fan d\u00eda sobre la \u2018cabra\u2019, pero el a\u00f1o anterior ya mejor\u00e9 bastante. En Luxemburgo qued\u00e9 13\u00ba en la contrarreloj, que para ser un corredor muy ligero est\u00e1 muy bien. Este a\u00f1o tambi\u00e9n intentar\u00e9 mejorar, porque es una modalidad que me gusta mucho y que me apasiona. Ojal\u00e1 en un futuro se me pueda dar bien.<\/p>\n<p data-mrf-recirculation=\"Links P\u00e1rrafos\" class=\"ue-c-article__paragraph paragraph\"><strong>P. En el Tour del Porvenir, Seixas gan\u00f3 y se perfila como uno de sus rivales en el futuro. \u00bfQu\u00e9 le parece como ciclista?<\/strong><\/p>\n<p data-mrf-recirculation=\"Links P\u00e1rrafos\" class=\"ue-c-article__paragraph paragraph\">R. Es un corredor muy potente y un muy buen ciclista, ahora mismo es bastante superior a m\u00ed. Ojal\u00e1 en un futuro pueda estar a su nivel y pueda darle guerra. Al final, cada persona tiene su desarrollo y no sabemos lo que nos va a deparar el futuro.<\/p>\n<p data-mrf-recirculation=\"Links P\u00e1rrafos\" class=\"ue-c-article__paragraph paragraph\"><strong>P. Uno de sus compa\u00f1eros, Juan Ayuso, deja el equipo este a\u00f1o. \u00bfQu\u00e9 le parece su decisi\u00f3n de abandonar el UAE?<\/strong><\/p>\n<p data-mrf-recirculation=\"Links P\u00e1rrafos\" class=\"ue-c-article__paragraph paragraph\">R. Juan es una persona que me ha ca\u00eddo muy bien durante estos a\u00f1os que he coincidido con \u00e9l en el equipo. Siempre que hemos estado juntos ha tratado de ayudarme y eso es una cosa que le agradezco mucho. En cuanto a su marcha, Juan ha hecho lo que consideraba que era mejor.<\/p>\n<p data-mrf-recirculation=\"Links P\u00e1rrafos\" class=\"ue-c-article__paragraph paragraph\"><strong>P. En cambio, Pericas dar\u00e1 el salto al primer equipo. \u00bfQu\u00e9 destaca de \u00e9l?<\/strong><\/p>\n<p data-mrf-recirculation=\"Links P\u00e1rrafos\" class=\"ue-c-article__paragraph paragraph\">R. Con Pericas llevo coincidiendo desde hace much\u00edsimo tiempo. Yo recuerdo que hemos estado juntos en la selecci\u00f3n j\u00fanior e incluso en alguna carrera en cadetes. Es una persona que a m\u00ed me cae muy bien. He compartido muchos momentos con \u00e9l este a\u00f1o, ya que hemos estado de concentraci\u00f3n y hemos corrido bastantes carreras, eso ha hecho que hayamos pasado mucho tiempo juntos. Le considero un amigo y me parece que es un s\u00faper ciclista, tiene un talento incre\u00edble. Subiendo es pr\u00e1cticamente imposible seguirle, es muy r\u00e1pido. A nivel personal, me quedo con que es muy buena persona, humilde y bromista, aporta un gran ambiente dentro del equipo.<\/p>\n<p data-mrf-recirculation=\"Links P\u00e1rrafos\" class=\"ue-c-article__paragraph paragraph\"><strong>P. Jaime, su hermano, llega al Gen Z. \u00bfLe ha dado alg\u00fan consejo? (<a href=\"https:\/\/www.marca.com\/ciclismo\/2025\/11\/24\/fichaje-historico-habra-tres-hermanos-espanoles-equipo-pogacar.html\" target=\"_blank\" rel=\"nofollow noopener\">Posteriormente, tambi\u00e9n se oficializ\u00f3 el fichaje de su hermana, Celia Torres, por el UAE Development Team<\/a>)<\/strong><\/p>\n<p data-mrf-recirculation=\"Links P\u00e1rrafos\" class=\"ue-c-article__paragraph paragraph\">R. S\u00ed, llevo tiempo d\u00e1ndole muchos consejos, pero yo creo que lo puede hacer bien. Al final, \u00e9l tambi\u00e9n me ha estado viendo c\u00f3mo he hecho las cosas y puede aprender de eso. Ojal\u00e1 le vaya muy bien todo.<\/p>\n<p data-mrf-recirculation=\"Links P\u00e1rrafos\" class=\"ue-c-article__paragraph paragraph\"><strong>P. Estuvieron muy cerca de alcanzar las 100 victorias este a\u00f1o. Dentro del equipo, \u00bfes un objetivo llegar a la centena?<\/strong><\/p>\n<p data-mrf-recirculation=\"Links P\u00e1rrafos\" class=\"ue-c-article__paragraph paragraph\">R. No tengo mucha idea sobre ello, pero yo creo que nadie es consciente. Es decir, nadie al comienzo de la temporada dice \u2018vamos a llegar a 100 victorias\u2019, pero s\u00ed que es verdad que en el tramo final de temporada s\u00ed que se hablaba de llegar a esa cifra, porque al final es un n\u00famero redondo. Toda la gente estaba calculando a ver si lleg\u00e1bamos o no, pero no creo que a comienzos de a\u00f1o sea una meta esta cifra. Lo que s\u00ed que puede ser m\u00e1s un objetivo es ganar determinadas carreras.<\/p>\n<p data-mrf-recirculation=\"Links P\u00e1rrafos\" class=\"ue-c-article__paragraph paragraph\"><strong>P. Buena parte de esos triunfos fueron conseguidos por Isaac del Toro. \u00bfQu\u00e9 es lo que m\u00e1s le sorprende de \u00e9l?<\/strong><\/p>\n<p data-mrf-recirculation=\"Links P\u00e1rrafos\" class=\"ue-c-article__paragraph paragraph\">R. Es uno de mis corredores favoritos actualmente. Es muy bueno. Sobre todo, tiene una confianza en s\u00ed mismo que yo no he visto en muchos ciclistas y una inteligencia en carrera que no creo que nadie con su edad tenga. Es un corredor que se sabe mover muy bien y sabe c\u00f3mo ahorrar cada gramo de energ\u00eda. En el futuro, Isaac va a ser uno de los mejores del mundo o incluso el mejor.<\/p>\n<blockquote class=\"ue-c-article__blockquote\">\n<p>\u00bfDel Toro? Es uno de mis corredores favoritos<\/p>\n<p>Pablo Torres<\/p><\/blockquote>\n<p data-mrf-recirculation=\"Links P\u00e1rrafos\" class=\"ue-c-article__paragraph paragraph\"><strong>P. \u00bfCu\u00e1l es su objetivo en 2026?<\/strong><\/p>\n<p data-mrf-recirculation=\"Links P\u00e1rrafos\" class=\"ue-c-article__paragraph paragraph\">R. Seguir progresando, sentirme cada vez m\u00e1s c\u00f3modo en las carreras y poder hacer buenos puestos con cierta regularidad. Ojal\u00e1 pueda conseguir mi primera victoria, aunque eso siempre es muy dif\u00edcil.<\/p>\n<p data-mrf-recirculation=\"Links P\u00e1rrafos\" class=\"ue-c-article__paragraph paragraph\"><strong>P. De aqu\u00ed a 10 a\u00f1os vista, \u00bfc\u00f3mo le gustar\u00eda verse?<\/strong><\/p>\n<p data-mrf-recirculation=\"Links P\u00e1rrafos\" class=\"ue-c-article__paragraph paragraph\">R. Pues me gustar\u00eda ser un corredor importante en el mundo del ciclismo y que la gente me tenga en cuenta como uno de los favoritos cuando vea las carreras, pero eso tambi\u00e9n es muy complicado. Es mi sue\u00f1o y yo trabajo todos los d\u00edas para ello, pero nunca se sabe si se va a poder conseguir.<\/p>\n","protected":false},"excerpt":{"rendered":"El ascenso de Pablo Torres (Madrid, 2005) est\u00e1 siendo mete\u00f3rico. En poco m\u00e1s de dos a\u00f1os, el ciclista&hellip;\n","protected":false},"author":2,"featured_media":255111,"comment_status":"","ping_status":"","sticky":false,"template":"","format":"standard","meta":{"footnotes":""},"categories":[273],"tags":[313,312,168,25,24,23,167],"class_list":{"0":"post-255110","1":"post","2":"type-post","3":"status-publish","4":"format-standard","5":"has-post-thumbnail","7":"category-ciclismo","8":"tag-ciclismo","9":"tag-cycling","10":"tag-deportes","11":"tag-es","12":"tag-espana","13":"tag-spain","14":"tag-sports"},"share_on_mastodon":{"url":"https:\/\/pubeurope.com\/@es\/115610643697970351","error":""},"_links":{"self":[{"href":"https:\/\/www.europesays.com\/es\/wp-json\/wp\/v2\/posts\/255110","targetHints":{"allow":["GET"]}}],"collection":[{"href":"https:\/\/www.europesays.com\/es\/wp-json\/wp\/v2\/posts"}],"about":[{"href":"https:\/\/www.europesays.com\/es\/wp-json\/wp\/v2\/types\/post"}],"author":[{"embeddable":true,"href":"https:\/\/www.europesays.com\/es\/wp-json\/wp\/v2\/users\/2"}],"replies":[{"embeddable":true,"href":"https:\/\/www.europesays.com\/es\/wp-json\/wp\/v2\/comments?post=255110"}],"version-history":[{"count":0,"href":"https:\/\/www.europesays.com\/es\/wp-json\/wp\/v2\/posts\/255110\/revisions"}],"wp:featuredmedia":[{"embeddable":true,"href":"https:\/\/www.europesays.com\/es\/wp-json\/wp\/v2\/media\/255111"}],"wp:attachment":[{"href":"https:\/\/www.europesays.com\/es\/wp-json\/wp\/v2\/media?parent=255110"}],"wp:term":[{"taxonomy":"category","embeddable":true,"href":"https:\/\/www.europesays.com\/es\/wp-json\/wp\/v2\/categories?post=255110"},{"taxonomy":"post_tag","embeddable":true,"href":"https:\/\/www.europesays.com\/es\/wp-json\/wp\/v2\/tags?post=255110"}],"curies":[{"name":"wp","href":"https:\/\/api.w.org\/{rel}","templated":true}]}}