{"id":255112,"date":"2025-11-25T13:47:09","date_gmt":"2025-11-25T13:47:09","guid":{"rendered":"https:\/\/www.europesays.com\/es\/255112\/"},"modified":"2025-11-25T13:47:09","modified_gmt":"2025-11-25T13:47:09","slug":"resumen-del-partido-heat-106-102-mavericks-24-de-nov-2025","status":"publish","type":"post","link":"https:\/\/www.europesays.com\/es\/255112\/","title":{"rendered":"Resumen del partido Heat 106-102 Mavericks (24 de Nov., 2025)"},"content":{"rendered":"<p>MIAMI (AP) &#8212; Tyler Herro anot\u00f3 24 puntos en su debut de temporada tras recuperarse de una cirug\u00eda de tobillo, Kel&#8217;el Ware sum\u00f3 20 y 18 rebotes, y el Miami Heat resisti\u00f3 un embate de los Dallas Mavericks para ganar 106-102 el lunes por la noche.<\/p>\n<p>Bam Adebayo consigui\u00f3 17 unidades para Miami, que fue contenido a casi 20 puntos por debajo de su promedio de la temporada, pero mejor\u00f3 a 8-1 en casa.<\/p>\n<p>P.J. Washington anot\u00f3 27 tantos para Dallas, que obtuvo 15 de Max Christie, 13 de Klay Thompson y 12 cada uno de Cooper Flagg y Brandon Williams.<\/p>\n<p>Dallas iba perdiendo por 13 antes de poner el juego interesante al final.<\/p>\n<p>Flagg encest\u00f3 un par de tiros libres con 1:04 por jugar, empatando el juego a 102-102. Los Mavs lograron una parada en su siguiente posesi\u00f3n, pero Adebayo rob\u00f3 el pase de entrada y Herro anot\u00f3 con 41,2 segundos restantes para poner a Miami de nuevo en ventaja.<\/p>\n<p>Miami &#8211;jugando su tercer partido en cuatro noches&#8211; estuvo sin su m\u00e1ximo anotador Norman Powell (ingle), Andrew Wiggins (cadera) y Nikola Jovic (cadera).<\/p>\n<p>El p\u00edvot de los Mavericks, Anthony Davis, se perdi\u00f3 su decimocuarto juego consecutivo por una distensi\u00f3n en la pantorrilla izquierda, aunque hab\u00eda sido actualizado a dudoso m\u00e1s temprano el lunes, indicando que hab\u00eda una peque\u00f1a posibilidad de que jugara. Dallas no juega de nuevo hasta el viernes &#8211;contra el antiguo equipo de Davis, Los \u00c1ngeles Lakers.<\/p>\n<p>\u00abCreo que sigue mejorando. Est\u00e1 trabajando para volver. Anticipamos que estar\u00e1 en la pr\u00e1ctica esta semana. Creo que cualquier momento con una distensi\u00f3n en la pantorrilla hay que ser cauteloso. Pero ha trabajado extremadamente duro y el siguiente paso es la pr\u00e1ctica el mi\u00e9rcoles, as\u00ed que veremos qu\u00e9 sucede\u00bb, dijo el entrenador de los Mavericks, Jason Kidd.<\/p>\n","protected":false},"excerpt":{"rendered":"MIAMI (AP) &#8212; Tyler Herro anot\u00f3 24 puntos en su debut de temporada tras recuperarse de una cirug\u00eda&hellip;\n","protected":false},"author":2,"featured_media":255113,"comment_status":"","ping_status":"","sticky":false,"template":"","format":"standard","meta":{"footnotes":""},"categories":[269],"tags":[299,298,168,25,24,23,167],"class_list":{"0":"post-255112","1":"post","2":"type-post","3":"status-publish","4":"format-standard","5":"has-post-thumbnail","7":"category-baloncesto","8":"tag-baloncesto","9":"tag-basketball","10":"tag-deportes","11":"tag-es","12":"tag-espana","13":"tag-spain","14":"tag-sports"},"share_on_mastodon":{"url":"https:\/\/pubeurope.com\/@es\/115610651513930033","error":""},"_links":{"self":[{"href":"https:\/\/www.europesays.com\/es\/wp-json\/wp\/v2\/posts\/255112","targetHints":{"allow":["GET"]}}],"collection":[{"href":"https:\/\/www.europesays.com\/es\/wp-json\/wp\/v2\/posts"}],"about":[{"href":"https:\/\/www.europesays.com\/es\/wp-json\/wp\/v2\/types\/post"}],"author":[{"embeddable":true,"href":"https:\/\/www.europesays.com\/es\/wp-json\/wp\/v2\/users\/2"}],"replies":[{"embeddable":true,"href":"https:\/\/www.europesays.com\/es\/wp-json\/wp\/v2\/comments?post=255112"}],"version-history":[{"count":0,"href":"https:\/\/www.europesays.com\/es\/wp-json\/wp\/v2\/posts\/255112\/revisions"}],"wp:featuredmedia":[{"embeddable":true,"href":"https:\/\/www.europesays.com\/es\/wp-json\/wp\/v2\/media\/255113"}],"wp:attachment":[{"href":"https:\/\/www.europesays.com\/es\/wp-json\/wp\/v2\/media?parent=255112"}],"wp:term":[{"taxonomy":"category","embeddable":true,"href":"https:\/\/www.europesays.com\/es\/wp-json\/wp\/v2\/categories?post=255112"},{"taxonomy":"post_tag","embeddable":true,"href":"https:\/\/www.europesays.com\/es\/wp-json\/wp\/v2\/tags?post=255112"}],"curies":[{"name":"wp","href":"https:\/\/api.w.org\/{rel}","templated":true}]}}