{"id":255114,"date":"2025-11-25T13:48:14","date_gmt":"2025-11-25T13:48:14","guid":{"rendered":"https:\/\/www.europesays.com\/es\/255114\/"},"modified":"2025-11-25T13:48:14","modified_gmt":"2025-11-25T13:48:14","slug":"en-egipto-ya-conocen-de-boca-de-fernando-soriano-la-postura-del-depor-con-eddahchouri","status":"publish","type":"post","link":"https:\/\/www.europesays.com\/es\/255114\/","title":{"rendered":"En Egipto ya conocen de boca de Fernando Soriano la postura del D\u00e9por con Eddahchouri"},"content":{"rendered":"<p><img decoding=\"async\" width=\"1280\" height=\"732\" fetchpriority=\"high\" alt=\"Imagen del programa del canal egipcio MBC Masr 2\" src=\"https:\/\/www.europesays.com\/es\/wp-content\/uploads\/2025\/11\/69257ac1b3da8.r_d.525-185-18662.jpeg\"\/><\/p>\n<p>Imagen del programa del canal egipcio MBC Masr 2<\/p>\n<p class=\"texto_noticia\">Los medios de comunicaci\u00f3n de <b>Egipto <\/b>siguen muy de cerca la evoluci\u00f3n<a href=\"https:\/\/dxtcampeon.elidealgallego.com\/deportivo\/depor\/2025-11-23\/los-goles-de-eddahchouri-llaman-la-atencion-del-al-ahly-egipcio-820199.html\" title=\"Los goles de Eddahchouri llaman la atenci\u00f3n del Al-Ahly egipcio\" rel=\"nofollow noreferrer noopener\" target=\"_blank\"> del inter\u00e9s del Al-Ahly por el delantero del Deportivo <b>Zakaria Eddahchouri<\/b><\/a>. Despu\u00e9s de que el domingo saliera a la luz, la prensa que sigue la actualidad del equipo m\u00e1s laureado de \u00c1frica no pierde la pista del punta blanquiazul, aunque el movimiento m\u00e1s reciente <b>ha sido conocer de boca del propio Fernando Soriano que ha dejado clara la postura del Deportivo: Zaka no se vende<\/b>.<\/p>\n<p class=\"texto_noticia\">El que de momento sigue siendo m\u00e1ximo goleador del cuadro coru\u00f1\u00e9s fue uno de los protagonistas del programa deportivo del canal egipcio <b>MBC Masr 2<\/b>, que repas\u00f3 los diferentes objetivos del Al-Ahly para reforzar la delantera.<\/p>\n<p class=\"texto_noticia\">El mercado de invierno est\u00e1 a la vuelta de la esquina y habr\u00e1 que ver c\u00f3mo se desarrollan los acontecimientos, pero<a href=\"https:\/\/dxtcampeon.elidealgallego.com\/deportivo\/depor\/2025-11-17\/david-novo-periodista-de-record-yeremay-en-el-sporting-tendria-visibilidad-en-champions-818923.html\" title=\"David Novo, periodista de &#039;Record&#039;: &quot;Yeremay en el Sporting tendr\u00eda visibilidad en Champions&quot;\" rel=\"nofollow noreferrer noopener\" target=\"_blank\"> la posici\u00f3n inicial del D\u00e9por no es diferente a la manifestada en m\u00e1s de una ocasi\u00f3n con Yeremay<\/a>. Desde MBC Masr 2 se pusieron en contacto con la direcci\u00f3n deportiva del D\u00e9por, que fue tajante. Seg\u00fan apunta el periodista que se puso en contacto con Soriano a <b>DXT Campe\u00f3n<\/b>, el ma\u00f1o asegur\u00f3 que no han recibido ninguna oferta del Al-Ahly, pero que <b>el club no tiene ninguna intenci\u00f3n de dejarlo ir<\/b>. Apunt\u00f3 Soriano que quien quiera hacerse con Eddahchouri tendr\u00e1 que abonar su <b>cl\u00e1usula de rescisi\u00f3n<\/b>.<\/p>\n<p class=\"texto_noticia\">El responsable de la parcela de f\u00fatbol del conjunto coru\u00f1\u00e9s no quiso, en todo caso, dar el dato concreto de lo que costar\u00eda romper el contrato de Eddahchouri, <b>que no baja de las ocho cifras con un acuerdo, adem\u00e1s, que se va a 2028<\/b>. No parece que el Al-Ahly est\u00e9 dispuesto a hacer tal desembolso, as\u00ed que tocar\u00e1 esperar a la apertura de la ventana de enero y ver c\u00f3mo gestiona el propio jugador la pelota en su tejado si la ofensiva egipcia va a m\u00e1s.<\/p>\n","protected":false},"excerpt":{"rendered":"Imagen del programa del canal egipcio MBC Masr 2 Los medios de comunicaci\u00f3n de Egipto siguen muy de&hellip;\n","protected":false},"author":2,"featured_media":255115,"comment_status":"","ping_status":"","sticky":false,"template":"","format":"standard","meta":{"footnotes":""},"categories":[268],"tags":[168,25,24,280,282,281,23,167],"class_list":{"0":"post-255114","1":"post","2":"type-post","3":"status-publish","4":"format-standard","5":"has-post-thumbnail","7":"category-futbol","8":"tag-deportes","9":"tag-es","10":"tag-espana","11":"tag-football","12":"tag-futbol","13":"tag-soccer","14":"tag-spain","15":"tag-sports"},"share_on_mastodon":{"url":"https:\/\/pubeurope.com\/@es\/115610655968094087","error":""},"_links":{"self":[{"href":"https:\/\/www.europesays.com\/es\/wp-json\/wp\/v2\/posts\/255114","targetHints":{"allow":["GET"]}}],"collection":[{"href":"https:\/\/www.europesays.com\/es\/wp-json\/wp\/v2\/posts"}],"about":[{"href":"https:\/\/www.europesays.com\/es\/wp-json\/wp\/v2\/types\/post"}],"author":[{"embeddable":true,"href":"https:\/\/www.europesays.com\/es\/wp-json\/wp\/v2\/users\/2"}],"replies":[{"embeddable":true,"href":"https:\/\/www.europesays.com\/es\/wp-json\/wp\/v2\/comments?post=255114"}],"version-history":[{"count":0,"href":"https:\/\/www.europesays.com\/es\/wp-json\/wp\/v2\/posts\/255114\/revisions"}],"wp:featuredmedia":[{"embeddable":true,"href":"https:\/\/www.europesays.com\/es\/wp-json\/wp\/v2\/media\/255115"}],"wp:attachment":[{"href":"https:\/\/www.europesays.com\/es\/wp-json\/wp\/v2\/media?parent=255114"}],"wp:term":[{"taxonomy":"category","embeddable":true,"href":"https:\/\/www.europesays.com\/es\/wp-json\/wp\/v2\/categories?post=255114"},{"taxonomy":"post_tag","embeddable":true,"href":"https:\/\/www.europesays.com\/es\/wp-json\/wp\/v2\/tags?post=255114"}],"curies":[{"name":"wp","href":"https:\/\/api.w.org\/{rel}","templated":true}]}}