{"id":255119,"date":"2025-11-25T13:53:25","date_gmt":"2025-11-25T13:53:25","guid":{"rendered":"https:\/\/www.europesays.com\/es\/255119\/"},"modified":"2025-11-25T13:53:25","modified_gmt":"2025-11-25T13:53:25","slug":"especiales-radio-3-batalla-de-bandas-monkey-week-2025","status":"publish","type":"post","link":"https:\/\/www.europesays.com\/es\/255119\/","title":{"rendered":"Especiales Radio 3 &#8211; Batalla de Bandas Monkey Week 2025"},"content":{"rendered":"<p>Como es tradici\u00f3n, Radio 3 celebra la batalla de bandas en el Monkey Week. Los padrinos para esta edici\u00f3n n\u00famero 17, la del regreso a El Puerto de Santa Mar\u00eda, son Maddening Flames.<\/p>\n<p>Y durante dos horas, Gustavo Iglesias y Nacho \u00c1lvaro dan paso a los grupos que tratan de ganar la botella de an\u00eds que les acredita como campeones.<\/p>\n<p>Participan Repion, Aiko El Grupo, Salvana, Musg\u00f6, Por Las Noches, Dear Joanne, Bernarda, Erin Memento, Idoipe, Los Chivatos, Dulzaro, Maximiliano Calvo, Ortiga, Jard\u00edn, Memocracia.<\/p>\n<p><strong>Fotograf\u00eda:<\/strong> Javier Rosa.<\/p>\n","protected":false},"excerpt":{"rendered":"Como es tradici\u00f3n, Radio 3 celebra la batalla de bandas en el Monkey Week. Los padrinos para esta&hellip;\n","protected":false},"author":2,"featured_media":255120,"comment_status":"","ping_status":"","sticky":false,"template":"","format":"standard","meta":{"footnotes":""},"categories":[170],"tags":[64249,146,147,25,24,53055,184,185,133,1448,1986,1987,23],"class_list":{"0":"post-255119","1":"post","2":"type-post","3":"status-publish","4":"format-standard","5":"has-post-thumbnail","7":"category-musica","8":"tag-batalla-de-bandas-monkey-week-2025","9":"tag-entertainment","10":"tag-entretenimiento","11":"tag-es","12":"tag-espana","13":"tag-especiales-radio-3","14":"tag-music","15":"tag-musica","16":"tag-online","17":"tag-radio","18":"tag-rne","19":"tag-rtve-play","20":"tag-spain"},"share_on_mastodon":{"url":"https:\/\/pubeurope.com\/@es\/115610675184147367","error":""},"_links":{"self":[{"href":"https:\/\/www.europesays.com\/es\/wp-json\/wp\/v2\/posts\/255119","targetHints":{"allow":["GET"]}}],"collection":[{"href":"https:\/\/www.europesays.com\/es\/wp-json\/wp\/v2\/posts"}],"about":[{"href":"https:\/\/www.europesays.com\/es\/wp-json\/wp\/v2\/types\/post"}],"author":[{"embeddable":true,"href":"https:\/\/www.europesays.com\/es\/wp-json\/wp\/v2\/users\/2"}],"replies":[{"embeddable":true,"href":"https:\/\/www.europesays.com\/es\/wp-json\/wp\/v2\/comments?post=255119"}],"version-history":[{"count":0,"href":"https:\/\/www.europesays.com\/es\/wp-json\/wp\/v2\/posts\/255119\/revisions"}],"wp:featuredmedia":[{"embeddable":true,"href":"https:\/\/www.europesays.com\/es\/wp-json\/wp\/v2\/media\/255120"}],"wp:attachment":[{"href":"https:\/\/www.europesays.com\/es\/wp-json\/wp\/v2\/media?parent=255119"}],"wp:term":[{"taxonomy":"category","embeddable":true,"href":"https:\/\/www.europesays.com\/es\/wp-json\/wp\/v2\/categories?post=255119"},{"taxonomy":"post_tag","embeddable":true,"href":"https:\/\/www.europesays.com\/es\/wp-json\/wp\/v2\/tags?post=255119"}],"curies":[{"name":"wp","href":"https:\/\/api.w.org\/{rel}","templated":true}]}}