{"id":255127,"date":"2025-11-25T13:57:10","date_gmt":"2025-11-25T13:57:10","guid":{"rendered":"https:\/\/www.europesays.com\/es\/255127\/"},"modified":"2025-11-25T13:57:10","modified_gmt":"2025-11-25T13:57:10","slug":"letizia-ortiz-homenajea-a-amenabar-y-el-a-ella-como-experta-en-el-septimo-arte-sabe-mas-de-cine-que-todos-nosotros","status":"publish","type":"post","link":"https:\/\/www.europesays.com\/es\/255127\/","title":{"rendered":"Letizia Ortiz homenajea a Amen\u00e1bar\u2026 y \u00e9l a ella como experta en el s\u00e9ptimo arte: \u201cSabe m\u00e1s de cine que todos nosotros\u201d"},"content":{"rendered":"<p class=\"has-dropcap\">L<strong>a reina Letizia<\/strong> fue recibida este martes con aplausos y gritos de \u201c\u00a1Viva la reina!\u201d y \u00ab\u00a1Guapa\u00bb!\u00bb a su llegada al ciclo Nuestros Cl\u00e1sicos en el cine Moncayo de Tudela (Navarra), escenario en el que presidi\u00f3 el homenaje a <strong><a href=\"https:\/\/www.revistavanityfair.es\/cultura\/entretenimiento\/articulos\/alejandro-amenabar-entrevista-la-fortua\/51479\" rel=\"nofollow noopener\" target=\"_blank\">Alejandro Amen\u00e1bar<\/a><\/strong> y en el que <strong>fue el propio director quien elogi\u00f3 el profundo conocimiento que la experiodista tiene del s\u00e9ptimo arte: \u201cSabe m\u00e1s de cine que todos nosotros\u201d<\/strong>. En el tributo al cineasta hispanochileno se proyect\u00f3 Mar Adentro, pel\u00edcula que ahora cumple 20 a\u00f1os y que fue ganadora de 14 premios Goya y un Oscar internacional.<\/p>\n<p>El acto, anexo al Festival \u00d3pera Prima de Tudela y organizado por cineclub Muskaria y EPEL Tudela-Cultura, dio comienzo cuando, pasadas las 11.40 de la ma\u00f1ana, la m\u00e1s cin\u00e9fila de las reinas <strong>lleg\u00f3 a la localidad entre aplausos del p\u00fablico apostado en la calle, que la llamaba \u201c\u00a1Letizia, Letizia!\u201d<\/strong>. Tras saludar formalmente a las autoridades y saltarse el protocolo para abrazar al director del Festival, <strong>Luis Alegre<\/strong>, se acerc\u00f3 a atender a las personas que llevaban un rato esper\u00e1ndola en la puerta del cine.<\/p>\n<p><img decoding=\"async\" alt=\"Letizia Ortiz homenajea a Amenbar\u2026 y l a ella como experta en el sptimo arte \u201cSabe ms de cine que todos nosotros\u201d\" loading=\"lazy\" class=\"ResponsiveImageContainer-eNxvmU cfBbTk responsive-image__image\"   src=\"https:\/\/www.europesays.com\/es\/wp-content\/uploads\/2025\/11\/GettyImages-2248352972.jpg\"\/><\/p>\n<p>Getty Images<\/p>\n<p>Dio comienzo entonces esta iniciativa que pretende acercar el cine espa\u00f1ol a los m\u00e1s j\u00f3venes \u2014los asistentes eran estudiantes\u2014 y que, adem\u00e1s de para homenajear a Amen\u00e1bar, sirvi\u00f3 tambi\u00e9n para rendir tributo a <strong>Alfonso Verdoy<\/strong>, cineasta clave en la organizaci\u00f3n de este ciclo que falleci\u00f3 recientemente. El encuentro lo present\u00f3 <strong>Elena S\u00e1nchez<\/strong>, conductora del programa Historia de nuestro cine que este mismo a\u00f1o <a href=\"https:\/\/www.revistavanityfair.es\/articulos\/reina-letizia-video-programa-historia-nuestro-cine\" rel=\"nofollow noopener\" target=\"_blank\">cont\u00f3 en su d\u00e9cimo aniversario con la aparici\u00f3n sorpresa de Letizia Ortiz<\/a>.<\/p>\n<p>La reina entreg\u00f3 el reconocimiento a Amen\u00e1bar, quien destac\u00f3 que do\u00f1a Letizia \u201csabe m\u00e1s de cine que todos nosotros juntos\u201d, y, con un p\u00fablico entregado que se puso en pie, destac\u00f3 que cuando escribi\u00f3 el guion de Mar Adentro, que habla de la eutanasia, a\u00fan no se hab\u00eda tropezado con la muerte \u201centendida como parte del proceso de la vida\u201d, pero que despu\u00e9s de hacerlo y, a pesar de que en general la entendamos como un proceso triste de despedida, cree que una pel\u00edcula como la suya lo que pretende es \u201cser un b\u00e1lsamo\u201d para seguir adelante.<\/p>\n<p>Antes de ver su filme, que ya cumple dos d\u00e9cadas, se proyect\u00f3 un v\u00eddeo de <a href=\"https:\/\/www.revistavanityfair.es\/articulos\/javier-bardem-intensifica-su-apoyo-a-palestina-mientras-esta-en-estados-unidos\" rel=\"nofollow noopener\" target=\"_blank\">Javier Bardem<\/a>, protagonista de la cinta, e intervinieron algunos de los rostros conocidos del cine espa\u00f1ol vinculados a Amen\u00e1bar como <strong>Eduardo Noriega<\/strong>, <strong>Fele Mart\u00ednez<\/strong>, <strong>Ana Torrent<\/strong> o <strong>Lola Due\u00f1as<\/strong>.<\/p>\n","protected":false},"excerpt":{"rendered":"La reina Letizia fue recibida este martes con aplausos y gritos de \u201c\u00a1Viva la reina!\u201d y \u00ab\u00a1Guapa\u00bb!\u00bb a&hellip;\n","protected":false},"author":2,"featured_media":255128,"comment_status":"","ping_status":"","sticky":false,"template":"","format":"standard","meta":{"footnotes":""},"categories":[91],"tags":[12374,146,147,25,24,11440,1027,23],"class_list":{"0":"post-255127","1":"post","2":"type-post","3":"status-publish","4":"format-standard","5":"has-post-thumbnail","7":"category-entretenimiento","8":"tag-cine-espanol","9":"tag-entertainment","10":"tag-entretenimiento","11":"tag-es","12":"tag-espana","13":"tag-letizia-ortiz","14":"tag-realeza","15":"tag-spain"},"share_on_mastodon":{"url":"https:\/\/pubeurope.com\/@es\/115610690945262409","error":""},"_links":{"self":[{"href":"https:\/\/www.europesays.com\/es\/wp-json\/wp\/v2\/posts\/255127","targetHints":{"allow":["GET"]}}],"collection":[{"href":"https:\/\/www.europesays.com\/es\/wp-json\/wp\/v2\/posts"}],"about":[{"href":"https:\/\/www.europesays.com\/es\/wp-json\/wp\/v2\/types\/post"}],"author":[{"embeddable":true,"href":"https:\/\/www.europesays.com\/es\/wp-json\/wp\/v2\/users\/2"}],"replies":[{"embeddable":true,"href":"https:\/\/www.europesays.com\/es\/wp-json\/wp\/v2\/comments?post=255127"}],"version-history":[{"count":0,"href":"https:\/\/www.europesays.com\/es\/wp-json\/wp\/v2\/posts\/255127\/revisions"}],"wp:featuredmedia":[{"embeddable":true,"href":"https:\/\/www.europesays.com\/es\/wp-json\/wp\/v2\/media\/255128"}],"wp:attachment":[{"href":"https:\/\/www.europesays.com\/es\/wp-json\/wp\/v2\/media?parent=255127"}],"wp:term":[{"taxonomy":"category","embeddable":true,"href":"https:\/\/www.europesays.com\/es\/wp-json\/wp\/v2\/categories?post=255127"},{"taxonomy":"post_tag","embeddable":true,"href":"https:\/\/www.europesays.com\/es\/wp-json\/wp\/v2\/tags?post=255127"}],"curies":[{"name":"wp","href":"https:\/\/api.w.org\/{rel}","templated":true}]}}