{"id":255171,"date":"2025-11-25T14:35:23","date_gmt":"2025-11-25T14:35:23","guid":{"rendered":"https:\/\/www.europesays.com\/es\/255171\/"},"modified":"2025-11-25T14:35:23","modified_gmt":"2025-11-25T14:35:23","slug":"salma-hayek-y-claudia-sheinbaum-protagonizan-el-encuentro-mas-inesperado-en-veracruz","status":"publish","type":"post","link":"https:\/\/www.europesays.com\/es\/255171\/","title":{"rendered":"Salma Hayek y Claudia Sheinbaum protagonizan el encuentro m\u00e1s inesperado en Veracruz"},"content":{"rendered":"<p id=\"emP6bPi7AK\" data-wc=\"77\">El reciente encuentro entre <strong>Claudia Sheinbaum<\/strong> y <strong>Salma Hayek<\/strong> en Veracruz se convirti\u00f3 en uno de los momentos m\u00e1s comentados del fin de semana, un acercamiento que <a class=\"hm-link ho-link\" href=\"https:\/\/www.hola.com\/us-es\/celebrities\/20240604360969\/salma-hayek-mensaje-primera-presidenta-mexico\/\" data-mrf-recirculation=\"article-body-link\" rel=\"nofollow noopener\" target=\"_blank\">uni\u00f3 a dos de las mexicanas<\/a> m\u00e1s influyentes de la actualidad en un espacio donde la pol\u00edtica y el cine coincidieron de manera natural. La presidenta y la actriz aprovecharon la visita de Hayek a su estado natal para compartir una conversaci\u00f3n que, seg\u00fan Sheinbaum, fluy\u00f3 con una sorprendente cercan\u00eda.<\/p>\n<p> <img src=\"https:\/\/www.europesays.com\/es\/wp-content\/uploads\/2025\/11\/4d4be1eb9c8b-gettyimages-2247598157.jpg\"   width=\"1024\" height=\"683\" loading=\"lazy\" decoding=\"async\" alt=\"La presidenta Claudia Sheinbaum tuvo una gira de trabajo por Veracruz el fin de semana\" fetchpriority=\"auto\" class=\"image ho-image\"\/>\u00a9 Getty ImagesLa presidenta Claudia Sheinbaum tuvo una gira de trabajo por Veracruz el fin de semana<\/p>\n<p id=\"eVhJyVfBZV-\" data-wc=\"68\">A trav\u00e9s de sus redes sociales, la mandataria revel\u00f3 una imagen junto a la estrella de Hollywood, acompa\u00f1ada del mensaje \u201cMujeres mexicanas\u201d. M\u00e1s tarde, durante su conferencia matutina del 24 de noviembre, ofreci\u00f3 detalles de la reuni\u00f3n: \u201cLa conoc\u00ed, qu\u00e9 mujer tan extraordinaria, me cay\u00f3 re bien. Ella est\u00e1 haciendo una pel\u00edcula en Veracruz. Estuvimos casi dos horas platicando\u201d, relat\u00f3, destacando la espontaneidad y la energ\u00eda del encuentro.<\/p>\n<p> <img src=\"https:\/\/www.europesays.com\/es\/wp-content\/uploads\/2025\/11\/313aea3b7f09-claudiashein584401175181851162973496048604273439403591338n.jpg\"   width=\"768\" height=\"1024\" loading=\"lazy\" decoding=\"async\" alt=\"Salma Hayek y la presidenta Claudia Sheinbaum coincidieron en Veracruz\" fetchpriority=\"auto\" class=\"image ho-image\"\/>\u00a9 IG: @claudia_sheinSalma Hayek y la presidenta Claudia Sheinbaum coincidieron en Veracruz<\/p>\n<p id=\"evojxjneHtv\" data-wc=\"93\">En su intervenci\u00f3n, Sheinbaum habl\u00f3 con admiraci\u00f3n del cari\u00f1o que Hayek profesa por M\u00e9xico y del impacto que ha tenido en la proyecci\u00f3n internacional del pa\u00eds. \u201cElla es una mujer que quiere mucho a M\u00e9xico, y a su estado, a Veracruz, la pel\u00edcula que ella hizo de Frida volvi\u00f3 a Frida Kahlo un hito en el mundo entero. Extranjeros vienen a M\u00e9xico ya no a conocer a Diego Rivera sino a Frida Kahlo. Esa pel\u00edcula fue muy importante con esa raz\u00f3n\u201d, expres\u00f3, recordando el legado art\u00edstico que dej\u00f3 la veracruzana con aquel papel.<\/p>\n<p> <img src=\"https:\/\/www.europesays.com\/es\/wp-content\/uploads\/2025\/11\/cfa3bb820bc7-gettyimages-2244111773.jpg\"   width=\"795\" height=\"1024\" loading=\"lazy\" decoding=\"async\" alt=\"Salma Hayek luce sus canas de la forma m\u00e1s glamourosa. \" fetchpriority=\"auto\" class=\"image ho-image\"\/>\u00a9 Getty ImagesDe acuerdo con la mandataria, Salma se encuentra filmando una pel\u00edcula en Veracruz<\/p>\n<p id=\"eeQvIRoaX1kM\" data-wc=\"88\">Sobre el proyecto que actualmente filma Salma en Veracruz, la presidenta explic\u00f3 que se trata de una producci\u00f3n privada, aunque con un potencial significativo para colocar nuevamente al pa\u00eds en la mirada global. \u201cNos cont\u00f3 algo de la pel\u00edcula que va a hacer, no lo puedo contar porque es algo privado y que pues que m\u00e1s all\u00e1 de la propia pel\u00edcula que se vean parte de Veracruz, que tambi\u00e9n coloque a M\u00e9xico en el mundo entero\u201d, adelant\u00f3, celebrando que la industria siga encontrando inspiraci\u00f3n en el territorio nacional.<\/p>\n<p>Orgullosa del legado de Salma<\/p>\n<p id=\"eBcRcQMKL4uA\" data-wc=\"54\">Sheinbaum tambi\u00e9n resalt\u00f3 la importancia de la actriz como impulsora del cine internacional realizado en M\u00e9xico. \u201cEs una mujer echada pa\u2019lante. Genera incentivos para que se haga m\u00e1s cine internacional en M\u00e9xico. El cine genera much\u00edsimos empleos\u201d, afirm\u00f3, reconociendo la relevancia econ\u00f3mica y cultural de la industria f\u00edlmica cuando cuenta con figuras como Hayek.<\/p>\n<p id=\"eDJ4DryYhZQq\" data-wc=\"76\">Para cerrar, la presidenta destac\u00f3 el compromiso de la actriz con la comunidad mexicana en el extranjero y su postura firme en la defensa de su pa\u00eds: \u201cDa gusto cuando uno ve a mujeres echadas para adelante y tambi\u00e9n ha defendido mucho a los mexicanos\u201d. As\u00ed, el encuentro no solo sell\u00f3 un momento significativo entre ambas, sino que reafirm\u00f3 el papel de Salma Hayek como un puente entre M\u00e9xico y el mundo a trav\u00e9s del cine.<\/p>\n<p> <img src=\"https:\/\/www.europesays.com\/es\/wp-content\/uploads\/2025\/11\/9c1e454fbd34-gettyimages-2152807592.jpg\"   width=\"683\" height=\"1024\" loading=\"lazy\" decoding=\"async\" alt=\" Salma Hayek ha llegado a los 59 a\u00f1os luciendo guap\u00edsima.\" fetchpriority=\"auto\" class=\"image ho-image\"\/>\u00a9 Getty ImagesClaudia Sheinbaum destac\u00f3 el legado de Salma Hayek y la forma en la que ha puesto el nombre de M\u00e9xico en alto<\/p>\n","protected":false},"excerpt":{"rendered":"El reciente encuentro entre Claudia Sheinbaum y Salma Hayek en Veracruz se convirti\u00f3 en uno de los momentos&hellip;\n","protected":false},"author":2,"featured_media":255172,"comment_status":"","ping_status":"","sticky":false,"template":"","format":"standard","meta":{"footnotes":""},"categories":[174],"tags":[517,255,146,147,25,24,256,32801,23],"class_list":{"0":"post-255171","1":"post","2":"type-post","3":"status-publish","4":"format-standard","5":"has-post-thumbnail","7":"category-famosos","8":"tag-actualidad","9":"tag-celebrities","10":"tag-entertainment","11":"tag-entretenimiento","12":"tag-es","13":"tag-espana","14":"tag-famosos","15":"tag-salma-hayek","16":"tag-spain"},"share_on_mastodon":{"url":"https:\/\/pubeurope.com\/@es\/115610840564623369","error":""},"_links":{"self":[{"href":"https:\/\/www.europesays.com\/es\/wp-json\/wp\/v2\/posts\/255171","targetHints":{"allow":["GET"]}}],"collection":[{"href":"https:\/\/www.europesays.com\/es\/wp-json\/wp\/v2\/posts"}],"about":[{"href":"https:\/\/www.europesays.com\/es\/wp-json\/wp\/v2\/types\/post"}],"author":[{"embeddable":true,"href":"https:\/\/www.europesays.com\/es\/wp-json\/wp\/v2\/users\/2"}],"replies":[{"embeddable":true,"href":"https:\/\/www.europesays.com\/es\/wp-json\/wp\/v2\/comments?post=255171"}],"version-history":[{"count":0,"href":"https:\/\/www.europesays.com\/es\/wp-json\/wp\/v2\/posts\/255171\/revisions"}],"wp:featuredmedia":[{"embeddable":true,"href":"https:\/\/www.europesays.com\/es\/wp-json\/wp\/v2\/media\/255172"}],"wp:attachment":[{"href":"https:\/\/www.europesays.com\/es\/wp-json\/wp\/v2\/media?parent=255171"}],"wp:term":[{"taxonomy":"category","embeddable":true,"href":"https:\/\/www.europesays.com\/es\/wp-json\/wp\/v2\/categories?post=255171"},{"taxonomy":"post_tag","embeddable":true,"href":"https:\/\/www.europesays.com\/es\/wp-json\/wp\/v2\/tags?post=255171"}],"curies":[{"name":"wp","href":"https:\/\/api.w.org\/{rel}","templated":true}]}}