{"id":255226,"date":"2025-11-25T15:17:08","date_gmt":"2025-11-25T15:17:08","guid":{"rendered":"https:\/\/www.europesays.com\/es\/255226\/"},"modified":"2025-11-25T15:17:08","modified_gmt":"2025-11-25T15:17:08","slug":"uijtdebroeks-dispuesto-a-luchar-por-la-general-de-una-grande-en-el-movistar","status":"publish","type":"post","link":"https:\/\/www.europesays.com\/es\/255226\/","title":{"rendered":"Uijtdebroeks dispuesto a luchar \u00abpor la general de una grande\u00bb en el Movistar"},"content":{"rendered":"<p class=\"paragraph\">El belga<b> Cian Uijtdebroeks <\/b>(Abolens, 22 a\u00f1os), uno de los fichajes estrella del Movistar para la temporada 2026, espera tener la libertad \u00abpara luchar la general en una grande\u00bb en las filas del \u00fanico equipo espa\u00f1ol del World Tour. <\/p>\n<p class=\"paragraph\">Tras abandonar el equipo del Visma-Lease a Bike, donde <b>\u00abhay muchos corredores para disputar la general de las grandes\u00bb<\/b>, la esperanza belga espera conocer el recorrido del Giro y la Vuelta para decantarse por alguna de ellas y demostrar su potencial. <\/p>\n<p class=\"paragraph\">\u00ab<b>Mi pasi\u00f3n son las grandes vueltas <\/b>y quiero conseguir un puesto en la general en ellas. Eso no es posible si no corres una. Y en Visma, eso ser\u00eda muy dif\u00edcil debido a los grandes corredores que tienen\u00bb, comenta el belga en Sporza. <\/p>\n<p class=\"paragraph\">Ahora, en Movistar, espera tener la tranquilidad y la confianza para lograr sus objetivos. <\/p>\n<p class=\"paragraph\">\u00abNecesitaba esta libertad. Como soy muy estricto y disciplinado, un equipo un poco m\u00e1s relajado me viene bien. A veces es mejor tener a alguien cerca que diga &#8216;tranquilo&#8217;. Esa mentalidad sure\u00f1a me sienta bien\u00bb, se\u00f1ala. <\/p>\n<p class=\"paragraph\">\u00abQuiz\u00e1s necesite que me convenzan un poco antes de afrontar el duro recorrido del Tour, pero estoy dispuesto a hacerlo\u00bb, precisa. <\/p>\n<p class=\"paragraph\"><b>Una conversaci\u00f3n bast\u00f3 para que Uijtdebroeks se decantase por el Movistar<\/b>, y ahora espera detallar su programa para 2026. <\/p>\n<p class=\"paragraph\">\u00abTendr\u00e9 mucha libertad y participaci\u00f3n para elaborar mi programa. A\u00fan estamos esperando el recorrido del Giro, pero definitivamente voy a por la general en una de las grandes vueltas. Sin duda, tambi\u00e9n correr\u00e9 las cl\u00e1sicas valonas\u00bb. <\/p>\n<p class=\"paragraph\">Uijtdebroeks ha descubierto que \u00abMovistar cuenta con un gran sistema de apoyo\u00bb. <\/p>\n<p class=\"paragraph\">\u00abEl trato es muy humano. Cada persona tiene un dietista personal. Me contactan casi a diario para coordinar la agenda\u00bb, concluye.<\/p>\n","protected":false},"excerpt":{"rendered":"El belga Cian Uijtdebroeks (Abolens, 22 a\u00f1os), uno de los fichajes estrella del Movistar para la temporada 2026,&hellip;\n","protected":false},"author":2,"featured_media":255227,"comment_status":"","ping_status":"","sticky":false,"template":"","format":"standard","meta":{"footnotes":""},"categories":[273],"tags":[313,312,168,12249,25,24,3015,699,25750,23,167,17676],"class_list":{"0":"post-255226","1":"post","2":"type-post","3":"status-publish","4":"format-standard","5":"has-post-thumbnail","7":"category-ciclismo","8":"tag-ciclismo","9":"tag-cycling","10":"tag-deportes","11":"tag-dispuesto","12":"tag-es","13":"tag-espana","14":"tag-general","15":"tag-grande","16":"tag-luchar","17":"tag-spain","18":"tag-sports","19":"tag-uijtdebroeks"},"share_on_mastodon":{"url":"https:\/\/pubeurope.com\/@es\/115611005314669402","error":""},"_links":{"self":[{"href":"https:\/\/www.europesays.com\/es\/wp-json\/wp\/v2\/posts\/255226","targetHints":{"allow":["GET"]}}],"collection":[{"href":"https:\/\/www.europesays.com\/es\/wp-json\/wp\/v2\/posts"}],"about":[{"href":"https:\/\/www.europesays.com\/es\/wp-json\/wp\/v2\/types\/post"}],"author":[{"embeddable":true,"href":"https:\/\/www.europesays.com\/es\/wp-json\/wp\/v2\/users\/2"}],"replies":[{"embeddable":true,"href":"https:\/\/www.europesays.com\/es\/wp-json\/wp\/v2\/comments?post=255226"}],"version-history":[{"count":0,"href":"https:\/\/www.europesays.com\/es\/wp-json\/wp\/v2\/posts\/255226\/revisions"}],"wp:featuredmedia":[{"embeddable":true,"href":"https:\/\/www.europesays.com\/es\/wp-json\/wp\/v2\/media\/255227"}],"wp:attachment":[{"href":"https:\/\/www.europesays.com\/es\/wp-json\/wp\/v2\/media?parent=255226"}],"wp:term":[{"taxonomy":"category","embeddable":true,"href":"https:\/\/www.europesays.com\/es\/wp-json\/wp\/v2\/categories?post=255226"},{"taxonomy":"post_tag","embeddable":true,"href":"https:\/\/www.europesays.com\/es\/wp-json\/wp\/v2\/tags?post=255226"}],"curies":[{"name":"wp","href":"https:\/\/api.w.org\/{rel}","templated":true}]}}