{"id":255297,"date":"2025-11-25T16:07:15","date_gmt":"2025-11-25T16:07:15","guid":{"rendered":"https:\/\/www.europesays.com\/es\/255297\/"},"modified":"2025-11-25T16:07:15","modified_gmt":"2025-11-25T16:07:15","slug":"exagerar-situaciones-ayuda-a-reflexionar-incluso-sin-darte-cuenta","status":"publish","type":"post","link":"https:\/\/www.europesays.com\/es\/255297\/","title":{"rendered":"\u201cExagerar situaciones ayuda a reflexionar, incluso sin darte cuenta\u201d"},"content":{"rendered":"<p class=\"paragraph\">La que se avecina ha regresado por partida doble este noviembre. Telecinco emite los martes la temporada 14 mientras que Prime Video ha estrenado la n\u00famero 16. En ambas entregas participa Nathalie Sese\u00f1a (Madrid, 1967), que da vida a Berta Escobar, la esposa de Antonio Recio (Jordi S\u00e1nchez), con quien forman un matrimonio presente en la serie desde el primer cap\u00edtulo.<\/p>\n<p class=\"paragraph\"><b>Berta est\u00e1 en la serie desde el cap\u00edtulo uno. \u00bfC\u00f3mo siente que ha evolucionado en estas 16 temporadas?<\/b><\/p>\n<p class=\"paragraph\">Berta ha cambiado much\u00edsimo. Nunca habr\u00eda imaginado que se empoderar\u00eda hasta el punto de liberarse de la dependencia de Antonio Recio. Su evoluci\u00f3n hacia una mujer independiente me parece lo m\u00e1s significativo. Tambi\u00e9n ha dejado atr\u00e1s aquella culpa con la que cargaba cuando buscaba afecto fuera del matrimonio. Ha pasado de ser una mujer sumisa y profundamente religiosa a alguien que se permite vivir con m\u00e1s libertad y fortaleza.<\/p>\n<p class=\"paragraph\"><b>Forma matrimonio televisivo con Antonio Recio, y eso implica m\u00e1s de d\u00e9cada y media trabajando con Jordi S\u00e1nchez. \u00bfQu\u00e9 relaci\u00f3n tiene con \u00e9l?<\/b><\/p>\n<p class=\"paragraph\">He tenido mucha suerte. Encontrar un compa\u00f1ero con quien conectas no solo como actor sino tambi\u00e9n como persona es un regalo. Seguir tantos a\u00f1os en un mismo proyecto depende de muchas cosas: la necesidad de trabajar, unos buenos guiones, una direcci\u00f3n s\u00f3lida\u2026 Pero para m\u00ed, un pilar fundamental es Jordi. Despu\u00e9s de 18 a\u00f1os, es ya un compa\u00f1ero de vida profesional. Hemos trabajado con mucha complicidad, respeto y amistad. Si no nos llev\u00e1ramos bien, habr\u00eda sido imposible mantener esta pareja televisiva tanto tiempo. En general, el ambiente en la serie siempre ha sido muy bueno, pero mi v\u00ednculo con Jordi ha sido especialmente importante.<\/p>\n<p><img decoding=\"async\" class=\"w-full\"   alt=\"La actriz, durante el rodaje de la serie\" data-full-src=\"https:\/\/www.lavanguardia.com\/uploads\/2025\/11\/24\/6924334c7b605.jpeg\" src=\"https:\/\/www.europesays.com\/es\/wp-content\/uploads\/2025\/11\/6924334c7b605.jpeg\" width=\"449\" height=\"299\" loading=\"lazy\"\/>La actriz, durante el rodaje de la serieMEDIASET<\/p>\n<p class=\"paragraph\"><b>Interpretar un mismo personaje durante tantos a\u00f1os puede ser un arma de doble filo. \u00bfSiente que Berta la ha encasillado?<\/b><\/p>\n<p class=\"paragraph\">En esta profesi\u00f3n te encasillan desde el primer d\u00eda que haces algo que funciona. Y claro, despu\u00e9s de tantos a\u00f1os, es inevitable que me identifiquen con Berta, y eso tiene consecuencias: se cierran algunas puertas. Pero tambi\u00e9n siento que el viaje que he hecho con este personaje ha merecido la pena. He decidido seguir hasta donde llegue la serie porque valoro el proyecto y lo que me ha dado. Ojal\u00e1 llegue un momento en que interprete algo muy distinto, pero de momento estoy agradecida.<\/p>\n<p class=\"paragraph\"><b>La sociedad ha cambiado mucho desde el 2007, especialmente en lo relativo a los l\u00edmites del humor. \u00bfHas notado cambios en la manera en que La que se avecina aborda ese humor pol\u00edticamente incorrecto?<\/b><\/p>\n<p class=\"paragraph\">Sinceramente, creo que los guionistas han mantenido la esencia: son bestias, directos y pol\u00edticamente incorrectos. A veces nos critican desde muchos frentes, pero no creo que hayan suavizado la serie. Y es una pena que se restrinja tanto el humor, porque es una v\u00eda de escape necesaria. Exagerar situaciones ayuda a reflexionar sobre ellas, incluso sin darte cuenta. Creo que la serie sigue apostando por ese esp\u00edritu.<\/p>\n<p class=\"paragraph\"><b>Al inicio de cada temporada, \u00bflos creadores de la serie, los hermanos Alberto y Laura Caballero y Dani Deorador os explican hacia d\u00f3nde ir\u00e1n vuestros personajes?<\/b><\/p>\n<p class=\"paragraph\">Siempre hemos trabajado casi a ciegas respecto a lo que le iba a pasar a cada personaje. No lo sab\u00edamos hasta empezar a rodar. Durante los a\u00f1os en que Laura Caballero dirigi\u00f3, s\u00ed hab\u00eda un trabajo minucioso de construcci\u00f3n, pero en general hemos avanzado temporada a temporada. Lo que s\u00ed he sentido siempre es que los creadores est\u00e1n muy pendientes de la serie, de evolucionarla y de mantener vivos a los personajes. Hacer que un edificio de vecinos siga generando historias interesantes durante tantos a\u00f1os es complicad\u00edsimo, y ellos han sabido reinventarse continuamente.<\/p>\n<p><img decoding=\"async\" class=\"w-full\"   alt=\"Junto a Antonio Recio (Jordi S\u00e1nchez)\" data-full-src=\"https:\/\/www.lavanguardia.com\/uploads\/2025\/11\/24\/692433cd0bd41.jpeg\" src=\"https:\/\/www.europesays.com\/es\/wp-content\/uploads\/2025\/11\/692433cd0bd41.jpeg\" width=\"449\" height=\"299\" loading=\"lazy\"\/>Junto a Antonio Recio (Jordi S\u00e1nchez)MEDIASET<\/p>\n<p class=\"paragraph\"><b>La temporada 16 incluye el cap\u00edtulo 200, que se proyect\u00f3 con gran \u00e9xito en cines. \u00bfC\u00f3mo vivi\u00f3 esa experiencia?<\/b><\/p>\n<p class=\"paragraph\">Al leer el cap\u00edtulo 200 nos emocionamos much\u00edsimo. Para m\u00ed fue un homenaje a todos estos a\u00f1os. Rodar una especie de \u201cwestern\u201d en Almer\u00eda fue divertido e intens\u00edsimo: lo hicimos en nueve o diez d\u00edas. El estreno en cines fue precioso, y que haya funcionado tan bien es algo extraordinario.<\/p>\n<p class=\"paragraph\"><b>\u00bfCree que La que se avecina ha pasado a formar parte de la memoria colectiva?<\/b><\/p>\n<p class=\"paragraph\">S\u00ed. Mucha gente me lo comenta por la calle. Para varias generaciones es un referente, como lo fueron otras series para nosotros de peque\u00f1os. En el cine, durante la proyecci\u00f3n del cap\u00edtulo 200, se ve\u00eda claramente que hab\u00eda p\u00fablico de todas las edades, pero especialmente una generaci\u00f3n que ha crecido con nosotros. Hay personas que llevan 18 a\u00f1os viendo la serie. Eso es enorme.<\/p>\n<p><img decoding=\"async\" width=\"65\" height=\"65\" loading=\"lazy\" src=\"https:\/\/www.europesays.com\/es\/wp-content\/uploads\/2025\/08\/617000b422ba6.jpeg\" alt=\"Francesc Puig Alegre\"\/><\/p>\n<p class=\"author_bio\">Licenciado en Periodismo por la UAB. Redactor de La Vanguardia desde 1987. En la actualidad en las secciones de Series, Televisi\u00f3n y Gente<\/p>\n","protected":false},"excerpt":{"rendered":"La que se avecina ha regresado por partida doble este noviembre. Telecinco emite los martes la temporada 14&hellip;\n","protected":false},"author":2,"featured_media":255298,"comment_status":"","ping_status":"","sticky":false,"template":"","format":"standard","meta":{"footnotes":""},"categories":[174],"tags":[255,146,147,25,24,256,23],"class_list":{"0":"post-255297","1":"post","2":"type-post","3":"status-publish","4":"format-standard","5":"has-post-thumbnail","7":"category-famosos","8":"tag-celebrities","9":"tag-entertainment","10":"tag-entretenimiento","11":"tag-es","12":"tag-espana","13":"tag-famosos","14":"tag-spain"},"share_on_mastodon":{"url":"https:\/\/pubeurope.com\/@es\/115611202289067559","error":""},"_links":{"self":[{"href":"https:\/\/www.europesays.com\/es\/wp-json\/wp\/v2\/posts\/255297","targetHints":{"allow":["GET"]}}],"collection":[{"href":"https:\/\/www.europesays.com\/es\/wp-json\/wp\/v2\/posts"}],"about":[{"href":"https:\/\/www.europesays.com\/es\/wp-json\/wp\/v2\/types\/post"}],"author":[{"embeddable":true,"href":"https:\/\/www.europesays.com\/es\/wp-json\/wp\/v2\/users\/2"}],"replies":[{"embeddable":true,"href":"https:\/\/www.europesays.com\/es\/wp-json\/wp\/v2\/comments?post=255297"}],"version-history":[{"count":0,"href":"https:\/\/www.europesays.com\/es\/wp-json\/wp\/v2\/posts\/255297\/revisions"}],"wp:featuredmedia":[{"embeddable":true,"href":"https:\/\/www.europesays.com\/es\/wp-json\/wp\/v2\/media\/255298"}],"wp:attachment":[{"href":"https:\/\/www.europesays.com\/es\/wp-json\/wp\/v2\/media?parent=255297"}],"wp:term":[{"taxonomy":"category","embeddable":true,"href":"https:\/\/www.europesays.com\/es\/wp-json\/wp\/v2\/categories?post=255297"},{"taxonomy":"post_tag","embeddable":true,"href":"https:\/\/www.europesays.com\/es\/wp-json\/wp\/v2\/tags?post=255297"}],"curies":[{"name":"wp","href":"https:\/\/api.w.org\/{rel}","templated":true}]}}