{"id":255317,"date":"2025-11-25T16:19:13","date_gmt":"2025-11-25T16:19:13","guid":{"rendered":"https:\/\/www.europesays.com\/es\/255317\/"},"modified":"2025-11-25T16:19:13","modified_gmt":"2025-11-25T16:19:13","slug":"la-periodista-que-comio-con-mazon-el-dia-de-la-dana-salio-del-parking-a-las-1947-una-hora-despues-de-salir-de-el-ventorro-tribunales","status":"publish","type":"post","link":"https:\/\/www.europesays.com\/es\/255317\/","title":{"rendered":"La periodista que comi\u00f3 con Maz\u00f3n el d\u00eda de la DANA sali\u00f3 del parking a las 19:47, una hora despu\u00e9s de salir de El Ventorro | Tribunales"},"content":{"rendered":"<p class=\"loc\">Valencia<\/p>\n<p>La jueza de la DANA ya ha recibido los datos de la tarjeta bancaria con la que Maribel Vilaplana pag\u00f3 el importe del partking , que asciende a 15,10 euros, por lo que pide a la empresa que certifique la hora de entrada y de salida del parking del veh\u00edculo de la periodista. Cruzando los datos que ofreci\u00f3 la empresa con los pagos, la salida se produjo a las 19.47 horas.<\/p>\n<p>Paralelamente a esa verificaci\u00f3n, la jueza ha ordenado que se remita oficio a la empresa que gestiona ese aparcamiento para que haga lo propio y confirme esa hora de entrada y salida del coche.<\/p>\n<p><img decoding=\"async\" src=\"https:\/\/www.europesays.com\/es\/wp-content\/uploads\/2025\/11\/6QKIUFNSOZK6FJCE4EHRCUA22A.jpg\" alt=\"Vilaplana asegura que no escuch\u00f3 el contenido de las llamadas de Maz\u00f3n en El Ventorro pero insiste en que \u00e9l &quot;no mostr\u00f3 inquietud&quot;\" width=\"240\" height=\"135\"  loading=\"lazy\"\/><\/p>\n<p>La magistrada decidi\u00f3 a Vilaplana pedir los datos del veh\u00edculo que la periodista hab\u00eda facilitado, pero la empresa del aparcamiento inform\u00f3 que esos registros se eliminan autom\u00e1ticamente al a\u00f1o, por lo que ya no existen datos de entradas y salidas. Tampoco hay informaci\u00f3n en la app, ya que Maribel Vilaplana no tiene usuario.<\/p>\n<p>Ante esto, la jueza opt\u00f3 por rastrear el pago del ticket. La empresa entreg\u00f3 un listado de todos los cobros de ese d\u00eda, con horas de entrada y salida, vinculados a tarjetas. Para identificar el pago concreto, la instructora ha solicitado a la periodista que aporte sus datos bancarios y as\u00ed comprobar cu\u00e1l de esos cargos corresponde al suyo. Y de ah\u00ed que el \u00fanico pago de 15,10 euros se realiza a la mencionada hora.<\/p>\n<p>Esto supondr\u00eda que Vilaplana abandon\u00f3 el parking casi una hora despu\u00e9s de dejar El Ventorro a tenor de la declaraci\u00f3n que hizo el propietario del restaurante. El due\u00f1o afirm\u00f3 que Maz\u00f3n y Vilaplana abandonaron el restaurante entre las 18:30 y las 19:00, cuando ya no hab\u00eda m\u00e1s clientes.<\/p>\n<p><img decoding=\"async\" src=\"https:\/\/www.europesays.com\/es\/wp-content\/uploads\/2025\/11\/4SNQBCA4A5FRJJSIPEBV333SRQ.jpg\" alt=\"El due\u00f1o de El Ventorro afirma que Maz\u00f3n y Vilaplana abandonaron el restaurante entre las 18:30 y las 19:00, cuando ya no hab\u00eda m\u00e1s clientes\" width=\"240\" height=\"135\"  loading=\"lazy\"\/><\/p>\n<p>Cabe recordar que Vilaplana dijo que a la hora que lleg\u00f3 al aparcamiento fue al coche a recoger el ticket, momento que aprovech\u00f3 para apagar el ordenador bien, ya que lo hab\u00eda apagado de manera brusca. Tambi\u00e9n tuvo tiempo para hacer unas notas que hab\u00edan quedado a medias. Mir\u00f3 el m\u00f3vil, vio los WhatsApp, cogi\u00f3 el ticket, subi\u00f3. Y aunque dijo que en ese itinerario de bajar, ir al coche, y dem\u00e1s, no sab\u00eda calcular cuanto tiempo invirti\u00f3, asegur\u00f3 que no estuvo mucho, unos cinco minutos.<\/p>\n<p>M\u00e1s declaraciones y grabaciones<\/p>\n<p>Adem\u00e1s, en una providencia, la magistrada acuerda requerir al Centro de Coordinaci\u00f3n de Emergencias para que remita las grabaciones de las llamadas registradas en el sistema Coordcom el d\u00eda de la dana entre un supervisor del tel\u00e9fono 112 y un t\u00e9cnico de Emergencias u otro personal del propio Centro de coordinaci\u00f3n de Emergencias. <\/p>\n<p>La instructora ha decidido tambi\u00e9n que se cite como testigo a otra supervisora del 112, al tiempo que ordena al Instituto de Medicina Legal que informe sobre si la muerte de un hombre en su domicilio de Guadassuar el 30 de octubre de 2024 puede atribuirse a la dana, como ha solicitado su hija en una comparecencia judicial.<\/p>\n<p>Sigue toda la \u00faltima hora en el canal de Whatsapp de Radio Valencia:<a href=\"https:\/\/eur01.safelinks.protection.outlook.com\/?url=https%3A%2F%2Fwhatsapp.com%2Fchannel%2F0029VaHjyqSFHWq2Q3iHB33R&amp;data=05%7C02%7Cjfores%40prisaradio.com%7C9cf93b8bc68040c162ea08dca66399b3%7Cc4fd49f3e15a44d882e2c909735d2e45%7C0%7C0%7C638568193933277239%7CUnknown%7CTWFpbGZsb3d8eyJWIjoiMC4wLjAwMDAiLCJQIjoiV2luMzIiLCJBTiI6Ik1haWwiLCJXVCI6Mn0%3D%7C0%7C%7C%7C&amp;sdata=wXicRJgfTg5wCWBTdUk%2FIrtJAULqiLUxrhnLmtwSKf0%3D&amp;reserved=0\" target=\"_blank\" rel=\"nofollow noopener\" title=\"Direcci\u00f3n URL original: https:\/\/whatsapp.com\/channel\/0029VaHjyqSFHWq2Q3iHB33R. Haga clic o pulse si conf\u00eda en este v\u00ednculo.\">haz clic aqu\u00ed y suscr\u00edbete<\/a> para recibir toda la informaci\u00f3n y la actualidad del d\u00eda en tu m\u00f3vil.<\/p>\n<p>(seguimos ampliando)<\/p>\n","protected":false},"excerpt":{"rendered":"Valencia La jueza de la DANA ya ha recibido los datos de la tarjeta bancaria con la que&hellip;\n","protected":false},"author":2,"featured_media":216002,"comment_status":"","ping_status":"","sticky":false,"template":"","format":"standard","meta":{"footnotes":""},"categories":[8],"tags":[17,18,25,24,13,14,11,19,20,9,10,15,16,23,12,21,22],"class_list":{"0":"post-255317","1":"post","2":"type-post","3":"status-publish","4":"format-standard","5":"has-post-thumbnail","7":"category-espana","8":"tag-breaking-news","9":"tag-breakingnews","10":"tag-es","11":"tag-espana","12":"tag-featured-news","13":"tag-featurednews","14":"tag-headlines","15":"tag-latest-news","16":"tag-latestnews","17":"tag-news","18":"tag-noticias","19":"tag-noticias-destacadas","20":"tag-noticiasdestacadas","21":"tag-spain","22":"tag-titulares","23":"tag-ultimas-noticias","24":"tag-ultimasnoticias"},"share_on_mastodon":{"url":"https:\/\/pubeurope.com\/@es\/115611249899627361","error":""},"_links":{"self":[{"href":"https:\/\/www.europesays.com\/es\/wp-json\/wp\/v2\/posts\/255317","targetHints":{"allow":["GET"]}}],"collection":[{"href":"https:\/\/www.europesays.com\/es\/wp-json\/wp\/v2\/posts"}],"about":[{"href":"https:\/\/www.europesays.com\/es\/wp-json\/wp\/v2\/types\/post"}],"author":[{"embeddable":true,"href":"https:\/\/www.europesays.com\/es\/wp-json\/wp\/v2\/users\/2"}],"replies":[{"embeddable":true,"href":"https:\/\/www.europesays.com\/es\/wp-json\/wp\/v2\/comments?post=255317"}],"version-history":[{"count":0,"href":"https:\/\/www.europesays.com\/es\/wp-json\/wp\/v2\/posts\/255317\/revisions"}],"wp:featuredmedia":[{"embeddable":true,"href":"https:\/\/www.europesays.com\/es\/wp-json\/wp\/v2\/media\/216002"}],"wp:attachment":[{"href":"https:\/\/www.europesays.com\/es\/wp-json\/wp\/v2\/media?parent=255317"}],"wp:term":[{"taxonomy":"category","embeddable":true,"href":"https:\/\/www.europesays.com\/es\/wp-json\/wp\/v2\/categories?post=255317"},{"taxonomy":"post_tag","embeddable":true,"href":"https:\/\/www.europesays.com\/es\/wp-json\/wp\/v2\/tags?post=255317"}],"curies":[{"name":"wp","href":"https:\/\/api.w.org\/{rel}","templated":true}]}}