{"id":255320,"date":"2025-11-25T16:25:10","date_gmt":"2025-11-25T16:25:10","guid":{"rendered":"https:\/\/www.europesays.com\/es\/255320\/"},"modified":"2025-11-25T16:25:10","modified_gmt":"2025-11-25T16:25:10","slug":"este-titulo-es-para-mi-papa-que-esta-peleando-en-la-guerra-gracias-a-la-gente-de-chile","status":"publish","type":"post","link":"https:\/\/www.europesays.com\/es\/255320\/","title":{"rendered":"\u201cEste t\u00edtulo es para mi pap\u00e1, que est\u00e1 peleando en la guerra&#8230; Gracias a la gente de Chile\u201d"},"content":{"rendered":"<p class=\"\">Oleksandra Oliynykova (95\u00b0 WTA) sentenci\u00f3 una notable semana en Chile, tras quedarse con el t\u00edtulo del LP Open de Colina. <b>La tenista ucraniana, de 24 a\u00f1os, no cedi\u00f3 ning\u00fan set durante el torneo y se consagr\u00f3 campeona tras vencer en la final a la francesa Leolia Jeanjean. <\/b><\/p>\n<p class=\"\">Tras quedarse con el t\u00edtulo en suelo chileno, la deportista europea dedic\u00f3 un emotivo mensaje a su familia, <b>especialmente a su padre, quien se mantiene como soldado de combate en la guerra entre Ucrania y Rusia. <\/b><\/p>\n<p class=\"\"><b>\u201cEste t\u00edtulo es muy importante, es para mi padre que est\u00e1 peleando y hago lo mejor ac\u00e1, porque este es su sue\u00f1o\u201d<\/b>, apunt\u00f3. <\/p>\n<p>Noticias relacionadas<\/p>\n<p class=\"\">Adicionalmente, Oliynykova agradeci\u00f3 a la organizaci\u00f3n del torneo en Chile y dedic\u00f3 palabras de elogio al p\u00fablico presente en Colina. <b>\u201cE<\/b><b>l torneo se llev\u00f3 a cabo a un nivel muy alto\u201d<\/b>, complement\u00f3.<\/p>\n<p class=\"\"><b>\u00a1Tus opiniones importan!<\/b> Comenta en los art\u00edculos y suscr\u00edbete gratis a nuestra <a href=\"https:\/\/asfan.as.com\/newsletters\/\" target=\"_blank\" rel=\"nofollow noopener\" title=\"https:\/\/asfan.as.com\/newsletters\/\">newsletter<\/a> y a las alertas informativas en la <a href=\"https:\/\/as.com\/aplicacion-de-as-n\/\" target=\"_blank\" rel=\"nofollow noopener\" title=\"https:\/\/as.com\/aplicacion-de-as-n\/\">App<\/a> o el canal de <a href=\"https:\/\/www.whatsapp.com\/channel\/0029VaAasdA7j6g745nz9M10\" target=\"_blank\" rel=\"nofollow noopener\" title=\"https:\/\/www.whatsapp.com\/channel\/0029VaAasdA7j6g745nz9M10\">WhatsApp<\/a>. \u00bfBuscas licenciar contenido? Haz clic <a href=\"https:\/\/profesional.elpais.com\/soluciones-sindicacion?utm_medium=interno&amp;utm_source=crosslinking&amp;utm_campaign=sindicacion_as_pie_articulos\" target=\"_blank\" rel=\"nofollow noopener\" title=\"https:\/\/profesional.elpais.com\/soluciones-sindicacion?utm_medium=interno&amp;utm_source=crosslinking&amp;utm_campaign=sindicacion_as_pie_articulos\">aqu\u00ed<\/a><\/p>\n","protected":false},"excerpt":{"rendered":"Oleksandra Oliynykova (95\u00b0 WTA) sentenci\u00f3 una notable semana en Chile, tras quedarse con el t\u00edtulo del LP Open&hellip;\n","protected":false},"author":2,"featured_media":255321,"comment_status":"","ping_status":"","sticky":false,"template":"","format":"standard","meta":{"footnotes":""},"categories":[274],"tags":[168,25,24,23,167,327,326],"class_list":{"0":"post-255320","1":"post","2":"type-post","3":"status-publish","4":"format-standard","5":"has-post-thumbnail","7":"category-tenis","8":"tag-deportes","9":"tag-es","10":"tag-espana","11":"tag-spain","12":"tag-sports","13":"tag-tenis","14":"tag-tennis"},"share_on_mastodon":{"url":"https:\/\/pubeurope.com\/@es\/115611272982861163","error":""},"_links":{"self":[{"href":"https:\/\/www.europesays.com\/es\/wp-json\/wp\/v2\/posts\/255320","targetHints":{"allow":["GET"]}}],"collection":[{"href":"https:\/\/www.europesays.com\/es\/wp-json\/wp\/v2\/posts"}],"about":[{"href":"https:\/\/www.europesays.com\/es\/wp-json\/wp\/v2\/types\/post"}],"author":[{"embeddable":true,"href":"https:\/\/www.europesays.com\/es\/wp-json\/wp\/v2\/users\/2"}],"replies":[{"embeddable":true,"href":"https:\/\/www.europesays.com\/es\/wp-json\/wp\/v2\/comments?post=255320"}],"version-history":[{"count":0,"href":"https:\/\/www.europesays.com\/es\/wp-json\/wp\/v2\/posts\/255320\/revisions"}],"wp:featuredmedia":[{"embeddable":true,"href":"https:\/\/www.europesays.com\/es\/wp-json\/wp\/v2\/media\/255321"}],"wp:attachment":[{"href":"https:\/\/www.europesays.com\/es\/wp-json\/wp\/v2\/media?parent=255320"}],"wp:term":[{"taxonomy":"category","embeddable":true,"href":"https:\/\/www.europesays.com\/es\/wp-json\/wp\/v2\/categories?post=255320"},{"taxonomy":"post_tag","embeddable":true,"href":"https:\/\/www.europesays.com\/es\/wp-json\/wp\/v2\/tags?post=255320"}],"curies":[{"name":"wp","href":"https:\/\/api.w.org\/{rel}","templated":true}]}}