{"id":255326,"date":"2025-11-25T16:29:18","date_gmt":"2025-11-25T16:29:18","guid":{"rendered":"https:\/\/www.europesays.com\/es\/255326\/"},"modified":"2025-11-25T16:29:18","modified_gmt":"2025-11-25T16:29:18","slug":"jordi-cruyff-cazado-negociando-con-el-ajax-en-el-gran-melia-de-barcelona","status":"publish","type":"post","link":"https:\/\/www.europesays.com\/es\/255326\/","title":{"rendered":"Jordi Cruyff, cazado negociando con el Ajax en el Gran Meli\u00e1 de Barcelona"},"content":{"rendered":"<p data-gtm-element-container=\"modulo-texto-link\" class=\"paragraph\"><strong>Jordi Cruyff<\/strong> se postula como pr\u00f3ximo director t\u00e9cnico de un <strong>Ajax <\/strong>en horas bajas que deambula en la sexta plaza de la Eredivisie sin encontrar un entrenador que d\u00e9 con la tecla. El ex del Bar\u00e7a, de 51 a\u00f1os, fue cazado ayer en una reuni\u00f3n secreta y fugaz con representantes del club de Amsterdam en el Hotel Gran Meli\u00e1 de Barcelona, antiguo Hotel Rey Juan Carlos.\u00a0<\/p>\n<p data-gtm-element-container=\"modulo-texto-link\" class=\"paragraph\">Un neerland\u00e9s que trabaja en Espa\u00f1a capt\u00f3 el momento, lo captur\u00f3 y finalmente mand\u00f3 la instant\u00e1nea al &#8216;De Telegrraf&#8217;, que es quien la ha publicado en las \u00faltimas horas. En la imagen, muy n\u00edtida, se ve a Cruyff hablando con\u00a0Menno Geelen y Marijn Beuker, director general y director deportivo del Ajax, respectivamente. Tambi\u00e9n estaba\u00a0Soufian Asafiati, representante de Jordi Cruyff.<\/p>\n<p>    Lee tambi\u00e9n<\/p>\n<p data-gtm-element-container=\"modulo-texto-link\" class=\"paragraph\">La reuni\u00f3n, en la que se negoci\u00f3 con Cruyff para que sea sucesor de Alex Kroes, dur\u00f3 una hora y ninguno de los presentes quiso desvelar lo que se habl\u00f3.\u00a0Al ser preguntado, Geelen s\u00ed confirm\u00f3 la reuni\u00f3n. \u00abEs cierto que estamos trabajando en proyectos importantes. Lo comentaremos cuando tengamos novedades. A\u00fan no es el caso\u00bb. Cruyff tambi\u00e9n decidi\u00f3 guardar silencio. \u00abNo es momento de decir nada\u00bb.<\/p>\n","protected":false},"excerpt":{"rendered":"Jordi Cruyff se postula como pr\u00f3ximo director t\u00e9cnico de un Ajax en horas bajas que deambula en la&hellip;\n","protected":false},"author":2,"featured_media":255327,"comment_status":"","ping_status":"","sticky":false,"template":"","format":"standard","meta":{"footnotes":""},"categories":[268],"tags":[168,25,24,280,282,281,23,167],"class_list":{"0":"post-255326","1":"post","2":"type-post","3":"status-publish","4":"format-standard","5":"has-post-thumbnail","7":"category-futbol","8":"tag-deportes","9":"tag-es","10":"tag-espana","11":"tag-football","12":"tag-futbol","13":"tag-soccer","14":"tag-spain","15":"tag-sports"},"share_on_mastodon":{"url":"https:\/\/pubeurope.com\/@es\/115611288688497755","error":""},"_links":{"self":[{"href":"https:\/\/www.europesays.com\/es\/wp-json\/wp\/v2\/posts\/255326","targetHints":{"allow":["GET"]}}],"collection":[{"href":"https:\/\/www.europesays.com\/es\/wp-json\/wp\/v2\/posts"}],"about":[{"href":"https:\/\/www.europesays.com\/es\/wp-json\/wp\/v2\/types\/post"}],"author":[{"embeddable":true,"href":"https:\/\/www.europesays.com\/es\/wp-json\/wp\/v2\/users\/2"}],"replies":[{"embeddable":true,"href":"https:\/\/www.europesays.com\/es\/wp-json\/wp\/v2\/comments?post=255326"}],"version-history":[{"count":0,"href":"https:\/\/www.europesays.com\/es\/wp-json\/wp\/v2\/posts\/255326\/revisions"}],"wp:featuredmedia":[{"embeddable":true,"href":"https:\/\/www.europesays.com\/es\/wp-json\/wp\/v2\/media\/255327"}],"wp:attachment":[{"href":"https:\/\/www.europesays.com\/es\/wp-json\/wp\/v2\/media?parent=255326"}],"wp:term":[{"taxonomy":"category","embeddable":true,"href":"https:\/\/www.europesays.com\/es\/wp-json\/wp\/v2\/categories?post=255326"},{"taxonomy":"post_tag","embeddable":true,"href":"https:\/\/www.europesays.com\/es\/wp-json\/wp\/v2\/tags?post=255326"}],"curies":[{"name":"wp","href":"https:\/\/api.w.org\/{rel}","templated":true}]}}