{"id":255340,"date":"2025-11-25T16:38:18","date_gmt":"2025-11-25T16:38:18","guid":{"rendered":"https:\/\/www.europesays.com\/es\/255340\/"},"modified":"2025-11-25T16:38:18","modified_gmt":"2025-11-25T16:38:18","slug":"el-efecto-del-jersey-rojo-el-truco-de-estilo-mas-buscado-del-otono-moda-s-moda","status":"publish","type":"post","link":"https:\/\/www.europesays.com\/es\/255340\/","title":{"rendered":"El efecto del jersey rojo, el truco de estilo m\u00e1s buscado del oto\u00f1o | Moda | S Moda"},"content":{"rendered":"<p class=\"\">En las semanas en las que las grandes marcas de moda <a href=\"https:\/\/elpais.com\/smoda\/pasarelas\/\" target=\"_self\" rel=\"nofollow noopener\" title=\"https:\/\/elpais.com\/smoda\/pasarelas\/\">presentan sus colecciones<\/a> para las pr\u00f3ximas temporadas ocurre un fen\u00f3meno curioso. Alrededor de los desfiles y presentaciones se puede palpar el pulso de la gente que trabaja en el mundillo: basta con observar a editoras, periodistas, compradoras y agentes para capturar la \u00faltima tendencia, el gesto definitivo de estilo que las define como personas que entienden de moda. Este puede ser algo tan sencillo como una manera de llevar una prenda, un color o un patr\u00f3n, y esta temporada hay un truco de estilismo que cumple los tres checks: un jersey rojo intenso atado a la cintura o cruzado sobre los hombros. <\/p>\n<p class=\"\">Este look surgi\u00f3 el pasado agosto en la Semana de la Moda de Oslo, una cita fuera de las grandes ligas, pero dentro del circuito de las tendencias urbanas gracias al gran poder prescriptor de las escandinavas. All\u00ed fue la influencer Tine Andrea Lauvli quien anud\u00f3 un su\u00e9ter color escarlata a la cintura de sus vaqueros anchos, en un gesto tan pr\u00e1ctico ante lo incierto del verano n\u00f3rdico como efectista: a\u00f1ad\u00eda un pop de color imposible de esquivar. La foto qued\u00f3 para siempre en el archivo de street style de la semana.<\/p>\n<p class=\"\">Un peque\u00f1o salto en el tiempo nos lleva hasta la Semana de la Moda de Nueva York. Aqu\u00ed el gesto volvi\u00f3 a captar el inter\u00e9s de los fot\u00f3grafos urbanos: la directora editorial Sarah Harris apareci\u00f3 un d\u00eda con un jersey rojo brillante cruzado sobre una camiseta blanca, y casi en paralelo, la creadora de contenido Grece Ghanem -que debe su fama en redes sociales a su estilo personal, pero tambi\u00e9n a su perfil at\u00edpico: una microbi\u00f3loga de 60 a\u00f1os que cautiva a las marcas de moda- se puso otro para marcar cintura sobre un vestido rosa de Tibi. En una entrevista para la revista de <a href=\"https:\/\/www.net-a-porter.com\/en-us\/porter\/article-7d8bd3a9fa98478a\/fashion\/art-of-style\/grece-ghanem\" target=\"_self\" rel=\"nofollow noopener\" title=\"https:\/\/www.net-a-porter.com\/en-us\/porter\/article-7d8bd3a9fa98478a\/fashion\/art-of-style\/grece-ghanem\">Net-\u00e0-Porter<\/a>, Grece cuenta que para ella \u201cno se trata de una tendencia, sino de una actitud\u201d y que \u201cse trata de que la prenda me d\u00e9 seguridad, alegr\u00eda y me haga brillar\u201d.<\/p>\n<p><img decoding=\"auto\" class=\"_re lazyload a_m-v\" height=\"621\"  width=\"414\"  src=\"https:\/\/www.europesays.com\/es\/wp-content\/uploads\/2025\/11\/R6FJF36E2ZHA3LHQ3PKVKG6WEU.jpg\" loading=\"lazy\"\/>Grece Ghanem combinando un vestido rosa con un jersey rojo durante la semana de la moda de Nueva York.Christian Vierig (Getty Images)<\/p>\n<p class=\"\">El respaldo definitivo al jersey rojo anudado fue, posiblemente, ver a la nueva directora de Vogue -o, mejor dicho, la nueva \u2018jefa de contenido\u2019 de la cabecera, sucesora de Anna Wintour e hija de Candice Bergen y Louis Malle- Chloe Malle llegando a un desfile de Mugler en Par\u00eds con un su\u00e9ter despreocupadamente colocado sobre los hombros de su camisa floreada. Algunas marcas nicho ya hab\u00edan coqueteado con la idea de atar un jersey rojo sobre estilismos que a priori no habr\u00edamos pensado, como la dise\u00f1adora irlandesa afincada en Nueva York Mar\u00eda McManus en su colecci\u00f3n Resort 2026, o Loewe en su propuesta para la primavera del a\u00f1o que viene.<\/p>\n<p><img decoding=\"auto\" class=\"_re lazyload a_m-v\" height=\"621\"  width=\"414\"  src=\"https:\/\/www.europesays.com\/es\/wp-content\/uploads\/2025\/11\/C27JJG54XRB57IOHF3OBMSJJLY.jpg\" loading=\"lazy\"\/>Chloe Malle siguiendo tambi\u00e9n la tendencia del jersey rojo.Valentina Frugiuele (Getty Images)<\/p>\n<p class=\"\">Y poco despu\u00e9s, ya entrados en el oto\u00f1o, el jersey rojo de cuello redondo y manga larga empieza a manifestarse por todas partes y en todo rango de precios: en la misma temporada podemos comprarlo en <a href=\"https:\/\/www.zara.com\/es\/es\/jersey-con-lana-cuerpo-capa-p03920968.html\" rel=\"nofollow noopener\" target=\"_blank\">Zara<\/a>, en <a href=\"https:\/\/www.arket.com\/es-es\/product\/alpaca-wool-blend-jumper-red-1248555023\/\" rel=\"nofollow noopener\" target=\"_blank\">Arket<\/a>, en <a href=\"https:\/\/www.net-a-porter.com\/en-es\/shop\/product\/rohe\/clothing\/round-neck\/oversized-wool-blend-sweater\/46376663162944909\" rel=\"nofollow noopener\" target=\"_blank\">R\u00f3he<\/a>, en <a href=\"https:\/\/www.cos.com\/es-es\/women\/womenswear\/knitwear\/crewneck\/product\/cashmere-crew-neck-jumper-red-1288193004\" rel=\"nofollow noopener\" target=\"_blank\">COS<\/a>, en <a href=\"https:\/\/www.uniqlo.com\/es\/es\/products\/E480026-000\/00?colorDisplayCode=15&amp;sizeDisplayCode=003\" rel=\"nofollow noopener\" target=\"_blank\">Uniqlo<\/a>, en <a href=\"https:\/\/www.net-a-porter.com\/en-es\/shop\/product\/khaite\/clothing\/round-neck\/margaux-oversized-cashmere-sweater\/46376663162958248\" rel=\"nofollow noopener\" target=\"_blank\">Khaite<\/a> o en <a href=\"https:\/\/www.therow.com\/es-es\/products\/leora-top-red\" rel=\"nofollow noopener\" target=\"_blank\">The Row<\/a>, por citar algunas de las marcas m\u00e1s influyentes en el estilo urbano.<\/p>\n<p class=\"\">Los tonos rojos se han asociado siempre con emociones intensas, desde la pasi\u00f3n hasta el poder. Lo dec\u00eda Gabrielle Chanel en una de sus memoradas frases: \u201cEl rojo es el color de la vida, del amor y de la sangre. Es el color de la pasi\u00f3n\u201d.<\/p>\n<p><img decoding=\"auto\" class=\"_re lazyload a_m-v\" height=\"622\"  width=\"414\"  src=\"https:\/\/www.europesays.com\/es\/wp-content\/uploads\/2025\/11\/WYPBFYWJDJCTXN3CBZYLELDHQM.jpg\" loading=\"lazy\"\/>Una de las invitadas a la semana de la moda de Nueva York con jersey rojo anudado a la cintura.Edward Berthelot (Getty Images)<\/p>\n<p class=\"\">Existe, es m\u00e1s, un fen\u00f3meno llamado \u201cla corbata de poder\u201d, seg\u00fan el cual una corbata roja transmite una imagen de mayor confianza y capacidad en entornos corporativos. El power tie se consolid\u00f3 en los a\u00f1os 80, cuando la imagen profesional empez\u00f3 a entenderse como una herramienta estrat\u00e9gica de liderazgo y aqu\u00ed el rojo funcionaba como un s\u00edmbolo visual de autoridad, confianza y determinaci\u00f3n. No es casualidad que Donald Trump, Ronald Reagan o Bill Clinton convirtieran la corbata roja en su sello visual durante discursos clave.<\/p>\n<p><img decoding=\"auto\" class=\"_re lazyload a_m-v\" height=\"623\"  width=\"414\"  src=\"https:\/\/www.europesays.com\/es\/wp-content\/uploads\/2025\/11\/BRTRVAHOLZHSNJYJLJREVBU4HQ.jpg\" loading=\"lazy\"\/>El toque maestro para alegrar un look de primeras poco interesante est\u00e1 en el jersey rojo.Raimonda Kulikauskiene (Getty Images)<\/p>\n<p class=\"\">El jersey rojo, por su parte, habla de pertenencia a otro grupo, el de las que \u201csaben de moda\u201d, que conocen perfectamente el color de la temporada y que, adem\u00e1s, dominan el arte de incorporarlo de una manera aparentemente desenfadada, como si la tendencia que est\u00e1n construyendo al llevarlo no fuera con ellas.<\/p>\n<p><img decoding=\"auto\" class=\"_re lazyload a_m-v\" height=\"621\"  width=\"414\"  src=\"https:\/\/www.europesays.com\/es\/wp-content\/uploads\/2025\/11\/SVUJPDXAJRG7HLLS54SSKNXQVE.jpg\" loading=\"lazy\"\/>Una invitada a la semana de la moda de Par\u00eds con jersey rojo. Edward Berthelot (Getty Images)<\/p>\n<p class=\"\">As\u00ed que, si notas que tu look es demasiado neutro y le falta algo, considera arrojarte un jersey rojo por encima, as\u00ed un poco de cualquier manera, como si no hubieras pensado el potente se\u00f1uelo estil\u00edstico que es.<\/p>\n<p><img decoding=\"auto\" class=\"_re lazyload a_m-v\" height=\"621\"  width=\"414\"  src=\"https:\/\/www.europesays.com\/es\/wp-content\/uploads\/2025\/11\/VPAJ2KHYP5GYTJKI6XOBDA7AM4.jpg\" loading=\"lazy\"\/>Sarah Harris, con jersey rojo anudado entre el cuello y la axila.Edward Berthelot (Getty Images)<\/p>\n","protected":false},"excerpt":{"rendered":"En las semanas en las que las grandes marcas de moda presentan sus colecciones para las pr\u00f3ximas temporadas&hellip;\n","protected":false},"author":2,"featured_media":255341,"comment_status":"","ping_status":"","sticky":false,"template":"","format":"standard","meta":{"footnotes":""},"categories":[91],"tags":[4593,146,147,25,24,1023,5518,23,2922],"class_list":{"0":"post-255340","1":"post","2":"type-post","3":"status-publish","4":"format-standard","5":"has-post-thumbnail","7":"category-entretenimiento","8":"tag-compras","9":"tag-entertainment","10":"tag-entretenimiento","11":"tag-es","12":"tag-espana","13":"tag-moda","14":"tag-ropa","15":"tag-spain","16":"tag-tendencias"},"share_on_mastodon":{"url":"https:\/\/pubeurope.com\/@es\/115611324650546781","error":""},"_links":{"self":[{"href":"https:\/\/www.europesays.com\/es\/wp-json\/wp\/v2\/posts\/255340","targetHints":{"allow":["GET"]}}],"collection":[{"href":"https:\/\/www.europesays.com\/es\/wp-json\/wp\/v2\/posts"}],"about":[{"href":"https:\/\/www.europesays.com\/es\/wp-json\/wp\/v2\/types\/post"}],"author":[{"embeddable":true,"href":"https:\/\/www.europesays.com\/es\/wp-json\/wp\/v2\/users\/2"}],"replies":[{"embeddable":true,"href":"https:\/\/www.europesays.com\/es\/wp-json\/wp\/v2\/comments?post=255340"}],"version-history":[{"count":0,"href":"https:\/\/www.europesays.com\/es\/wp-json\/wp\/v2\/posts\/255340\/revisions"}],"wp:featuredmedia":[{"embeddable":true,"href":"https:\/\/www.europesays.com\/es\/wp-json\/wp\/v2\/media\/255341"}],"wp:attachment":[{"href":"https:\/\/www.europesays.com\/es\/wp-json\/wp\/v2\/media?parent=255340"}],"wp:term":[{"taxonomy":"category","embeddable":true,"href":"https:\/\/www.europesays.com\/es\/wp-json\/wp\/v2\/categories?post=255340"},{"taxonomy":"post_tag","embeddable":true,"href":"https:\/\/www.europesays.com\/es\/wp-json\/wp\/v2\/tags?post=255340"}],"curies":[{"name":"wp","href":"https:\/\/api.w.org\/{rel}","templated":true}]}}