{"id":255361,"date":"2025-11-25T16:54:17","date_gmt":"2025-11-25T16:54:17","guid":{"rendered":"https:\/\/www.europesays.com\/es\/255361\/"},"modified":"2025-11-25T16:54:17","modified_gmt":"2025-11-25T16:54:17","slug":"barcelona-abrira-balcones-en-10-feas-paredes-medianeras-en-2026-y-preve-reducir-al-minimo-las-restantes-antes-de-2035","status":"publish","type":"post","link":"https:\/\/www.europesays.com\/es\/255361\/","title":{"rendered":"Barcelona abrir\u00e1 balcones en 10 feas paredes medianeras en 2026 y prev\u00e9 reducir al m\u00ednimo las restantes antes de 2035"},"content":{"rendered":"<p class=\"ft-text ft-helper-closenews\">Barcelona ser\u00e1 la Capital Mundial de la Arquitectura en 2026 y, m\u00e1s all\u00e1 de todas las actividades culturales, conferencias y visitas a espacios habitualmente inaccesibles previstas para el pr\u00f3ximo a\u00f1o, un aperitivo de la herencia que esa cita dejar\u00e1 en la ciudad es <strong>a\u00fan visitable en una exposici\u00f3n que hasta el 14 de diciembre alberga la antigua sede de la Editorial Gustau Gili<\/strong>, en el n\u00famero 89 de la calle de Rossell\u00f3. Se muestran all\u00ed <strong>10 paredes medianeras de Barcelona<\/strong>, esa suerte de errores de programaci\u00f3n urban\u00edstica que tan a menudo <strong>afean el paisaje de la ciudad<\/strong>, que ser\u00e1n literalmente <strong>convertidas en fachadas<\/strong>.<\/p>\n<p class=\"ft-text\">El Ayuntamiento de Barcelona <a class=\"ft-link ft-link--decoration\" href=\"https:\/\/www.elperiodico.com\/es\/barcelona\/20240611\/barcelona-concurso-internacional-arquitectos-paredes-medianeras-103633318\" rel=\"nofollow noopener\" target=\"_blank\">convoc\u00f3 internacional de ideas<\/a> para que j\u00f3venes arquitectos presentaran sus propuestas y, atenci\u00f3n al dato, <a class=\"ft-link ft-link--decoration\" href=\"https:\/\/www.elperiodico.com\/es\/barcelona\/20241003\/barcelona-premia-propuestas-concurso-arquitectos-jovenes-medianeras-108879750\" rel=\"nofollow noopener\" target=\"_blank\">se recibieron m\u00e1s de 350 proyectos de m\u00e1s de 50 pa\u00edses<\/a>. En el almac\u00e9n lateral de esa joya del racionalismo que es la Gustau Gili se exhiben los proyectos ganadores, tambi\u00e9n los que quedaron en segundo y tercer lugar y, sobre todo, se vislumbra lo que ser\u00e1 el antes y el despu\u00e9s de esas intervenciones.<\/p>\n<p>300 medianeras visibles en Barcelona<\/p>\n<p class=\"ft-text\">En la esquina de las calles de N\u00e0pols y Ausi\u00e0s March desembocan los restos del trazado de la antigua carretera de Horta, el sendero que antes de Ildefons Cerd\u00e0 un\u00eda la Barcelona amurallada con las mas\u00edas de lo que hoy es la parte alta del paseo de Maragall. Aquel pasaje que secciona longitudinalmente la manzana es un <strong>interior de manzana<\/strong> no hace mucho remozado, pero <strong>lo que llama la atenci\u00f3n en el acceso desde la calle de Ausi\u00e0s March es la brutal pared de ladrillo <\/strong>que da la bienvenida a los visitantes. Es la espalda de la finca del n\u00famero 103 de la calle de N\u00e0pols.<\/p>\n<p><img decoding=\"async\" src=\"https:\/\/www.europesays.com\/es\/wp-content\/uploads\/2025\/11\/ce82b457-c3ea-451c-94bb-7fa791c07f9d_alta-libre-aspect-ratio_default_0.jpg\" width=\"1200\" height=\"900\" alt=\"La 'espalda' del 103 de la calle de N\u00e0pols, triste acceso a un interior de manzana, que renacer\u00e1 con balcones en 2026.\" class=\"ft-helper-img-rd\" loading=\"lazy\"\/><\/p>\n<p class=\"ft-helper-fontColor-quaternary ft-helper-fontSize-body-S ft-helper-spacer-t-xxs\">La &#8216;espalda&#8217; del 103 de la calle de N\u00e0pols, triste acceso a un interior de manzana, que renacer\u00e1 con balcones en 2026.  \/ A. de Sanjuan<\/p>\n<p class=\"ft-text\">Las medianeras, tal y como explica la arquitecta en jefe de la ciudad <strong>Maria Buhigas<\/strong>, jam\u00e1s se levantaron con la intenci\u00f3n de que fueran permanentes. Eran <strong>paisajes provisionales a la espera de que una nueva finca colindante se acoplara a ellas<\/strong>, pero, por mil razones urban\u00edsticas, <strong>eso no lleg\u00f3 a suceder<\/strong>, en este caso de Ausi\u00e0s March con N\u00e0pols, porque la antigua carretera de Horta se acord\u00f3 que era un vestigio del pasado a conservar.<\/p>\n<p><img decoding=\"async\" src=\"https:\/\/www.europesays.com\/es\/wp-content\/uploads\/2025\/11\/0447d94d-724f-4fdd-a1cb-6297abadb4e2_alta-libre-aspect-ratio_default_0.jpg\" width=\"1200\" height=\"1200\" alt=\"La medianera de N\u00e0pols 103, tal y como est\u00e1 previsto que renazca en 2026.\" class=\"ft-helper-img-rd\" loading=\"lazy\"\/><\/p>\n<p class=\"ft-helper-fontColor-quaternary ft-helper-fontSize-body-S ft-helper-spacer-t-xxs\">La medianera de N\u00e0pols 103, tal y como est\u00e1 previsto que renazca en 2026.  \/ A. de B.<\/p>\n<p class=\"ft-text\">Las cifras quitan el hipo. <strong>Hay unas 6.000 paredes medianeras en la ciudad, unas 300 totalmente visibles <\/strong>desde la calle. Son cicatrices que con distintas estrategias se han ido maquillando desde hace a\u00f1os. En 1992, un caso muy conocido, se intervino en una gigantesca pared medianera de la <strong>plaza de Pablo Neruda<\/strong> dentro de la campa\u00f1a municipal <strong>\u2018Barcelona posa\u2019t guapa\u2019.<\/strong> Desde entonces, es un mural c\u00e9lebre, Balcons de Barcelona, en el que 26 personajes de la historia de la ciudad se asoman a unos falsos balcones. Es un colosal y result\u00f3n trampantojo.<\/p>\n<p><img decoding=\"async\" src=\"https:\/\/www.europesays.com\/es\/wp-content\/uploads\/2025\/11\/e8076fac-38bf-4f54-a66a-281bca41102a_alta-libre-aspect-ratio_default_0.jpg\" width=\"1200\" height=\"800\" alt=\"'Balcons de Barcelona', una medianera de la ciudad mejorada con un trampantojo.\" class=\"ft-helper-img-rd\" loading=\"lazy\"\/><\/p>\n<p class=\"ft-helper-fontColor-quaternary ft-helper-fontSize-body-S ft-helper-spacer-t-xxs\">&#8216;Balcons de Barcelona&#8217;, una medianera de la ciudad mejorada con un trampantojo.  \/ MANU MITRU<\/p>\n<p class=\"ft-text\">Hace siete a\u00f1os, en lo que es otro precedente rese\u00f1able\u2019, se transform\u00f3 una anodina pared de la <strong>plaza de las Dones del 36<\/strong>, en Gr\u00e0cia, en <strong>un estupendo jard\u00edn vertical<\/strong> que no solo aporta vegetaci\u00f3n en un barrio muy carente de ella, sino que, adem\u00e1s, tiene el m\u00e9rito de que las plantas, a poco que uno se fija, componen la <strong>imagen de Marina Ginest\u00e0<\/strong>, la miliciana de la ic\u00f3nica foto de la Guerra Civil en Barcelona.<\/p>\n<p><img decoding=\"async\" src=\"https:\/\/www.europesays.com\/es\/wp-content\/uploads\/2025\/11\/323e05e9-eed9-4fdc-865e-c7ae14ae2f81_alta-libre-aspect-ratio_default_0.jpg\" width=\"1200\" height=\"800\" alt=\"Una pared medianera de la calle de Espronceda, selecionada para su transformaci\u00f3n.\" class=\"ft-helper-img-rd\" loading=\"lazy\"\/><\/p>\n<p class=\"ft-helper-fontColor-quaternary ft-helper-fontSize-body-S ft-helper-spacer-t-xxs\">Una pared medianera de la calle de Espronceda, selecionada para su transformaci\u00f3n.  \/ A. de B.<\/p>\n<p>Objetivo: cero medianeras a la vista en 2035<\/p>\n<p class=\"ft-text\">La exposici\u00f3n de la Gustau Gili y, en consecuencia, lo que se pretende llevar a cabo en 2026 va mucho m\u00e1s all\u00e1 de esos dos ejemplos citados. El objetivo es <strong>que esas paredes medianeras sean verdaderamente fachadas<\/strong> y para ello est\u00e1 previsto <strong>abrir balcones y ventanas<\/strong> ah\u00ed donde ahora solo hay tochos. Ser\u00e1 una<strong> decisi\u00f3n particular de cada uno de los vecinos si desea esa apertura<\/strong> a la luz del sol, pero la reforma de la medianera <strong>se lo permitir\u00e1 a todos<\/strong>.<\/p>\n<p><img decoding=\"async\" src=\"https:\/\/www.europesays.com\/es\/wp-content\/uploads\/2025\/11\/bdb12d00-02a3-4d9d-93d3-41d791606297_alta-libre-aspect-ratio_default_0.jpg\" width=\"1200\" height=\"1020\" alt=\"La pared medianera de la calle Espronceda, en una imagen virtual de su aspecto renovado.\" class=\"ft-helper-img-rd\" loading=\"lazy\"\/><\/p>\n<p class=\"ft-helper-fontColor-quaternary ft-helper-fontSize-body-S ft-helper-spacer-t-xxs\">La pared medianera de la calle Espronceda, en una imagen virtual de su aspecto renovado.  \/ A. de B.<\/p>\n<p class=\"ft-text\">Tal y como subrayan Buhigas y la teniente de alcalde Laia Bonet, el proyecto no es solo est\u00e9tico, algo por si solo ya bastante importante. El jurado ha premiado aquellas ideas que resolv\u00edan el encaje de <strong>placas fotovoltaicas, una mejora del aislamiento t\u00e9rmico y ac\u00fastico de las viviendas, la instalaci\u00f3n de vegetaci\u00f3n<\/strong>, el aprovechamiento de las aguas pluviales para el riego y, la guinda ya perfecta, <strong>un tipo de arquitectura que facilite la nidificaci\u00f3n de los p\u00e1jaros aut\u00f3ctonos de Barcelona<\/strong>, v\u00edctimas de una \u2018gentrificaci\u00f3n\u2019 desde hace d\u00e9cadas por la construcci\u00f3n de edificios hostiles para la cr\u00eda de polluelos.<\/p>\n<p class=\"ft-text\">Durante 2026 y tras negociaciones con los vecinos de las fincas agraciadas, que no siempre han sido f\u00e1ciles, se ejecutar\u00e1n 10 proyectos ganadores, uno por distrito. Podr\u00e1 parecer una cifra min\u00fascula de cu\u00e1ntas paredes medianeras hay en la ciudad, pero, seg\u00fan Buhigas, los resultados pueden ser lo suficientemente llamativos como para que se acelere el proceso de m\u00e1s transformaciones y <strong>cara al a\u00f1o 2030 o 2035 hayan desaparecido pr\u00e1cticamente todas estas cicatrices de la ciudad.<\/strong><\/p>\n<p data-close=\"closedContent\" class=\"subscribeHideForDisplay\">Suscr\u00edbete para seguir leyendo<\/p>\n","protected":false},"excerpt":{"rendered":"Barcelona ser\u00e1 la Capital Mundial de la Arquitectura en 2026 y, m\u00e1s all\u00e1 de todas las actividades culturales,&hellip;\n","protected":false},"author":2,"featured_media":255362,"comment_status":"","ping_status":"","sticky":false,"template":"","format":"standard","meta":{"footnotes":""},"categories":[173],"tags":[5287,12624,801,229,233,231,230,13383,210,232,234,146,147,25,24,41881,23],"class_list":{"0":"post-255361","1":"post","2":"type-post","3":"status-publish","4":"format-standard","5":"has-post-thumbnail","7":"category-arte-y-diseno","8":"tag-5287","9":"tag-abrira","10":"tag-arquitectura","11":"tag-arte","12":"tag-arte-y-diseno","13":"tag-arts","14":"tag-arts-and-design","15":"tag-balcones","16":"tag-barcelona","17":"tag-design","18":"tag-diseno","19":"tag-entertainment","20":"tag-entretenimiento","21":"tag-es","22":"tag-espana","23":"tag-feas","24":"tag-spain"},"share_on_mastodon":{"url":"https:\/\/pubeurope.com\/@es\/115611387396845674","error":""},"_links":{"self":[{"href":"https:\/\/www.europesays.com\/es\/wp-json\/wp\/v2\/posts\/255361","targetHints":{"allow":["GET"]}}],"collection":[{"href":"https:\/\/www.europesays.com\/es\/wp-json\/wp\/v2\/posts"}],"about":[{"href":"https:\/\/www.europesays.com\/es\/wp-json\/wp\/v2\/types\/post"}],"author":[{"embeddable":true,"href":"https:\/\/www.europesays.com\/es\/wp-json\/wp\/v2\/users\/2"}],"replies":[{"embeddable":true,"href":"https:\/\/www.europesays.com\/es\/wp-json\/wp\/v2\/comments?post=255361"}],"version-history":[{"count":0,"href":"https:\/\/www.europesays.com\/es\/wp-json\/wp\/v2\/posts\/255361\/revisions"}],"wp:featuredmedia":[{"embeddable":true,"href":"https:\/\/www.europesays.com\/es\/wp-json\/wp\/v2\/media\/255362"}],"wp:attachment":[{"href":"https:\/\/www.europesays.com\/es\/wp-json\/wp\/v2\/media?parent=255361"}],"wp:term":[{"taxonomy":"category","embeddable":true,"href":"https:\/\/www.europesays.com\/es\/wp-json\/wp\/v2\/categories?post=255361"},{"taxonomy":"post_tag","embeddable":true,"href":"https:\/\/www.europesays.com\/es\/wp-json\/wp\/v2\/tags?post=255361"}],"curies":[{"name":"wp","href":"https:\/\/api.w.org\/{rel}","templated":true}]}}