{"id":255400,"date":"2025-11-25T17:23:11","date_gmt":"2025-11-25T17:23:11","guid":{"rendered":"https:\/\/www.europesays.com\/es\/255400\/"},"modified":"2025-11-25T17:23:11","modified_gmt":"2025-11-25T17:23:11","slug":"la-variante-k-adelanta-la-temporada-de-gripe-en-europa-aunque-la-vacuna-evitara-lo-peor-esto-se-sabe-por-ahora","status":"publish","type":"post","link":"https:\/\/www.europesays.com\/es\/255400\/","title":{"rendered":"La &#8216;variante K&#8217; adelanta la temporada de gripe en Europa aunque la vacuna evitar\u00e1 lo peor: esto se sabe por ahora"},"content":{"rendered":"<p>El <a href=\"https:\/\/www.ecdc.europa.eu\/en\/publications-data\/threat-assessment-brief-assessing-risk-influenza-november-2025\" target=\"_blank\" rel=\"noreferrer noopener nofollow\">Centro de Control de Enfermedades de Europa (ECDC)<\/a> ha advertido de que, con toda probabilidad, la temporada de<strong> gripe se adelantar\u00e1 <\/strong>en el continente de la mano de una especie de <strong>subvariante del tipo A conocida como subclado K. <\/strong>El ECDC urge a la <strong>vacunaci\u00f3n<\/strong> entre las poblaciones de mayor riesgo para evitar la enfermedad grave, ya que la formulaci\u00f3n que ya se est\u00e1 inyectando en los pa\u00edses europeos (incluida Espa\u00f1a) seguramente vea reducida su eficacia para evitar el contagio.<\/p>\n<p>\u00bfQu\u00e9 tiene de especial la variante K de la gripe A y de d\u00f3nde ha salido?<\/p>\n<p>No es un virus nuevo. Es el conocido virus de la influeza A (que en origen fue aviar, de ah\u00ed a A) subtipo <strong>H3N2<\/strong>. Sin embargo, seg\u00fan explica a Newtral.es el profesor de Microbiolog\u00eda <a href=\"https:\/\/produccioncientifica.usal.es\/investigadores\/57121\/detalle\" target=\"_blank\" rel=\"noreferrer noopener nofollow\">Ra\u00fal Rivas (USal)<\/a>, el conocido como \u201dsubclado K  (que empez\u00f3 a circular el pasado invierno austral) muestra un n\u00famero de <strong>mutaciones sustancialmente mayor<\/strong> que el observado en la evoluci\u00f3n de temporadas anteriores\u201d.<\/p>\n<p>Seg\u00fan el ECDC, el virus A(H3N2) \u2013al margen de la variante K\u2013 no ha sido el predominante en las \u00faltimas temporadas, lo que podr\u00eda provocar una disminuci\u00f3n de la inmunidad en <strong>poblaciones sin exposici\u00f3n reciente.<\/strong><\/p>\n<p>\u00bfViene una fuerte ola de gripe?<\/p>\n<p>Los datos que maneja el ECDC apuntan a que s\u00ed. Pero \u201dpersiste la <strong>incertidumbre<\/strong> sobre el impacto en la salud p\u00fablica de la pr\u00f3xima temporada de gripe\u201d, ha explicado el jefe de Virus Respiratorios de este organismo, Edoardo Colzani. \u201cEl ECDC se est\u00e1 preparando para el escenario de que Europa se enfrente a una temporada de<strong> gripe m\u00e1s grave que las anteriores<\/strong>, especialmente si la cobertura de vacunaci\u00f3n es baja\u201d.<\/p>\n<p>Con brotes tempranos en Jap\u00f3n y Reino Unido, lo que s\u00ed parece claro es que este a\u00f1o la gripe estacional <strong>no esperar\u00e1 a despu\u00e9s de Navidad,<\/strong> como ocurre muchas veces, tras la vuelta al cole y el trabajo. El ECDC no ha registrado incrementos notables a\u00fan, pero sus modelos anticipan el arranque epid\u00e9mico \u201cunas cuatro semanas respecto a lo normal (prepandemia)\u201d. O sea, que la ola de gripe K podr\u00eda llegar en diciembre.<\/p>\n<p>\u00bfQu\u00e9 sintomas da la gripe con la llamada variante K?<\/p>\n<p>Fuera de los casos que requieran hospitalizaci\u00f3n (por neumon\u00eda, inflamaci\u00f3n severa, etc.), <strong>no hay datos sobre s\u00edntomas espec\u00edficos <\/strong>de esta gripe de variante K que la hagan muy distinta de cualquiera otra A(H3N2): fiebre superior a 38\u00baC, escalofr\u00edos, tos, dolor muscular, etc. Desde la SEIMC, el especialista en Microbiolog\u00eda del Hospital Nuestra Sra. de Candelaria (Santa Cruz de Tenerife) <a href=\"https:\/\/www.linkedin.com\/in\/diego-garc%C3%ADa-mart%C3%ADnez-de-artola-6360955a\/\" rel=\"nofollow noopener\" target=\"_blank\">Diego Garc\u00eda Mart\u00ednez de Artola<\/a> va m\u00e1s all\u00e1: \u201cLos s\u00edntomas gripales<strong> var\u00edan mucho de una persona a otra<\/strong>. No hay un rasgo claro por el tipo de mutaciones o clado\u201d.<\/p>\n<p>Como <a href=\"https:\/\/www.newtral.es\/gripe-b-ola-temporada-insolita-virus-respiratorios\/20230307\/\" target=\"_blank\" rel=\"noreferrer noopener nofollow\">explicaba a Newtral.es la doctora \u00c1ngela Dom\u00ednguez (UB), <\/a>a veces se atribuyen a la gripe B unos s\u00edntomas algo m\u00e1s livianos. Pero, en general, son similares en todos los subtipos y depende de cada paciente. Muchas veces, son indistinguibles de los de una covid, si bien suelen ser m\u00e1s duraderos y de aparici\u00f3n s\u00fabita, pese a tener la gripe un mayor periodo de incubaci\u00f3n. \u201cA veces, una gripe B leve se puede confundir con un catarro; del mismo modo que puede requerir ingreso hospitalario\u201d, ilustra Garc\u00eda Mart\u00ednez de Artola .<\/p>\n<p>\u00bfProvoca una enfermedad m\u00e1s grave?<\/p>\n<p>Parece que <strong>s\u00ed, pero no es alarmante. <\/strong>Desde la Asociaci\u00f3n Espa\u00f1ola de Vacunolog\u00eda, su presidente <a href=\"https:\/\/vacunas.org\/jaime-perez-presidente-de-la-asociacion-espanola-de-vacunologia-las-vacunas-son-un-derecho-pero-tambien-un-deber-para-la-sociedad\/\" target=\"_blank\" rel=\"noreferrer noopener nofollow\">Jaime P\u00e9rez<\/a> recuerda que todas las gripes A(H3N2) \u201cson complicadas, pueden producir m\u00e1s gravedad, sobre todo el poblaci\u00f3n mayor\u201d, independientemente de si pertenecen o no al subclado K de la gripe. Lo que ocurre es que esta tiene una serie de mutaciones que s\u00ed que, a nivel microbiol\u00f3gico, quiz\u00e1s puedan provocar m\u00e1s complicaciones. Aunque \u201ca\u00fan no est\u00e1 del todo claro\u201d el mecanismo espec\u00edfico, de haberlo, precisa el microbi\u00f3logo Garc\u00eda Mart\u00ednez de Artola.<\/p>\n<p>Por otro lado, el hecho de que parece estar adelant\u00e1ndose la ola de gripe \u201c<strong>nos pilla con peor cobertura vacunal<\/strong>\u201d lo que se refleja en mayor impacto hospitalario en la mayor\u00eda de ocasiones. Rivas advierte que \u201cincluso si el riesgo individual fuera similar al de a\u00f1os anteriores, una epidemia mayor, impulsada por una menor inmunidad a la infecci\u00f3n, podr\u00eda resultar en un mayor n\u00famero absoluto de hospitalizaciones y una mayor presi\u00f3n sobre los servicios de salud\u201d.<\/p>\n<p>\u00bfFunciona la vacuna de este a\u00f1o?<\/p>\n<p><strong>S\u00ed, pero algo menos. <\/strong>\u201cEstudios microbiol\u00f3gicos muestran que hay cierto nivel de escape vacunal\u201d, es decir, para un cierto n\u00famero de personas la protecci\u00f3n va a ser poca. Pero, como ocurre con casi todas las vacunas de gripe o covid, \u201csigue siendo fundamental la vacunaci\u00f3n para evitar la enfermedad grave y la muerte, en la mayor\u00eda de casos\u201d, recuerda el doctor P\u00e9rez.<\/p>\n<p><a href=\"https:\/\/www.eurosurveillance.org\/content\/10.2807\/1560-7917.ES.2025.30.46.2500854\" target=\"_blank\" rel=\"noreferrer noopener nofollow\">Datos reci\u00e9n publicados de una primera ola de gripe <\/a>con la variante K en Reino Unido muestran que la vacuna <strong>reduce un 40% los ingresos <\/strong>hospitalarios cuando una persona mayor (de 60 a\u00f1os) se contagia \u2013lo habitual var\u00eda entre el 50% y 60%\u2013. Esta cifra de protecci\u00f3n aumenta hasta el 75% en infancia y adolescencia. As\u00ed que la recomendaci\u00f3n es \u201cque se vacune cuanto antes quien est\u00e9 entre los grupos de poblaci\u00f3n a quien se indica la vacuna contra la gripe\u201d cada temporada.<\/p>\n<p>\u00bfY si ya me he contagiado, puedo volver a contraer gripe m\u00e1s adelante?<\/p>\n<p>S\u00ed. Esto es distinto a la covid, en que es muy raro volver a contagiarse en la misma temporada. Ahora parece arrancar una primera ola, pero como es anterior al par\u00f3n navide\u00f1o,<strong> es posible que haya una segunda ola<\/strong> m\u00e1s adelante. Esta puede venir impulsada por otro tipo o variante de gripe. As\u00ed que \u201csi alguien pasa ahora la gripe sin haberse vacunado, que lo haga (si est\u00e1 entre el grupo de poblaci\u00f3n indicado)\u201d, se\u00f1ala P\u00e9rez.<\/p>\n<p>Estoy entre los grupos de riesgo, \u00bfme vacuno antes de gripe o covid?<\/p>\n<p>Hay varios grupos de poblaci\u00f3n a los que, conforme al plan de vacunaci\u00f3n de cada comunidad aut\u00f3noma, se indican las vacunaciones contra la gripe estacional y la covid. En general se suele recomendar <strong>ponerse ambas vacunas en la misma visita al centro de salud.<\/strong> Pero si se quieren espaciar, \u201cprimero la de gripe este a\u00f1o, dada la situaci\u00f3n\u201d con este posible adelanto epid\u00e9mico con la variante K.<\/p>\n<p>Vacunaci\u00f3n antigripe 2025<\/p>\n<p>    \u00bfMe corresponde la vacuna de la gripe?<\/p>\n<p class=\"nv-subtitle\">\n      Escribe tu situaci\u00f3n o condici\u00f3n (\u201ctengo 65 a\u00f1os\u201d,<br \/>\n      \u201ctrabajo en escuela infantil\u201d, etc.).\n    <\/p>\n<p>      \ud83d\udd0d\n    <\/p>\n<p class=\"nv-vacuna-gripe-helper\">\n      Esta herramienta es orientativa y se basa en criterios generales. No sustituye la valoraci\u00f3n<br \/>\n      de tu <strong>profesional sanitario<\/strong>. Consulta la <a href=\"https:\/\/www.sanidad.gob.es\/areas\/promocionPrevencion\/vacunaciones\/gripe_covid19\/docs\/RecomendacionesVacunacion_Gripe-Covid19.pdf\" target=\"_blank\" rel=\"noopener nofollow\">Gu\u00eda de Sanidad<\/a> para los detalles y matices.\n    <\/p>\n<p>\u00bfTiene la variante K algo que ver con los brotes de gripe aviar?<\/p>\n<p>Las gripes que est\u00e1n <a href=\"https:\/\/www.newtral.es\/gripe-aviar-espana-aves-sacrificadas-vacas\/20250929\/\" target=\"_blank\" rel=\"noreferrer noopener nofollow\">arrasando explotaciones ganaderas y aves salvajes desde hace casi tres a\u00f1os<\/a> no son del tipo A(H3N2). Son dos subtipos <strong>no adaptados a la propagaci\u00f3n entre humanos: A(H5N1) y A(H5N5),<\/strong> aunque se est\u00e1 progagando limitadamente entre algunos mam\u00edferos.<\/p>\n<blockquote class=\"wp-block-quote is-layout-flow wp-block-quote-is-layout-flow\">\n<p style=\"font-size:18px;font-style:normal;font-weight:300\"><a href=\"https:\/\/www.bmj.com\/content\/391\/bmj.r2480\" target=\"_blank\" rel=\"noreferrer noopener nofollow\"><strong>La muerte de una persona<\/strong> por gripe aviar H5N5<\/a> no tiene nada que ver con la variante K. Es el caso de una persona en EE.UU. con patolog\u00edas previas que se expuso a animales contagiados (no se lo transmiti\u00f3 otro humano, lo cual ser\u00eda muy preocupante). Es el primer caso documentado de infecci\u00f3n mortal en una persona con H5N5, un virus esencialmente aviar.<\/p>\n<\/blockquote>\n<p>\u201dEn los humanos, los responsables de causar los brotes de gripe estacional son los  A(H1N1) y A(H3N2) o los pat\u00f3genos de la influenza B\u201d. En<a href=\"https:\/\/www.newtral.es\/gripe-b-ola-temporada-insolita-virus-respiratorios\/20230307\/\" target=\"_blank\" rel=\"noreferrer noopener nofollow\"> 2022-23 hubo una doble ola con A y con B.<\/a><\/p>\n","protected":false},"excerpt":{"rendered":"El Centro de Control de Enfermedades de Europa (ECDC) ha advertido de que, con toda probabilidad, la temporada&hellip;\n","protected":false},"author":2,"featured_media":255401,"comment_status":"","ping_status":"","sticky":false,"template":"","format":"standard","meta":{"footnotes":""},"categories":[92],"tags":[119,25,24,40150,165,166,1811,23],"class_list":{"0":"post-255400","1":"post","2":"type-post","3":"status-publish","4":"format-standard","5":"has-post-thumbnail","7":"category-salud","8":"tag-ciencia","9":"tag-es","10":"tag-espana","11":"tag-gripe-a","12":"tag-health","13":"tag-salud","14":"tag-sanidad","15":"tag-spain"},"share_on_mastodon":{"url":"https:\/\/pubeurope.com\/@es\/115611500906596628","error":""},"_links":{"self":[{"href":"https:\/\/www.europesays.com\/es\/wp-json\/wp\/v2\/posts\/255400","targetHints":{"allow":["GET"]}}],"collection":[{"href":"https:\/\/www.europesays.com\/es\/wp-json\/wp\/v2\/posts"}],"about":[{"href":"https:\/\/www.europesays.com\/es\/wp-json\/wp\/v2\/types\/post"}],"author":[{"embeddable":true,"href":"https:\/\/www.europesays.com\/es\/wp-json\/wp\/v2\/users\/2"}],"replies":[{"embeddable":true,"href":"https:\/\/www.europesays.com\/es\/wp-json\/wp\/v2\/comments?post=255400"}],"version-history":[{"count":0,"href":"https:\/\/www.europesays.com\/es\/wp-json\/wp\/v2\/posts\/255400\/revisions"}],"wp:featuredmedia":[{"embeddable":true,"href":"https:\/\/www.europesays.com\/es\/wp-json\/wp\/v2\/media\/255401"}],"wp:attachment":[{"href":"https:\/\/www.europesays.com\/es\/wp-json\/wp\/v2\/media?parent=255400"}],"wp:term":[{"taxonomy":"category","embeddable":true,"href":"https:\/\/www.europesays.com\/es\/wp-json\/wp\/v2\/categories?post=255400"},{"taxonomy":"post_tag","embeddable":true,"href":"https:\/\/www.europesays.com\/es\/wp-json\/wp\/v2\/tags?post=255400"}],"curies":[{"name":"wp","href":"https:\/\/api.w.org\/{rel}","templated":true}]}}