{"id":255414,"date":"2025-11-25T17:39:08","date_gmt":"2025-11-25T17:39:08","guid":{"rendered":"https:\/\/www.europesays.com\/es\/255414\/"},"modified":"2025-11-25T17:39:08","modified_gmt":"2025-11-25T17:39:08","slug":"el-betis-vestira-en-el-derbi-con-su-primera-equipacion","status":"publish","type":"post","link":"https:\/\/www.europesays.com\/es\/255414\/","title":{"rendered":"El Betis vestir\u00e1 en el derbi con su primera equipaci\u00f3n"},"content":{"rendered":"<p style=\"\">El <strong>Betis<\/strong> vestir\u00e1 en el <strong>derbi<\/strong> con la primera equipaci\u00f3n. Camiseta con rayas verdes y blancas, calz\u00f3n negro y medias verdes. No deber\u00eda ser noticia para un duelo de estas caracter\u00edsticas dado que es la ropa habitual con la que juega este tipo  &#8230; de partidos ante el Sevilla en el estadio Ram\u00f3n <strong>S\u00e1nchez-Pizju\u00e1n<\/strong> pero el cercano precedente en Mestalla con la negativa del kit selector de LaLiga a permitir que los heliopolitanos jugaran as\u00ed contra el Valencia motiv\u00f3 esta preocupaci\u00f3n que ya est\u00e1 resuelta.<\/p>\n<p class=\"voc-p\" style=\"\">Ocurre que <strong>en Valencia el Betis tuvo que salir con la camiseta negra de la tercera equipaci\u00f3n<\/strong> y con las calzonas blancas alternativas dado que LaLiga no permiti\u00f3 que ante un equipo que viste con camiseta blanca y calz\u00f3n negro fueran los verdiblancos con la parte de arriba verdiblanca y el pantal\u00f3n blanco. Eso hac\u00eda ver que en el derbi pod\u00eda haber una situaci\u00f3n inc\u00f3moda y que el Betis no pudiera jugar este duelo de m\u00e1xima rivalidad con el color verde en su ropa como ha hecho durante toda su historia.<\/p>\n<p class=\"voc-p\" style=\"\">Cabe recordar que en los dos \u00faltimos a\u00f1os, al ser la primera equipaci\u00f3n b\u00e9tica algo m\u00e1s blanca que en este curso, <strong>tuvo que vestir \u00edntegramente de verde<\/strong>. Lo hizo en la 2023-24 con la segunda equipaci\u00f3n de ese a\u00f1o y tuvo que repetir con la misma ropa en la 2024-25 dado que entre las disponibles de ese curso no hab\u00eda opciones aceptables con verde para salir en Nervi\u00f3n.<\/p>\n<p><img decoding=\"async\" loading=\"lazy\" src=\"https:\/\/www.europesays.com\/es\/wp-content\/uploads\/2025\/11\/once-betis-mestalla-U30433138806SgL-760x427@diario_abc.jpg\" class=\"voc-img\" width=\"760\" height=\"427\" alt=\"La equipaci\u00f3n del Betis en Mestalla ante el Valencia\" data-voc-vtm-id=\"in-text-traffic\"\/><\/p>\n<p>La equipaci\u00f3n del Betis en Mestalla ante el Valencia<\/p>\n<p class=\"voc-p\" style=\"\">La cuesti\u00f3n era si el kit selector iba a poner los mismos problemas que en Mestalla ante otro rival con camiseta blanca y es que la segunda ropa b\u00e9tica es celeste, y tampoco fue aprobada ante el Valencia por su cercan\u00eda crom\u00e1tica al blanco. Las conversaciones previas entre las partes han dejado claro que Sevilla y Betis pueden jugar con sus primeras equipaciones este domingo y as\u00ed suceder\u00e1 a partir de las 16.15 en Nervi\u00f3n.<\/p>\n<p class=\"voc-p\" style=\"\">De esta forma, el Betis resuelve una de las dudas para el derbi ante el Sevilla y jugar\u00e1 con su primera equipaci\u00f3n de este curso que es con camiseta verdiblanca y pantal\u00f3n negro, tal y como ha jugado en el S\u00e1nchez-Pizju\u00e1n y en otros campos como el Bernab\u00e9u en la mayor parte de los encuentros oficiales que ha disputado en su historia.<\/p>\n","protected":false},"excerpt":{"rendered":"El Betis vestir\u00e1 en el derbi con la primera equipaci\u00f3n. Camiseta con rayas verdes y blancas, calz\u00f3n negro&hellip;\n","protected":false},"author":2,"featured_media":255415,"comment_status":"","ping_status":"","sticky":false,"template":"","format":"standard","meta":{"footnotes":""},"categories":[268],"tags":[291,168,18298,15820,25,24,280,282,1078,281,23,167,7563],"class_list":{"0":"post-255414","1":"post","2":"type-post","3":"status-publish","4":"format-standard","5":"has-post-thumbnail","7":"category-futbol","8":"tag-betis","9":"tag-deportes","10":"tag-derbi","11":"tag-equipacion","12":"tag-es","13":"tag-espana","14":"tag-football","15":"tag-futbol","16":"tag-primera","17":"tag-soccer","18":"tag-spain","19":"tag-sports","20":"tag-vestira"},"share_on_mastodon":{"url":"https:\/\/pubeurope.com\/@es\/115611564036012576","error":""},"_links":{"self":[{"href":"https:\/\/www.europesays.com\/es\/wp-json\/wp\/v2\/posts\/255414","targetHints":{"allow":["GET"]}}],"collection":[{"href":"https:\/\/www.europesays.com\/es\/wp-json\/wp\/v2\/posts"}],"about":[{"href":"https:\/\/www.europesays.com\/es\/wp-json\/wp\/v2\/types\/post"}],"author":[{"embeddable":true,"href":"https:\/\/www.europesays.com\/es\/wp-json\/wp\/v2\/users\/2"}],"replies":[{"embeddable":true,"href":"https:\/\/www.europesays.com\/es\/wp-json\/wp\/v2\/comments?post=255414"}],"version-history":[{"count":0,"href":"https:\/\/www.europesays.com\/es\/wp-json\/wp\/v2\/posts\/255414\/revisions"}],"wp:featuredmedia":[{"embeddable":true,"href":"https:\/\/www.europesays.com\/es\/wp-json\/wp\/v2\/media\/255415"}],"wp:attachment":[{"href":"https:\/\/www.europesays.com\/es\/wp-json\/wp\/v2\/media?parent=255414"}],"wp:term":[{"taxonomy":"category","embeddable":true,"href":"https:\/\/www.europesays.com\/es\/wp-json\/wp\/v2\/categories?post=255414"},{"taxonomy":"post_tag","embeddable":true,"href":"https:\/\/www.europesays.com\/es\/wp-json\/wp\/v2\/tags?post=255414"}],"curies":[{"name":"wp","href":"https:\/\/api.w.org\/{rel}","templated":true}]}}