{"id":255418,"date":"2025-11-25T17:41:06","date_gmt":"2025-11-25T17:41:06","guid":{"rendered":"https:\/\/www.europesays.com\/es\/255418\/"},"modified":"2025-11-25T17:41:06","modified_gmt":"2025-11-25T17:41:06","slug":"premio-internacional-aqtuitectura-arquitectura-de-castellon-conquista-europa-con-dos-premios-internacionales","status":"publish","type":"post","link":"https:\/\/www.europesays.com\/es\/255418\/","title":{"rendered":"PREMIO INTERNACIONAL AQTUITECTURA | Arquitectura de Castell\u00f3n conquista Europa con dos premios internacionales"},"content":{"rendered":"<p class=\"ft-text ft-helper-closenews\">Proyectos de arquitectura de Castell\u00f3n, a lo largo de los \u00faltimos a\u00f1os, han ido ganando espacio en el mapa nacional gracias a su innovaci\u00f3n y respeto por el entorno. Uno de los m\u00faltiples ejemplos lo encontramos en la pasarela <strong>Una l\u00ednea sobre el Cervol<\/strong>, ubicada en Vinar\u00f2s y dise\u00f1ada por <strong>SBP Ingenieros y Burgos &amp; Garrido Arquitectos<\/strong>, que el pasado mes de julio se alz\u00f3 con <a class=\"ft-link ft-link--decoration\" href=\"https:\/\/www.elperiodicomediterraneo.com\/comarcas\/2025\/07\/03\/pasarela-castellon-revoluciona-arquitectura-espanola-premio-habitat-arte-vinaros-119334415.html\" rel=\"nofollow noopener\" target=\"_blank\">el Premio H\u00e1bitat en los prestigiosos Premios Arquitectura 2025<\/a>, organizados por el <strong>Consejo Superior de los Colegios de Arquitectos de Espa\u00f1a (CSCAE)<\/strong>.<\/p>\n<p class=\"ft-text\">Pero el talento castellonense no se detiene en el \u00e1mbito nacional. El <strong>estudio<\/strong> <strong>ondense pepelacruzarch<\/strong>, liderado por el arquitecto <strong>Pepe Lacruz Vela<\/strong>, ha alcanzado reconocimiento internacional al ser galardonado con <strong>dos primeros premios internacionales en<\/strong> <a class=\"ft-link ft-link--decoration\" href=\"https:\/\/www.europan-europe.eu\/media\/default\/0001\/32\/e18_results_list_17_11_25_pdf.pdf\" rel=\"nofollow noopener\" target=\"_blank\">la prestigiosa convocatoria Europan 18<\/a>. Sus propuestas se centran en proyectos urbanos desarrollados <strong>en dos ciudades europeas<\/strong>: <strong>Zagreb, en Croacia, y Karlstad, en <\/strong><a class=\"ft-link ft-link--decoration\" href=\"https:\/\/www.elperiodicomediterraneo.com\/tags\/suecia\/\" target=\"_blank\" rel=\"nofollow noopener\"><strong>Suecia<\/strong><\/a>. Los proyectos han sido desarrollados en colaboraci\u00f3n con los estudios taller CRAC, en <a class=\"ft-link ft-link--decoration\" href=\"https:\/\/www.elperiodicomediterraneo.com\/tags\/madrid-2\/\" target=\"_blank\" rel=\"nofollow noopener\">Madrid<\/a> (Zagreb), y Estudio Sanga, en Pamplona (Karlstad).<\/p>\n<p class=\"ft-text\">Con estos premios, el estudio de <a class=\"ft-link ft-link--decoration\" href=\"https:\/\/www.elperiodicomediterraneo.com\/castello\/onda\/\" target=\"_blank\" rel=\"nofollow noopener\">Onda<\/a> se consolida como uno de los estudios con mayor n\u00famero de reconocimientos en la historia del certamen. En esta edici\u00f3n, Europan 18 recibi\u00f3 804 propuestas presentadas en emplazamientos de toda Europa.<\/p>\n<p>Transformaci\u00f3n de la periferia <\/p>\n<p class=\"ft-text\"> The Common Green para <strong>Zagreb, Croacia<\/strong>, plantea la transformaci\u00f3n de la periferia en <strong>un barrio sostenible con 300 viviendas, corredores verdes y espacios p\u00fablicos<\/strong> que priorizan la movilidad peatonal. Concretamente, el concepto central del proyecto es utilizar la naturaleza como infraestructura, de modo que corredores verdes, jardines y espacios abiertos estructuren el crecimiento urbano y favorezcan un entorno m\u00e1s saludable, biodiverso y cohesionado.<\/p>\n<p><img decoding=\"async\" src=\"https:\/\/www.europesays.com\/es\/wp-content\/uploads\/2025\/11\/f95a9d7f-1c5f-4b37-afc9-438112574091_alta-libre-aspect-ratio_default_0.jpg\" width=\"1200\" height=\"675\" alt=\"La propuesta premiada en Zagreb, titulada \u201cThe Common Green\u201d, plantea transformar la periferia de la ciudad en un barrio sostenible compuesto por peque\u00f1as comunidades conectadas entre s\u00ed.\" class=\"ft-helper-img-rd\" loading=\"lazy\"\/><\/p>\n<p class=\"ft-helper-fontColor-quaternary ft-helper-fontSize-body-S ft-helper-spacer-t-xxs\">La propuesta premiada en Zagreb, titulada \u201cThe Common Green\u201d, plantea transformar la periferia de la ciudad en un barrio sostenible compuesto por peque\u00f1as comunidades conectadas entre s\u00ed.  \/ pepelacruzarch &amp; Taller CRAC<\/p>\n<p class=\"ft-text\">El plan contempla <strong>300 viviendas<\/strong> organizadas en agrupaciones con aparcamientos subterr\u00e1neos compartidos, liberando la superficie de tr\u00e1fico rodado y<strong> priorizando la movilidad peatonal<\/strong>. Las viviendas se orientan para optimizar la luz natural, la ventilaci\u00f3n cruzada y la relaci\u00f3n con el paisaje, mientras que los locales comerciales en planta baja activan la vida cotidiana del barrio. <strong>Un gran parque al sur, una plaza p\u00fablica al norte y un corredor verde central<\/strong> vertebran los principales espacios de encuentro.<\/p>\n<p class=\"ft-text\"><strong>La construcci\u00f3n se basa en sistemas sostenibles de madera prefabricada<\/strong>, que reducen el impacto ambiental y permiten una evoluci\u00f3n flexible de los edificios. La variedad tipol\u00f3gica y la adaptabilidad del dise\u00f1o favorecen modos de vida diversos y un crecimiento progresivo y org\u00e1nico del barrio. En su conjunto, el proyecto ofrece un modelo urbano replicable, que <strong>integra naturaleza, vivienda y comunidad<\/strong> para crear un entorno m\u00e1s resiliente y habitable.<\/p>\n<p><img decoding=\"async\" src=\"https:\/\/www.europesays.com\/es\/wp-content\/uploads\/2025\/11\/29d0fbc6-8fbc-4540-8608-e08f2de652c6_alta-libre-aspect-ratio_default_0.jpg\" width=\"1200\" height=\"876\" alt=\"Un gran parque al sur, una plaza p\u00fablica al norte y un corredor verde central vertebran los principales espacios de encuentro.\" class=\"ft-helper-img-rd\" loading=\"lazy\"\/><\/p>\n<p class=\"ft-helper-fontColor-quaternary ft-helper-fontSize-body-S ft-helper-spacer-t-xxs\">Un gran parque al sur, una plaza p\u00fablica al norte y un corredor verde central vertebran los principales espacios de encuentro.  \/ pepelacruzarch &amp; Taller CRAC<\/p>\n<p>De 111 hectareas industriales a barrio sostenible con viviendas de madera<\/p>\n<p class=\"ft-text\">Por su parte, Hej V\u00e5xn\u00e4s! para la ciudad de <strong>Karlstad, Suecia<\/strong>, propone reconvertir 111 hect\u00e1reas industriales en un barrio sostenible con <strong>110.000 m\u00b2 de viviendas de madera<\/strong>, la ampliaci\u00f3n del espacio p\u00fablico y la incorporaci\u00f3n de nuevos equipamientos deportivos, culturales y comunitarios que refuercen la identidad de barrio.<\/p>\n<p><img decoding=\"async\" src=\"https:\/\/www.europesays.com\/es\/wp-content\/uploads\/2025\/11\/be6c7bfa-0d28-4e5c-bd42-6b243eb3125e_alta-libre-aspect-ratio_default_0.jpg\" width=\"1200\" height=\"675\" alt=\"El plan para la ciudad sueca prev\u00e9 la creaci\u00f3n de 110.000 m\u00b2 de vivienda en madera.\" class=\"ft-helper-img-rd\" loading=\"lazy\"\/><\/p>\n<p class=\"ft-helper-fontColor-quaternary ft-helper-fontSize-body-S ft-helper-spacer-t-xxs\">El plan para la ciudad sueca prev\u00e9 la creaci\u00f3n de 110.000 m\u00b2 de vivienda en madera.  \/ pepelacruzarch &amp;Estudio Sanga<\/p>\n<p class=\"ft-text\">Asimismo, <strong>recupera parte de las estructuras industriales existentes para destinarlas a espacios de trabajo colaborativo<\/strong>, innovaci\u00f3n y actividades deportivas, reduciendo el consumo de recursos y preservando la memoria productiva del lugar.<\/p>\n<p class=\"ft-text\">Uno de los ejes principales del proyecto es la <strong>gesti\u00f3n del agua de lluvia<\/strong> mediante soluciones basadas en la naturaleza, incorporando <strong>corredores verdes, jardines de lluvia, humedales urbanos<\/strong> y pavimentos permeables que transforman los problemas actuales de drenaje en una oportunidad para mejorar la biodiversidad y la calidad del espacio p\u00fablico. Adem\u00e1s, la propuesta reorganiza la movilidad para priorizar peatones y ciclistas, conectando de forma eficiente el nuevo barrio con el centro de Karlstad.<\/p>\n<p><img decoding=\"async\" src=\"https:\/\/www.europesays.com\/es\/wp-content\/uploads\/2025\/11\/cd5bc626-4909-41aa-97f2-22344e111db0_alta-libre-aspect-ratio_default_0.jpg\" width=\"1200\" height=\"1678\" alt=\"El proyecto \u201cHej V\u00e5xn\u00e4s!\u201d para la ciudad sueca de Karlstad propone la transformaci\u00f3n de un \u00e1rea industrial de 111 hect\u00e1reas en un barrio sostenible, saludable y conectado con el paisaje natural.\" class=\"ft-helper-img-rd\" loading=\"lazy\"\/><\/p>\n<p class=\"ft-helper-fontColor-quaternary ft-helper-fontSize-body-S ft-helper-spacer-t-xxs\">El proyecto \u201cHej V\u00e5xn\u00e4s!\u201d para la ciudad sueca de Karlstad propone la transformaci\u00f3n de un \u00e1rea industrial de 111 hect\u00e1reas en un barrio sostenible, saludable y conectado con el paisaje natural.  \/ pepelacruzarch &amp;Estudio Sanga<\/p>\n<p>Tres fases<\/p>\n<p class=\"ft-text\">El plan se estructura en tres fases \u2014Reactivar, Reintegrar y Reconectar\u2014 que permiten una transformaci\u00f3n progresiva, combinando intervenciones r\u00e1pidas con inversiones estrat\u00e9gicas a largo plazo. <strong>En las pr\u00f3ximas <\/strong><strong>semanas<\/strong><strong>, <\/strong><strong>Hej V\u00e5xn\u00e4s<\/strong><strong>! ser\u00e1 presentado oficialmente a autoridades locales, promotores y ciudadan\u00eda<\/strong> durante el D\u00eda de la Construcci\u00f3n de Karlstad, un evento anual donde se revisan los proyectos m\u00e1s relevantes del municipio.<\/p>\n<p class=\"ft-text\">Ambos proyectos son el resultado de un trabajo riguroso y un an\u00e1lisis profundo del urbanismo contempor\u00e1neo, que sit\u00faa la mirada en los retos del futuro. Reflejan c\u00f3mo m\u00faltiples ciudades europeas est\u00e1n apostando por soluciones innovadoras que responden a las necesidades actuales y <strong>anticipan nuevas formas de vivir y habitar el espacio urbano<\/strong>, a diferencia de lo que se hace en la mayor\u00eda de las ciudades, que no se tiene una visi\u00f3n futura del urbanismo, con actuaciones aisladas sin una idea clara.<\/p>\n<p data-close=\"closedContent\" class=\"subscribeHideForDisplay\">Suscr\u00edbete para seguir leyendo<\/p>\n","protected":false},"excerpt":{"rendered":"Proyectos de arquitectura de Castell\u00f3n, a lo largo de los \u00faltimos a\u00f1os, han ido ganando espacio en el&hellip;\n","protected":false},"author":2,"featured_media":255419,"comment_status":"","ping_status":"","sticky":false,"template":"","format":"standard","meta":{"footnotes":""},"categories":[173],"tags":[801,229,233,231,230,3965,7312,232,234,146,147,25,24,700,1816,8137,1409,3144,532,23,5002],"class_list":{"0":"post-255418","1":"post","2":"type-post","3":"status-publish","4":"format-standard","5":"has-post-thumbnail","7":"category-arte-y-diseno","8":"tag-arquitectura","9":"tag-arte","10":"tag-arte-y-diseno","11":"tag-arts","12":"tag-arts-and-design","13":"tag-castellon","14":"tag-comarcas","15":"tag-design","16":"tag-diseno","17":"tag-entertainment","18":"tag-entretenimiento","19":"tag-es","20":"tag-espana","21":"tag-europa","22":"tag-innovacion","23":"tag-movilidad","24":"tag-naturaleza","25":"tag-onda","26":"tag-premios","27":"tag-spain","28":"tag-viviendas"},"share_on_mastodon":{"url":"","error":""},"_links":{"self":[{"href":"https:\/\/www.europesays.com\/es\/wp-json\/wp\/v2\/posts\/255418","targetHints":{"allow":["GET"]}}],"collection":[{"href":"https:\/\/www.europesays.com\/es\/wp-json\/wp\/v2\/posts"}],"about":[{"href":"https:\/\/www.europesays.com\/es\/wp-json\/wp\/v2\/types\/post"}],"author":[{"embeddable":true,"href":"https:\/\/www.europesays.com\/es\/wp-json\/wp\/v2\/users\/2"}],"replies":[{"embeddable":true,"href":"https:\/\/www.europesays.com\/es\/wp-json\/wp\/v2\/comments?post=255418"}],"version-history":[{"count":0,"href":"https:\/\/www.europesays.com\/es\/wp-json\/wp\/v2\/posts\/255418\/revisions"}],"wp:featuredmedia":[{"embeddable":true,"href":"https:\/\/www.europesays.com\/es\/wp-json\/wp\/v2\/media\/255419"}],"wp:attachment":[{"href":"https:\/\/www.europesays.com\/es\/wp-json\/wp\/v2\/media?parent=255418"}],"wp:term":[{"taxonomy":"category","embeddable":true,"href":"https:\/\/www.europesays.com\/es\/wp-json\/wp\/v2\/categories?post=255418"},{"taxonomy":"post_tag","embeddable":true,"href":"https:\/\/www.europesays.com\/es\/wp-json\/wp\/v2\/tags?post=255418"}],"curies":[{"name":"wp","href":"https:\/\/api.w.org\/{rel}","templated":true}]}}