{"id":255420,"date":"2025-11-25T17:43:11","date_gmt":"2025-11-25T17:43:11","guid":{"rendered":"https:\/\/www.europesays.com\/es\/255420\/"},"modified":"2025-11-25T17:43:11","modified_gmt":"2025-11-25T17:43:11","slug":"andres-viaja-a-tenerife-a-hablar-con-la-madre-de-gabriel","status":"publish","type":"post","link":"https:\/\/www.europesays.com\/es\/255420\/","title":{"rendered":"Andr\u00e9s viaja a Tenerife a hablar con la madre de Gabriel"},"content":{"rendered":"<p>En el cap\u00edtulo de hoy de<b> Sue\u00f1os de libertad<\/b>&#8230;<\/p>\n<p><b>Joaqu\u00edn <\/b>sigue preocupado por la salud de <b>Gema<\/b>, pero ella ha tratado de tranquilizarle: \u201cEst\u00e1 todo controlado con la medicaci\u00f3n\u201d.<\/p>\n<p>Por otra parte, <b>Cristina <\/b>le ha contado a <b>Luis <\/b>como Brossard<b><a title=\" les ha copiado descaradamente la f\u00f3rmula del perfume que hab\u00edan creado\" href=\"https:\/\/www.antena3.com\/series\/suenos-de-libertad\/avances\/avance-proximo-capitulo-luis-descubre-que-brossard-quiere-comercializar-perfume-que-crearon-cobeaga_202511246924823a8080bd5ad622b557.html\" target=\"_blank\" rel=\"nofollow noopener\"> les ha copiado descaradamente la f\u00f3rmula del perfume que hab\u00edan creado<\/a><\/b>, \u201csupongo que pensaban que no nos \u00edbamos a dar cuenta\u201d.<\/p>\n<p>Adem\u00e1s, <b>Gabriel<\/b> le ha puesto en aviso a <b>Marta<\/b> de la cr\u00edtica situaci\u00f3n de la empresa. Sobre el proyecto de reconstrucci\u00f3n de la caldera tras la fat\u00eddica explosi\u00f3n, el director de Perfumer\u00edas Brossard de la Reina comenta: \u201cO pagamos la multa o nos deniegan el permiso de obras\u201d. Y lo m\u00e1s preocupante de todo\u2026 \u00a1ya las han empezado!<\/p>\n<p>Por su parte, <b>Bego\u00f1a<\/b> le cuenta a <b>Luz <\/b>como no puede evitar sentirse algo culpable por los sentimientos que despierta en Andr\u00e9s.<\/p>\n<p>A su vez, Digna anima a su hijo <b>Luis<\/b> a quedarse en la empresa, pero \u00e9l no sabe como hacerse valer m\u00e1s. Por su parte, Dami\u00e1n tiene un tenso encontronazo con Mar\u00eda despu\u00e9s de la partida de Andr\u00e9s: \u201cmi hijo se ha ido por que t\u00fa eres incapaz de hacerle feliz\u201d.<\/p>\n<p>Y es que el <b>De la Reina<\/b> se ha presentado en Tenerife para hablar con la madre de Gabriel, <b>Delia M\u00e1rquez<\/b>. El detective privado <b>Amador Rojas<\/b> le proporcion\u00f3 su paradero y tras una precipitada salida de Toledo\u2026 \u00a1all\u00ed que se ha presentado!<\/p>\n<p>\u00bfSu misi\u00f3n? Encontrar pruebas que incriminen a su primo Gabriel y demostrar que sus sospechas no son cosa de imaginaci\u00f3n ni de celos. \u00bfLo conseguir\u00e1 el joven De la Reina?<\/p>\n<p>Vuelve a ver este capitulazo en <b><a title=\"atresplayer\" href=\"https:\/\/www.atresplayer.com\/antena3\/series\/suenos-de-libertad\/\" rel=\"nofollow noopener\" target=\"_blank\">atresplayer<\/a><\/b>.<\/p>\n","protected":false},"excerpt":{"rendered":"En el cap\u00edtulo de hoy de Sue\u00f1os de libertad&#8230; Joaqu\u00edn sigue preocupado por la salud de Gema, pero&hellip;\n","protected":false},"author":2,"featured_media":255421,"comment_status":"","ping_status":"","sticky":false,"template":"","format":"standard","meta":{"footnotes":""},"categories":[171],"tags":[146,147,25,24,23,214],"class_list":{"0":"post-255420","1":"post","2":"type-post","3":"status-publish","4":"format-standard","5":"has-post-thumbnail","7":"category-tv","8":"tag-entertainment","9":"tag-entretenimiento","10":"tag-es","11":"tag-espana","12":"tag-spain","13":"tag-tv"},"share_on_mastodon":{"url":"https:\/\/pubeurope.com\/@es\/115611579558494404","error":""},"_links":{"self":[{"href":"https:\/\/www.europesays.com\/es\/wp-json\/wp\/v2\/posts\/255420","targetHints":{"allow":["GET"]}}],"collection":[{"href":"https:\/\/www.europesays.com\/es\/wp-json\/wp\/v2\/posts"}],"about":[{"href":"https:\/\/www.europesays.com\/es\/wp-json\/wp\/v2\/types\/post"}],"author":[{"embeddable":true,"href":"https:\/\/www.europesays.com\/es\/wp-json\/wp\/v2\/users\/2"}],"replies":[{"embeddable":true,"href":"https:\/\/www.europesays.com\/es\/wp-json\/wp\/v2\/comments?post=255420"}],"version-history":[{"count":0,"href":"https:\/\/www.europesays.com\/es\/wp-json\/wp\/v2\/posts\/255420\/revisions"}],"wp:featuredmedia":[{"embeddable":true,"href":"https:\/\/www.europesays.com\/es\/wp-json\/wp\/v2\/media\/255421"}],"wp:attachment":[{"href":"https:\/\/www.europesays.com\/es\/wp-json\/wp\/v2\/media?parent=255420"}],"wp:term":[{"taxonomy":"category","embeddable":true,"href":"https:\/\/www.europesays.com\/es\/wp-json\/wp\/v2\/categories?post=255420"},{"taxonomy":"post_tag","embeddable":true,"href":"https:\/\/www.europesays.com\/es\/wp-json\/wp\/v2\/tags?post=255420"}],"curies":[{"name":"wp","href":"https:\/\/api.w.org\/{rel}","templated":true}]}}