{"id":255430,"date":"2025-11-25T17:49:08","date_gmt":"2025-11-25T17:49:08","guid":{"rendered":"https:\/\/www.europesays.com\/es\/255430\/"},"modified":"2025-11-25T17:49:08","modified_gmt":"2025-11-25T17:49:08","slug":"el-grantecan-contara-con-un-nuevo-espectrografo-de-muy-alta-estabilidad-que-une-a-china-y-espana","status":"publish","type":"post","link":"https:\/\/www.europesays.com\/es\/255430\/","title":{"rendered":"El Grantecan contar\u00e1 con un nuevo espectr\u00f3grafo de muy alta estabilidad que une a China y Espa\u00f1a"},"content":{"rendered":"<p class=\"article-text\">\n        Investigadores internacionales participan en la conferencia China\u2013Spain Astronomical Collaboration on High-Resolution Spectroscopy 2025, un encuentro organizado por el Instituto de Astrof\u00edsica de Canarias (IAC) en colaboraci\u00f3n con los National Astronomical Observatories of China (NAOC) y con el equipo del Gran Telescopio Canarias (GTC), informa el Instituto de Astrof\u00edsica de Canarias (IAC). El objetivo del evento es consolidar y reforzar la colaboraci\u00f3n cient\u00edfica entre China y Espa\u00f1a en el \u00e1mbito de la espectroscop\u00eda de alta resoluci\u00f3n, una de las \u00e1reas clave para el estudio de estrellas, galaxias y exoplanetas.\n    <\/p>\n<p class=\"article-text\">\n        La reuni\u00f3n, que se celebra del 24 al 28 de noviembre de 2025 re\u00fane a m\u00e1s de un centenar de expertos de instituciones espa\u00f1olas y chinas, incluyendo IAC, NAOC, Tsinghua University y CAB-INTA, entre otras.\n    <\/p>\n<p class=\"article-text\">\n        <strong>CHORUS: un nuevo instrumento que une a China y Espa\u00f1a<\/strong>\n    <\/p>\n<p class=\"article-text\">\n        Uno de los ejes centrales de la conferencia es el desarrollo del Canary Hybrid Optical high-Resolution Ultra-stable Spectrograph (CHORUS), un nuevo espectr\u00f3grafo de muy alta estabilidad que est\u00e1 siendo desarrollado por NAOC y que ser\u00e1 instalado en el GTC, en el Observatorio del Roque de los Muchachos (La Palma). CHORUS permitir\u00e1 avances decisivos en campos como: la b\u00fasqueda de exoplanetas tipo Tierra mediante medidas de velocidad radial de precisi\u00f3n extrema, el estudio de estrellas antiguas y de los primeros compuestos qu\u00edmicos del Universo y la caracterizaci\u00f3n detallada de la V\u00eda L\u00e1ctea y galaxias cercanas.\n    <\/p>\n<p class=\"article-text\">\n        La conferencia incluye sesiones cient\u00edficas dedicadas a los avances instrumentales del GTC, el estado del proyecto CHORUS y su futuro impacto en la comunidad astron\u00f3mica internacional.\n    <\/p>\n<p>            <img decoding=\"async\" class=\"lazy\" loading=\"lazy\" data-src=\"https:\/\/static.eldiario.es\/clip\/17720033-e489-4f2e-9a20-50b2104d2e01_source-aspect-ratio_default_0.jpg\" src=\"data:image\/svg+xml,%3Csvg xmlns=\" http:=\"\" viewbox=\"0 0 1280 720\" alt=\"Foto grupal en el exterior de IACTEC durante el primer d\u00eda de la conferencia China\u2013Spain Astronomical Collaboration on High-Resolution Spectroscopy 2025.l Collaboration on High-Resolution Spectroscopy 2025 conference.\"\/><\/p>\n<p class=\"article-text\">\n        <strong>Una semana de ciencia: exoplanetas, galaxias, instrumentaci\u00f3n y misiones espaciales<\/strong>\n    <\/p>\n<p class=\"article-text\">\n        Durante la jornada inaugural, tras las palabras de bienvenida de Eva Villaver y la presentaci\u00f3n organizativa a cargo de Jonay I. Gonz\u00e1lez Hern\u00e1ndez (IAC), se celebraron sesiones tem\u00e1ticas centradas en: espectroscop\u00eda de alta resoluci\u00f3n con GTC, la b\u00fasqueda de planetas similares a la Tierra y estudios sobre las primeras estrellas y la arqueolog\u00eda gal\u00e1ctica.\n    <\/p>\n<p class=\"article-text\">\n        En los d\u00edas siguientes, el programa aborda grandes \u00e1reas cient\u00edficas: Exoplanetas, estrellas, galaxias y Grupo Local, misiones espaciales e instrumentaci\u00f3n. Adem\u00e1s, el mi\u00e9rcoles los participantes realizaron una visita al Parque Nacional del Teide y al Observatorio del Teide, una actividad habitual en congresos organizados por el IAC para mostrar los entornos cient\u00edficos y naturales en los que se desarrollan los proyectos astron\u00f3micos del archipi\u00e9lago.\n    <\/p>\n<p class=\"article-text\">\n        <strong>Comit\u00e9 cient\u00edfico internacional<\/strong>\n    <\/p>\n<p class=\"article-text\">\n        El comit\u00e9 cient\u00edfico de la conferencia est\u00e1 presidido por Jonay I. Gonz\u00e1lez Hern\u00e1ndez (IAC) y Haining Li (NAOC), y cuenta con investigadoras e investigadores de instituciones de primer nivel de ambos pa\u00edses, entre ellos Carlos Allende Prieto (IAC), Maria Rosa Zapatero Osorio (CAB-INTA), Sharon Xuesong Wang (Tsinghua University), Giuseppina Battaglia (IAC) y Savita Mathur (IAC).\n    <\/p>\n","protected":false},"excerpt":{"rendered":"Investigadores internacionales participan en la conferencia China\u2013Spain Astronomical Collaboration on High-Resolution Spectroscopy 2025, un encuentro organizado por el&hellip;\n","protected":false},"author":2,"featured_media":255431,"comment_status":"","ping_status":"","sticky":false,"template":"","format":"standard","meta":{"footnotes":""},"categories":[81],"tags":[5593,1615,119,123,124,8705,25,24,64279,13680,40309,524,117,121,122,23,118,120,14874],"class_list":{"0":"post-255430","1":"post","2":"type-post","3":"status-publish","4":"format-standard","5":"has-post-thumbnail","7":"category-ciencia-y-tecnologia","8":"tag-alta","9":"tag-china","10":"tag-ciencia","11":"tag-ciencia-y-tecnologia","12":"tag-cienciaytecnologia","13":"tag-contara","14":"tag-es","15":"tag-espana","16":"tag-espectrografo","17":"tag-estabilidad","18":"tag-grantecan","19":"tag-nuevo","20":"tag-science","21":"tag-science-and-technology","22":"tag-scienceandtechnology","23":"tag-spain","24":"tag-technology","25":"tag-tecnologia","26":"tag-une"},"share_on_mastodon":{"url":"https:\/\/pubeurope.com\/@es\/115611603789164511","error":""},"_links":{"self":[{"href":"https:\/\/www.europesays.com\/es\/wp-json\/wp\/v2\/posts\/255430","targetHints":{"allow":["GET"]}}],"collection":[{"href":"https:\/\/www.europesays.com\/es\/wp-json\/wp\/v2\/posts"}],"about":[{"href":"https:\/\/www.europesays.com\/es\/wp-json\/wp\/v2\/types\/post"}],"author":[{"embeddable":true,"href":"https:\/\/www.europesays.com\/es\/wp-json\/wp\/v2\/users\/2"}],"replies":[{"embeddable":true,"href":"https:\/\/www.europesays.com\/es\/wp-json\/wp\/v2\/comments?post=255430"}],"version-history":[{"count":0,"href":"https:\/\/www.europesays.com\/es\/wp-json\/wp\/v2\/posts\/255430\/revisions"}],"wp:featuredmedia":[{"embeddable":true,"href":"https:\/\/www.europesays.com\/es\/wp-json\/wp\/v2\/media\/255431"}],"wp:attachment":[{"href":"https:\/\/www.europesays.com\/es\/wp-json\/wp\/v2\/media?parent=255430"}],"wp:term":[{"taxonomy":"category","embeddable":true,"href":"https:\/\/www.europesays.com\/es\/wp-json\/wp\/v2\/categories?post=255430"},{"taxonomy":"post_tag","embeddable":true,"href":"https:\/\/www.europesays.com\/es\/wp-json\/wp\/v2\/tags?post=255430"}],"curies":[{"name":"wp","href":"https:\/\/api.w.org\/{rel}","templated":true}]}}